{"id":170495,"date":"2025-10-04T15:29:18","date_gmt":"2025-10-04T15:29:18","guid":{"rendered":"http:\/\/cordobainforma.info\/index.php\/2025\/10\/04\/blooper-de-patricia-bullrich-quiso-averiguar-de-la-extradicion-de-fred-machado-y-se-equivoco-de-diego-iglesias\/"},"modified":"2025-10-04T15:29:18","modified_gmt":"2025-10-04T15:29:18","slug":"blooper-de-patricia-bullrich-quiso-averiguar-de-la-extradicion-de-fred-machado-y-se-equivoco-de-diego-iglesias","status":"publish","type":"post","link":"http:\/\/cordobainforma.info\/index.php\/2025\/10\/04\/blooper-de-patricia-bullrich-quiso-averiguar-de-la-extradicion-de-fred-machado-y-se-equivoco-de-diego-iglesias\/","title":{"rendered":"Blooper de Patricia Bullrich: quiso averiguar de la extradici\u00f3n de Fred Machado y \u00abse equivoc\u00f3 de Diego Iglesias\u00bb"},"content":{"rendered":"<div class=\"media_block\"><\/div>\n<div><img src=\"http:\/\/cordobainforma.info\/wp-content\/uploads\/2025\/10\/blooper-de-patricia-bullrich-quiso-averiguar-de-la-extradicion-de-fred-machado-y-se-equivoco-de-diego-iglesias.jpg\" class=\"ff-og-image-inserted\"><\/div>\n<p>La ministra <strong>Patricia Bullrich<\/strong> est\u00e1 <a target=\"_blank\" href=\"https:\/\/www.perfil.com\/noticias\/politica\/en-sus-idas-y-vueltas-bullrich-volvio-a-presionar-a-espert-sobre-su-vinculo-con-machado-tiene-que-volver-a-los-medios-y-contestar-claro.phtml\" rel=\"noopener noreferrer\">entre las voces m\u00e1s cr\u00edticas <\/a>en relaci\u00f3n a los d\u00f3lares cobrados por <strong>Jos\u00e9 Luis Espert<\/strong> al empresario<strong> <\/strong><a target=\"_blank\" href=\"https:\/\/www.perfil.com\/noticias\/politica\/no-es-de-miami-el-origen-de-fred-machado-en-un-barrio-popular-de-chubut.phtml\" rel=\"noopener noreferrer\"><strong>Fred Machado<\/strong>, preso por narcotr\u00e1fico<\/a>, y este s\u00e1bado el periodista <strong>Diego Iglesias<\/strong> cont\u00f3 un ins\u00f3lito blooper de la integrante del Gabinete, que sirve para mostrar<strong> el grado de tensi\u00f3n<\/strong> que se vive en LLA por la candidatura de Esper,<a target=\"_blank\" href=\"https:\/\/www.perfil.com\/noticias\/politica\/horas-dramaticas-milei-no-cede-a-la-presion-para-bajarlo-y-por-ahora-sostendra-a-espert.phtml\" rel=\"noopener noreferrer\"> defendida a rajatabla por el presidente Javier Milei contra todos los que lo cuestionan.<\/a><\/p>\n<p>Iglesias revelo c\u00f3mo la funcionaria buscaba informaci\u00f3n \u00abde primerqa mano\u00bb sobre c\u00f3mo ven\u00eda el tr\u00e1mite judicial de <a target=\"_blank\" href=\"https:\/\/www.perfil.com\/noticias\/politica\/se-suspendio-la-extradicion-de-fred-machado-a-estados-unidos-tras-una-presentacion-de-su-defensa.phtml\" rel=\"noopener noreferrer\">la causa que puede terminar con Machado extraditado a los Estados Unidos.<\/a><\/p>\n<p>Pero el error de Bullrich fue casi risible:<strong> <\/strong><strong>quiso llamar a Diego Iglesias, el fiscal que encabeza la Procuradur\u00eda de Narcocriminalidad (PROCUNAR)<\/strong>, y le jug\u00f3 una mala pasada el listado de contactos de su tel\u00e9fono ya que llam\u00f3 al periodista <strong>Diego Iglesias<\/strong>, que este s\u00e1bado cont\u00f3 en su programa de radio <strong>el ins\u00f3lito di\u00e1logo y las disculpas de la funcionaria<\/strong>, que seguramente se agarr\u00f3 la cabeza al imaginar que el tema trascender\u00eda dejando ver que quer\u00eda saber de la causa que salpica a Espert. El tema para Bullrich tiene importancia sustancial, comparte lista con el economista en las ya cercanas elecciones nacionales del 26 de octubre, y si \u00abarrastra para abajo\u00bb el costo ser\u00e1 serio a nivel pol\u00edtico.<\/p>\n<div class=\"subscription\" readability=\"6.683257918552\">\n<p> Esto no les gusta a los autoritarios <\/p>\n<div class=\"subscription__container\" readability=\"6.1467391304348\">\n<div class=\"subscription__text-wrapper\" readability=\"31.20652173913\">\n<p> El ejercicio del periodismo profesional y cr\u00edtico es un pilar fundamental de la democracia. Por eso molesta a quienes creen ser los due\u00f1os de la verdad. <\/p>\n<\/p><\/div><\/div><\/div>\n<h2>\u00ab\u00bfC\u00f3mo viene el tema Machado?\u00bb<\/h2>\n<p>Iglesias se\u00f1al\u00f3 que este jueves a la ma\u00f1ana recibi\u00f3 una llamada de un n\u00famero que ten\u00eda agendado como<strong> \u00abPatricia Ulrich\u00bb<\/strong>. Atendi\u00f3, pensando que se trataba de la ministra, \u00able digo, &#8216;\u00bfQu\u00e9 tal, Patricia? \u00bfC\u00f3mo te va?&#8217; Y directamente ella me dice<strong>, &#8216;Ah, \u00bfqu\u00e9 haces? \u00bfC\u00f3mo andas? Escuchame. \u00bfC\u00f3mo viene el tema este de la extradici\u00f3n de Machado?'\u00bb<\/strong>.<\/p>\n<p><strong>\u00abMe soprendi\u00f3\u00bb<\/strong>, cont\u00f3 Iglesias en <em>Radio Con Vos<\/em>, detallando que como no atin\u00f3 a responder de inmediato a esa pregunta, Bullrich insisti\u00f3:<strong> \u00abS\u00ed, s\u00ed, \u00bfc\u00f3mo viene el tema de la extradici\u00f3n de Machado?\u00bb<\/strong>.<\/p>\n<p><strong>\u00abAh\u00ed me di cuenta del error de la ministra\u00bb,<\/strong> agreg\u00f3 Iglesias, precisando <strong>\u00able digo, Patricia, me da la impresi\u00f3n de que vos quer\u00e9s hablar con mi hom\u00f3nimo, que es el fiscal de la Procuradur\u00eda, el fiscal que investiga delitos narcos que se tambi\u00e9n se llama Diego Iglesias'\u00bb.<\/strong><\/p>\n<h2>\u00abChau, chau, disculpame&#8230;\u00bb<\/h2>\n<p>Iglesias revel\u00f3 que la reacci\u00f3n de Bullrich fue tensa: <strong>\u00abSe pone muy nerviosa (&#8230;) me dice, &#8216;Uy, no, no.&#8217; Y veo que se r\u00ede. &#8216;Disculp\u00e1, disculp\u00e1me, disculp\u00e1me&#8217;, me dice varias veces\u00bb,<\/strong> cont\u00f3 . El periodista dijo que lament\u00f3 \u00abno haberle seguido el juego\u00bb a la integrante del Gabinete para ver \u00abque m\u00e1s quer\u00eda saber de la causa que involucra a Machado\u00bb, ya c\u00e9lebre pagador de miles de d\u00f3lares que complican seriamente no solo a Espert sino al propio Milei.<\/p>\n<p>\u00abSe la ten\u00eda que haber seguido porque si se la segu\u00eda averiguaba un poco m\u00e1s qu\u00e9 quer\u00eda saber exactamente\u00bb, indic\u00f3 sobre ese punto Igleias, que concluy\u00f3 se\u00f1alando que la comunicaci\u00f3n con Bullrich termin\u00f3 de un plumazo, cuando ella dijo<strong> \u00abbeso, chau\u00bb<\/strong> y cort\u00f3. <\/p>\n<p>La curiosa situaci\u00f3n revela el grado de nerviosismo que vive puertas adentro las principales voces del poder en La Libertad Avanza, ya que quienes como Bullrich acompa\u00f1an al economista en la lista, saben que si el resultado electoral del oficialismo es derrota abultada, no habr\u00e1 quienes puedan considerarse a salvo de una eventual debacle.<\/p>\n<p>En el caso puntual de Bullrich, como candidata porte\u00f1a, est\u00e1 obligada no solo a ratificar el triunfo que ya obtuvo en su momento la lista de aspirantes a legisladores en CABA, sino que adem\u00e1s debe arrimar a un n\u00famero que no quede muy lejos de las cifras habituales conseguidas hist\u00f3ricamente por el macrismo en la Ciudad.<a target=\"_blank\" href=\"https:\/\/www.perfil.com\/noticias\/politica\/horas-dramaticas-milei-no-cede-a-la-presion-para-bajarlo-y-por-ahora-sostendra-a-espert.phtml\" rel=\"noopener noreferrer\"> Y la presencia de Espert como cara principal de la lista nacional de LLA es un lastre cuya magnitud se sabr\u00e1 el d\u00eda despu\u00e9s<\/a>, pero que todos en el \u00e1mbito libertario temen casi con desesperaci\u00f3n. Espert ratific\u00f3 este viernes por la noche que no bajar\u00e1 su postulaci\u00f3n, ayer circulacion versiones que iba a Olivos a renunciar, pero Milei lo ratific\u00f3 y el economista dispar\u00f3 varios posteos mostrando que sigue contando con el apoyo del Presidente.<\/p>\n<p><strong>Y Bullrich debera llamar nuevamente a Diego Iglesias<\/strong>, esta vez sin errores de marcado, para averiguar \u00abcomo va ese tema de Machado\u00bb con la posible extradici\u00f3n a Estados Unidos, que sus abogados intentan resistir con tods las v\u00edas a su alcance.<\/p>\n<h2>La palabra de Fred Machado<\/h2>\n<p><a target=\"_blank\" href=\"https:\/\/www.perfil.com\/noticias\/politica\/por-primera-habla-fred-machado-el-empresario-preso-por-su-vinculacion-con-el-narcotrafico-y-que-le-pago-200-mil-dolares-a-espert.phtml\" rel=\"noopener noreferrer\">\u00abMe encuentro a derecho en mi pa\u00eds, con una acusaci\u00f3n grave de otro pa\u00eds, que se resuelven por canales legales y no por lo que dice la prensa\u00bb<\/a>, le dijo este viernes Machado a Perfil.com. \u00abComo bien lo recuerda el Sr. Grabois cuando lo acusan medi\u00e1ticamente de il\u00edcitos: &#8216;Toda persona es presumible inocente hasta demostrada culpable en un juicio con todas las garant\u00edas legales otorgadas'\u00bb, indic\u00f3. <\/p>\n<p>HB<\/p>\n","protected":false},"excerpt":{"rendered":"<p>La ministra Patricia Bullrich est\u00e1 entre las voces m\u00e1s cr\u00edticas en relaci\u00f3n a los d\u00f3lares cobrados por Jos\u00e9 Luis Espert al empresario Fred Machado, preso por narcotr\u00e1fico, y este s\u00e1bado el periodista Diego Iglesias cont\u00f3 un ins\u00f3lito blooper de la integrante del Gabinete, que sirve para mostrar el grado de tensi\u00f3n que se vive en [&hellip;]<\/p>\n","protected":false},"author":1,"featured_media":170496,"comment_status":"closed","ping_status":"closed","sticky":false,"template":"","format":"standard","meta":[],"categories":[2],"tags":[],"_links":{"self":[{"href":"http:\/\/cordobainforma.info\/index.php\/wp-json\/wp\/v2\/posts\/170495"}],"collection":[{"href":"http:\/\/cordobainforma.info\/index.php\/wp-json\/wp\/v2\/posts"}],"about":[{"href":"http:\/\/cordobainforma.info\/index.php\/wp-json\/wp\/v2\/types\/post"}],"author":[{"embeddable":true,"href":"http:\/\/cordobainforma.info\/index.php\/wp-json\/wp\/v2\/users\/1"}],"replies":[{"embeddable":true,"href":"http:\/\/cordobainforma.info\/index.php\/wp-json\/wp\/v2\/comments?post=170495"}],"version-history":[{"count":0,"href":"http:\/\/cordobainforma.info\/index.php\/wp-json\/wp\/v2\/posts\/170495\/revisions"}],"wp:featuredmedia":[{"embeddable":true,"href":"http:\/\/cordobainforma.info\/index.php\/wp-json\/wp\/v2\/media\/170496"}],"wp:attachment":[{"href":"http:\/\/cordobainforma.info\/index.php\/wp-json\/wp\/v2\/media?parent=170495"}],"wp:term":[{"taxonomy":"category","embeddable":true,"href":"http:\/\/cordobainforma.info\/index.php\/wp-json\/wp\/v2\/categories?post=170495"},{"taxonomy":"post_tag","embeddable":true,"href":"http:\/\/cordobainforma.info\/index.php\/wp-json\/wp\/v2\/tags?post=170495"}],"curies":[{"name":"wp","href":"https:\/\/api.w.org\/{rel}","templated":true}]}}