{"id":170479,"date":"2025-10-04T14:49:14","date_gmt":"2025-10-04T14:49:14","guid":{"rendered":"http:\/\/cordobainforma.info\/index.php\/2025\/10\/04\/el-espejo-roto-de-la-economia-revista-container\/"},"modified":"2025-10-04T14:49:14","modified_gmt":"2025-10-04T14:49:14","slug":"el-espejo-roto-de-la-economia-revista-container","status":"publish","type":"post","link":"http:\/\/cordobainforma.info\/index.php\/2025\/10\/04\/el-espejo-roto-de-la-economia-revista-container\/","title":{"rendered":"El espejo roto de la <b>econom\u00eda<\/b> &#8211; Revista CONTAINER"},"content":{"rendered":"<p>&#8211; 03\/10\/2025. <b>C\u00f3rdoba<\/b> se prepara para vivir una <b>nueva<\/b> edici\u00f3n del hist\u00f3rico Cl\u00e1sico entre Talleres y Belgrano en el Estadio Mario Alberto Kempes, y&nbsp;&#8230; <\/p>\n","protected":false},"excerpt":{"rendered":"<p>&#8211; 03\/10\/2025. C\u00f3rdoba se prepara para vivir una nueva edici\u00f3n del hist\u00f3rico Cl\u00e1sico entre Talleres y Belgrano en el Estadio Mario Alberto Kempes, y&nbsp;&#8230;<\/p>\n","protected":false},"author":1,"featured_media":0,"comment_status":"closed","ping_status":"closed","sticky":false,"template":"","format":"standard","meta":[],"categories":[23],"tags":[],"_links":{"self":[{"href":"http:\/\/cordobainforma.info\/index.php\/wp-json\/wp\/v2\/posts\/170479"}],"collection":[{"href":"http:\/\/cordobainforma.info\/index.php\/wp-json\/wp\/v2\/posts"}],"about":[{"href":"http:\/\/cordobainforma.info\/index.php\/wp-json\/wp\/v2\/types\/post"}],"author":[{"embeddable":true,"href":"http:\/\/cordobainforma.info\/index.php\/wp-json\/wp\/v2\/users\/1"}],"replies":[{"embeddable":true,"href":"http:\/\/cordobainforma.info\/index.php\/wp-json\/wp\/v2\/comments?post=170479"}],"version-history":[{"count":0,"href":"http:\/\/cordobainforma.info\/index.php\/wp-json\/wp\/v2\/posts\/170479\/revisions"}],"wp:attachment":[{"href":"http:\/\/cordobainforma.info\/index.php\/wp-json\/wp\/v2\/media?parent=170479"}],"wp:term":[{"taxonomy":"category","embeddable":true,"href":"http:\/\/cordobainforma.info\/index.php\/wp-json\/wp\/v2\/categories?post=170479"},{"taxonomy":"post_tag","embeddable":true,"href":"http:\/\/cordobainforma.info\/index.php\/wp-json\/wp\/v2\/tags?post=170479"}],"curies":[{"name":"wp","href":"https:\/\/api.w.org\/{rel}","templated":true}]}}