{"id":170440,"date":"2025-10-04T10:50:51","date_gmt":"2025-10-04T10:50:51","guid":{"rendered":"https:\/\/somoscordobeses.com\/2025\/10\/04\/presentaron-nuevos-avances-en-la-lucha-contra-el-alzheimer\/"},"modified":"2025-10-04T10:50:51","modified_gmt":"2025-10-04T10:50:51","slug":"presentaron-nuevos-avances-en-la-lucha-contra-el-alzheimer","status":"publish","type":"post","link":"http:\/\/cordobainforma.info\/index.php\/2025\/10\/04\/presentaron-nuevos-avances-en-la-lucha-contra-el-alzheimer\/","title":{"rendered":"Presentaron nuevos avances en la lucha contra el Alzheimer"},"content":{"rendered":"<div><img src=\"http:\/\/cordobainforma.info\/wp-content\/uploads\/2025\/10\/presentaron-nuevos-avances-en-la-lucha-contra-el-alzheimer.jpg\" class=\"ff-og-image-inserted\"><\/div>\n<p>Mundo. El desarrollo reciente de nuevos tratamientos y herramientas diagn\u00f3sticas ha transformado el panorama de la investigaci\u00f3n sobre el Alzheimer, abriendo una etapa que los expertos describen como una aut\u00e9ntica \u201cnueva era\u201d en la lucha contra esta enfermedad.<br \/>Como anticip\u00f3 Infobae, la publicaci\u00f3n de una serie de art\u00edculos en The Lancet, elaborada por un panel internacional de 40 especialistas de 14 pa\u00edses y dirigida por el profesor Giovanni Frisoni de la Universidad de Ginebra, puso en primer plano los avances que est\u00e1n redefiniendo tanto el diagn\u00f3stico como el abordaje terap\u00e9utico del Alzheimer.<br \/>La enfermedad de Alzheimer afecta a m\u00e1s de 55 millones de personas en todo el mundo y representa entre el 60% y el 70% de los casos de demencia, seg\u00fan la Organizaci\u00f3n Mundial de la Salud (OMS).<\/p>\n<h2>Biomarcadores para detectar la enfermedad<\/h2>\n<p>Uno de los cambios m\u00e1s significativos que identificaron los especialistas es la irrupci\u00f3n de biomarcadores en sangre que detectan alteraciones amiloideas, de la prote\u00edna tau y procesos de neurodegeneraci\u00f3n, caracter\u00edsticos del Alzheimer.<br \/>Esta innovaci\u00f3n revolucion\u00f3 el diagn\u00f3stico cl\u00ednico, ya que la integraci\u00f3n de biomarcadores plasm\u00e1ticos, t\u00e9cnicas de imagen como la PET y el an\u00e1lisis del l\u00edquido cefalorraqu\u00eddeo posibilita identificar la enfermedad en forma mucho m\u00e1s temprana y precisa.<\/p>\n<h2> Nuevas opciones terap\u00e9uticas&nbsp;<\/h2>\n<p>El segundo eje de esta nueva era es la aparici\u00f3n de tratamientos modificadores de la enfermedad, en particular los anticuerpos monoclonales como lecanemab y donanemab. Estos f\u00e1rmacos, aprobados recientemente en varios pa\u00edses, demostraron la capacidad de ralentizar la progresi\u00f3n cl\u00ednica del Alzheimer en etapas tempranas, lo que marca un cambio de paradigma respecto a las terapias tradicionales, que solo abordaban los s\u00edntomas.<\/p>\n<h2> Factores de riesgo prevenibles<\/h2>\n<p>Un tercer aspecto que destacaron los expertos es la prevenci\u00f3n y el abordaje de los factores de riesgo modificables.<br \/>La serie de The Lancet y la Lancet Commission identificaron 14 factores de riesgo que, al intervenirse, ya contribuyeron a una reducci\u00f3n de la tasa de demencia ajustada por edad, aunque el n\u00famero absoluto de casos sigue en aumento por el envejecimiento poblacional.<\/p>\n","protected":false},"excerpt":{"rendered":"<p>Mundo. El desarrollo reciente de nuevos tratamientos y herramientas diagn\u00f3sticas ha transformado el panorama de la investigaci\u00f3n sobre el Alzheimer, abriendo una etapa que los expertos describen como una aut\u00e9ntica \u201cnueva era\u201d en la lucha contra esta enfermedad.Como anticip\u00f3 Infobae, la publicaci\u00f3n de una serie de art\u00edculos en The Lancet, elaborada por un panel internacional [&hellip;]<\/p>\n","protected":false},"author":1,"featured_media":170441,"comment_status":"closed","ping_status":"closed","sticky":false,"template":"","format":"standard","meta":[],"categories":[2],"tags":[],"_links":{"self":[{"href":"http:\/\/cordobainforma.info\/index.php\/wp-json\/wp\/v2\/posts\/170440"}],"collection":[{"href":"http:\/\/cordobainforma.info\/index.php\/wp-json\/wp\/v2\/posts"}],"about":[{"href":"http:\/\/cordobainforma.info\/index.php\/wp-json\/wp\/v2\/types\/post"}],"author":[{"embeddable":true,"href":"http:\/\/cordobainforma.info\/index.php\/wp-json\/wp\/v2\/users\/1"}],"replies":[{"embeddable":true,"href":"http:\/\/cordobainforma.info\/index.php\/wp-json\/wp\/v2\/comments?post=170440"}],"version-history":[{"count":0,"href":"http:\/\/cordobainforma.info\/index.php\/wp-json\/wp\/v2\/posts\/170440\/revisions"}],"wp:featuredmedia":[{"embeddable":true,"href":"http:\/\/cordobainforma.info\/index.php\/wp-json\/wp\/v2\/media\/170441"}],"wp:attachment":[{"href":"http:\/\/cordobainforma.info\/index.php\/wp-json\/wp\/v2\/media?parent=170440"}],"wp:term":[{"taxonomy":"category","embeddable":true,"href":"http:\/\/cordobainforma.info\/index.php\/wp-json\/wp\/v2\/categories?post=170440"},{"taxonomy":"post_tag","embeddable":true,"href":"http:\/\/cordobainforma.info\/index.php\/wp-json\/wp\/v2\/tags?post=170440"}],"curies":[{"name":"wp","href":"https:\/\/api.w.org\/{rel}","templated":true}]}}