{"id":170438,"date":"2025-10-04T10:51:13","date_gmt":"2025-10-04T10:51:13","guid":{"rendered":"https:\/\/somoscordobeses.com\/2025\/10\/04\/de-la-calle-a-la-seleccion-una-de-las-sorpresas-de-scaloni\/"},"modified":"2025-10-04T10:51:13","modified_gmt":"2025-10-04T10:51:13","slug":"de-la-calle-a-la-seleccion-una-de-las-sorpresas-de-scaloni","status":"publish","type":"post","link":"http:\/\/cordobainforma.info\/index.php\/2025\/10\/04\/de-la-calle-a-la-seleccion-una-de-las-sorpresas-de-scaloni\/","title":{"rendered":"De la calle a la selecci\u00f3n: una de las sorpresas de Scaloni"},"content":{"rendered":"<div><img src=\"http:\/\/cordobainforma.info\/wp-content\/uploads\/2025\/10\/de-la-calle-a-la-seleccion-una-de-las-sorpresas-de-scaloni.jpg\" class=\"ff-og-image-inserted\"><\/div>\n<p><strong>La emocionante historia de Lautaro Rivero, el nuevo convocado de Scaloni<\/strong><\/p>\n<p>El nombre de <strong>Lautaro Rivero<\/strong> acapar\u00f3 los flashes tras el anuncio de la nueva lista de convocados por <strong>Lionel Scaloni<\/strong> para la pr\u00f3xima fecha FIFA de octubre. Este marcador central de 21 a\u00f1os, proveniente de River Plate, se presenta como la gran sorpresa para el combinado nacional, marcando su primera citaci\u00f3n para vestir la camiseta <i>albiceleste<\/i>, ya que no particip\u00f3 previamente en las categor\u00edas inferiores de la selecci\u00f3n argentina.<\/p>\n<figure data-tadevel-template=\"web\/multimedia\" data-type=\"photo\"> <\/figure>\n<p>La historia de Rivero va m\u00e1s all\u00e1 del campo de juego, destac\u00e1ndose por una notable resiliencia. Durante su adolescencia, el joven tuvo que realizar diversos trabajos para mantener vivo su sue\u00f1o de convertirse en futbolista profesional. Seg\u00fan cont\u00f3 en una entrevista con <i>Fox Sports Radio<\/i>, no solo vend\u00eda <strong>alfajores<\/strong>, sino tambi\u00e9n <strong>flores<\/strong> o <strong>cuadernos<\/strong> que compraba en el mercado central o la salada. Estas ventas las realizaba durante las vacaciones de las inferiores de River, un proceso que, a pesar de las dificultades, jam\u00e1s lo hizo dejar de entrenar. Su motivaci\u00f3n principal siempre ha sido su familia, gente \u00abmuy humilde y sacrificada\u00bb, con el objetivo de \u00abque est\u00e9n mejor y puedan tener todo lo que se merecen\u00bb.<\/p>\n<p><strong>Un ascenso fulgurante desde Santiago del Estero<\/strong><\/p>\n<p>Rivero inici\u00f3 sus pasos en el f\u00fatbol en los <i>potreros<\/i> y el <i>baby<\/i> de Moreno, pasando por entidades como <i>El Club Los Halcones<\/i> y Villa Luro Norte, antes de sumarse a las inferiores de River a los 14 a\u00f1os en 2018. Tras debutar en la Reserva en 2021 y destacar bajo la conducci\u00f3n de Marcelo Escudero, firm\u00f3 su primer contrato profesional en diciembre de 2024, a pocos d\u00edas de quedar en libertad de acci\u00f3n.<\/p>\n<p>Ante la falta de lugar en el elenco <i>Millonario<\/i>, opt\u00f3 por irse a pr\u00e9stamo a Central C\u00f3rdoba de Santiago del Estero a mediados de 2024. Con el <i>Ferroviario<\/i>, form\u00f3 parte de la hist\u00f3rica haza\u00f1a de consagrarse <strong>campe\u00f3n de la Copa Argentina<\/strong> tras vencer a V\u00e9lez por 1-0. Tras el festejo, Rivero conmovi\u00f3 al pa\u00eds al publicar una foto en su Instagram donde se lo ve\u00eda vendiendo alfajores, la cual se <strong>viraliz\u00f3 de inmediato<\/strong>, generando admiraci\u00f3n por su historia de superaci\u00f3n.<\/p>\n<p>En el primer semestre de 2025, el defensor se estableci\u00f3 como titular indiscutible en Central C\u00f3rdoba. Fue clave en la participaci\u00f3n del equipo en la Copa Libertadores, completando los 90 minutos en los seis partidos de la fase de grupos. Su destacada actuaci\u00f3n incluy\u00f3 la hist\u00f3rica victoria del equipo santiague\u00f1o sobre Flamengo en el <i>Estadio Maracan\u00e1<\/i>.<\/p>\n<p><strong>Consolidaci\u00f3n en River y el llamado de Scaloni<\/strong><\/p>\n<p>Debido al notable nivel mostrado, <strong>Marcelo Gallardo<\/strong> decidi\u00f3 cortar el pr\u00e9stamo y repescarlo de cara al Mundial de Clubes, extendi\u00e9ndole su contrato hasta diciembre de 2028. Aunque no sum\u00f3 minutos en el certamen internacional, Rivero debut\u00f3 con la camiseta <i>Millonaria<\/i> el 9 de agosto en el empate contra Independiente.<\/p>\n<p>Desde entonces, el marcador central demostr\u00f3 un nivel sobresaliente, logrando ganarle la pulseada por la titularidad a defensores de jerarqu\u00eda como <strong>Paulo D\u00edaz y Lucas Mart\u00ednez Quarta<\/strong>. Rivero se gan\u00f3 la confianza de Gallardo al punto de ser titular en los dos partidos de los cuartos de final de la Copa Libertadores contra Palmeiras.<\/p>\n<figure data-tadevel-template=\"web\/multimedia\" data-type=\"photo\"> <\/figure>\n<p>En este contexto, tras ser una de las figuras de River en el choque contra Racing por la Copa Argentina, el seguimiento de Scaloni se concret\u00f3 en la convocatoria. Rivero integrar\u00e1 la delegaci\u00f3n argentina que disputar\u00e1 dos amistosos en Estados Unidos: el primero contra <strong>Venezuela<\/strong> el viernes 10 de octubre, y el segundo ante <strong>Puerto Rico<\/strong> el lunes 13 de octubre. Actualmente, el futbolista suma 39 partidos como profesional (30 con Central C\u00f3rdoba, donde marc\u00f3 dos goles, y nueve con River).<\/p>\n","protected":false},"excerpt":{"rendered":"<p>La emocionante historia de Lautaro Rivero, el nuevo convocado de Scaloni El nombre de Lautaro Rivero acapar\u00f3 los flashes tras el anuncio de la nueva lista de convocados por Lionel Scaloni para la pr\u00f3xima fecha FIFA de octubre. Este marcador central de 21 a\u00f1os, proveniente de River Plate, se presenta como la gran sorpresa para [&hellip;]<\/p>\n","protected":false},"author":1,"featured_media":170439,"comment_status":"closed","ping_status":"closed","sticky":false,"template":"","format":"standard","meta":[],"categories":[2],"tags":[],"_links":{"self":[{"href":"http:\/\/cordobainforma.info\/index.php\/wp-json\/wp\/v2\/posts\/170438"}],"collection":[{"href":"http:\/\/cordobainforma.info\/index.php\/wp-json\/wp\/v2\/posts"}],"about":[{"href":"http:\/\/cordobainforma.info\/index.php\/wp-json\/wp\/v2\/types\/post"}],"author":[{"embeddable":true,"href":"http:\/\/cordobainforma.info\/index.php\/wp-json\/wp\/v2\/users\/1"}],"replies":[{"embeddable":true,"href":"http:\/\/cordobainforma.info\/index.php\/wp-json\/wp\/v2\/comments?post=170438"}],"version-history":[{"count":0,"href":"http:\/\/cordobainforma.info\/index.php\/wp-json\/wp\/v2\/posts\/170438\/revisions"}],"wp:featuredmedia":[{"embeddable":true,"href":"http:\/\/cordobainforma.info\/index.php\/wp-json\/wp\/v2\/media\/170439"}],"wp:attachment":[{"href":"http:\/\/cordobainforma.info\/index.php\/wp-json\/wp\/v2\/media?parent=170438"}],"wp:term":[{"taxonomy":"category","embeddable":true,"href":"http:\/\/cordobainforma.info\/index.php\/wp-json\/wp\/v2\/categories?post=170438"},{"taxonomy":"post_tag","embeddable":true,"href":"http:\/\/cordobainforma.info\/index.php\/wp-json\/wp\/v2\/tags?post=170438"}],"curies":[{"name":"wp","href":"https:\/\/api.w.org\/{rel}","templated":true}]}}