{"id":170430,"date":"2025-10-03T17:05:06","date_gmt":"2025-10-03T17:05:06","guid":{"rendered":"https:\/\/somoscordobeses.com\/2025\/10\/03\/las-influencers-literarias-ivana-kasper-y-pilu-gianna-freire-participaran-en-la-feria-internacional-del-libro-de-carlos-paz-2025\/"},"modified":"2025-10-03T17:05:06","modified_gmt":"2025-10-03T17:05:06","slug":"las-influencers-literarias-ivana-kasper-y-pilu-gianna-freire-participaran-en-la-feria-internacional-del-libro-de-carlos-paz-2025","status":"publish","type":"post","link":"http:\/\/cordobainforma.info\/index.php\/2025\/10\/03\/las-influencers-literarias-ivana-kasper-y-pilu-gianna-freire-participaran-en-la-feria-internacional-del-libro-de-carlos-paz-2025\/","title":{"rendered":"Las influencers literarias Ivana Kasper y Pilu (Gianna Freire) participar\u00e1n en la Feria Internacional del Libro de Carlos Paz 2025"},"content":{"rendered":"<div><img src=\"http:\/\/cordobainforma.info\/wp-content\/uploads\/2025\/10\/las-influencers-literarias-ivana-kasper-y-pilu-gianna-freire-participaran-en-la-feria-internacional-del-libro-de-carlos-paz-2025.jpg\" class=\"ff-og-image-inserted\"><\/div>\n<p>La Feria Internacional del Libro de Carlos Paz 2025 contar\u00e1 con una presencia destacada de las principales influencer y booktoker del mundo literario, Ivana Kasper y Gianna Freire, quienes buscan potenciar el debate, la comunidad y el entusiasmo por la lectura entre los asistentes.<\/p>\n<p>Ivana Kasper<\/p>\n<p>Ivana Kasper, licenciada en comunicaci\u00f3n social y creadora de contenido en redes sociales bajo el usuario @hoyestaparaleer, es una ferviente amante del romance y la literatura. Con m\u00e1s de 55,1 mil seguidores en TikTok y 34 mil en Instagram, donde comparte m\u00e1s de 430 publicaciones relacionadas con libros, Ivana organiza clubes de lectura y participa en podcasts especializados en literatura. Su labor busca fomentar el di\u00e1logo y la pasi\u00f3n por la lectura en un espacio interactivo y cercano a sus seguidores.<\/p>\n<p>(Pilu)<\/p>\n<p>Por su parte, Gianna Freire, tambi\u00e9n conocida como Pilu, es una joven estudiante de arquitectura y creadora de contenido en TikTok. Con m\u00e1s de 25.4 mil seguidores y cerca de 992 mil Me gusta, Gianna ofrece rese\u00f1as r\u00e1pidas, emotivas y sinceras sobre los libros que la enamoran. Su enfoque est\u00e1 en conectar con una comunidad de lectores que busca redescubrir diferentes voces, g\u00e9neros y cl\u00e1sicos literarios, promoviendo un h\u00e1bito de lectura enriquecedor y accesible.<\/p>\n<p>La participaci\u00f3n de estas influencer en la feria no solo subraya el inter\u00e9s que la literatura juvenil y popular despierta en las nuevas generaciones, sino que tambi\u00e9n refleja el rol fundamental de las redes sociales para acercar la lectura a un p\u00fablico cada vez m\u00e1s digital. Sus intervenciones en la feria prometen ser un espacio de encuentro, inspiraci\u00f3n y di\u00e1logo en torno a la pasi\u00f3n por los&nbsp;<\/p>\n<p>libros. <\/p>\n<p>La Feria Internacional del Libro de Carlos Paz 2025 se presentar\u00e1, as\u00ed, como un encuentro imperdible para amantes de la lectura, consolidando a estas destacadas influencers como referente y puente entre el libro, las nuevas generaciones y las redes sociales. <\/p>\n","protected":false},"excerpt":{"rendered":"<p>La Feria Internacional del Libro de Carlos Paz 2025 contar\u00e1 con una presencia destacada de las principales influencer y booktoker del mundo literario, Ivana Kasper y Gianna Freire, quienes buscan potenciar el debate, la comunidad y el entusiasmo por la lectura entre los asistentes. Ivana Kasper Ivana Kasper, licenciada en comunicaci\u00f3n social y creadora de [&hellip;]<\/p>\n","protected":false},"author":1,"featured_media":170431,"comment_status":"closed","ping_status":"closed","sticky":false,"template":"","format":"standard","meta":[],"categories":[2],"tags":[],"_links":{"self":[{"href":"http:\/\/cordobainforma.info\/index.php\/wp-json\/wp\/v2\/posts\/170430"}],"collection":[{"href":"http:\/\/cordobainforma.info\/index.php\/wp-json\/wp\/v2\/posts"}],"about":[{"href":"http:\/\/cordobainforma.info\/index.php\/wp-json\/wp\/v2\/types\/post"}],"author":[{"embeddable":true,"href":"http:\/\/cordobainforma.info\/index.php\/wp-json\/wp\/v2\/users\/1"}],"replies":[{"embeddable":true,"href":"http:\/\/cordobainforma.info\/index.php\/wp-json\/wp\/v2\/comments?post=170430"}],"version-history":[{"count":0,"href":"http:\/\/cordobainforma.info\/index.php\/wp-json\/wp\/v2\/posts\/170430\/revisions"}],"wp:featuredmedia":[{"embeddable":true,"href":"http:\/\/cordobainforma.info\/index.php\/wp-json\/wp\/v2\/media\/170431"}],"wp:attachment":[{"href":"http:\/\/cordobainforma.info\/index.php\/wp-json\/wp\/v2\/media?parent=170430"}],"wp:term":[{"taxonomy":"category","embeddable":true,"href":"http:\/\/cordobainforma.info\/index.php\/wp-json\/wp\/v2\/categories?post=170430"},{"taxonomy":"post_tag","embeddable":true,"href":"http:\/\/cordobainforma.info\/index.php\/wp-json\/wp\/v2\/tags?post=170430"}],"curies":[{"name":"wp","href":"https:\/\/api.w.org\/{rel}","templated":true}]}}