{"id":170397,"date":"2025-10-03T15:10:14","date_gmt":"2025-10-03T15:10:14","guid":{"rendered":"https:\/\/www.escribiendocine.com\/noticias\/2025\/10\/03\/20614-juan-gatti-presenta-su-muestra-cartelera-1986-2023-en-el-ficuba"},"modified":"2025-10-03T15:10:14","modified_gmt":"2025-10-03T15:10:14","slug":"juan-gatti-presenta-su-muestra-cartelera-1986-2023-en-el-fic-uba","status":"publish","type":"post","link":"http:\/\/cordobainforma.info\/index.php\/2025\/10\/03\/juan-gatti-presenta-su-muestra-cartelera-1986-2023-en-el-fic-uba\/","title":{"rendered":"Juan Gatti presenta su muestra \u201cCartelera 1986-2023\u201d en el FIC.UBA"},"content":{"rendered":"<div class=\"media_block\"><\/div>\n<div><img src=\"http:\/\/cordobainforma.info\/wp-content\/uploads\/2025\/10\/juan-gatti-presenta-su-muestra-cartelera-1986-2023-en-el-fic-uba.jpg\" class=\"ff-og-image-inserted\"><\/div>\n<div readability=\"23.25\">\n<div class=\"col-xs-12 col-sm-6 col-md-12 col-lg-3 no-padding col-der\" readability=\"7\">\n<p> <span class=\"fecha\">viernes 03 de octubre de 2025 <\/span> <\/p>\n<\/p><\/div><\/div>\n<div readability=\"72\">\n<p>En una jornada cargada de reconocimiento y emoci\u00f3n, el artista argentino Juan Gatti recibi\u00f3 el Doctorado Honoris Causa de la Universidad de Buenos Aires en un acto celebrado el mi\u00e9rcoles 1 de octubre en la Facultad de Arquitectura, Dise\u00f1o y Urbanismo (FADU). La distinci\u00f3n, entregada por el Decano Carlos Venancio, destac\u00f3 la trayectoria de Gatti como dise\u00f1ador gr\u00e1fico, director de arte y fot\u00f3grafo, figura clave de la cultura visual contempor\u00e1nea.<\/p>\n<p>Al d\u00eda siguiente, el jueves 2, Gatti inaugur\u00f3 su muestra <strong>Cartelera 1986-2023<\/strong>, que re\u00fane sus afiches m\u00e1s emblem\u00e1ticos, especialmente aquellos creados en colaboraci\u00f3n con Pedro Almod\u00f3var, y ofreci\u00f3 un seminario ante m\u00e1s de mil asistentes, donde repas\u00f3 su carrera y comparti\u00f3 an\u00e9cdotas de su proceso creativo.<\/p>\n<p>Nacido en Buenos Aires en 1950 y formado en Artes Visuales, Gatti se vincul\u00f3 en sus inicios con el rock argentino dise\u00f1ando portadas para Sui Generis, Pescado Rabioso y Pappo\u2019s Blues. En 1978 se traslad\u00f3 a Nueva York y un a\u00f1o despu\u00e9s se instal\u00f3 en Madrid, donde comenz\u00f3 a trabajar en CBS Espa\u00f1a y en plena Movida colabor\u00f3 con Mecano, Alaska y Dinarama, Ana Bel\u00e9n y Miguel Bos\u00e9, entre otros.<\/p>\n<p>A mediados de los a\u00f1os ochenta fund\u00f3 su propio estudio y expandi\u00f3 su trabajo al mundo de la moda, colaborando con Karl Lagerfeld, Sybilla, Loewe, Purificaci\u00f3n Garc\u00eda, Zara y Jes\u00fas del Pozo, adem\u00e1s de encargarse del dise\u00f1o de perfumes como Duende, Halloween y Quasar.<\/p>\n<p>Su salto al cine fue decisivo: desde 1988 trabaja junto a Pedro Almod\u00f3var, dise\u00f1ando los carteles de pel\u00edculas como <strong>Mujeres al borde de un ataque de nervios<\/strong>, <strong>\u00c1tame<\/strong>, <strong>Hable con ella<\/strong>, <strong>La mala educaci\u00f3n <\/strong>y <strong>La piel que habito<\/strong>. Tambi\u00e9n colabor\u00f3 con directores como Fernando Trueba, \u00c1lex de la Iglesia, Susan Seidelman y John Malkovich.<\/p>\n<p>La muestra inaugurada en la FADU convoca a estudiantes, docentes, profesionales y p\u00fablico general a recorrer m\u00e1s de tres d\u00e9cadas de una obra que une dise\u00f1o, m\u00fasica, cine y moda. En la apertura estuvieron presentes figuras del \u00e1mbito cultural como Guido Adler, Maite Lanata, Caro Domenech y Dalia Walker, acompa\u00f1ando al artista en un reconocimiento que lo devuelve a su ciudad natal como referente internacional.<\/p>\n<\/p><\/div>\n","protected":false},"excerpt":{"rendered":"<p>viernes 03 de octubre de 2025 En una jornada cargada de reconocimiento y emoci\u00f3n, el artista argentino Juan Gatti recibi\u00f3 el Doctorado Honoris Causa de la Universidad de Buenos Aires en un acto celebrado el mi\u00e9rcoles 1 de octubre en la Facultad de Arquitectura, Dise\u00f1o y Urbanismo (FADU). La distinci\u00f3n, entregada por el Decano Carlos [&hellip;]<\/p>\n","protected":false},"author":1,"featured_media":170398,"comment_status":"open","ping_status":"closed","sticky":false,"template":"","format":"standard","meta":[],"categories":[21],"tags":[],"_links":{"self":[{"href":"http:\/\/cordobainforma.info\/index.php\/wp-json\/wp\/v2\/posts\/170397"}],"collection":[{"href":"http:\/\/cordobainforma.info\/index.php\/wp-json\/wp\/v2\/posts"}],"about":[{"href":"http:\/\/cordobainforma.info\/index.php\/wp-json\/wp\/v2\/types\/post"}],"author":[{"embeddable":true,"href":"http:\/\/cordobainforma.info\/index.php\/wp-json\/wp\/v2\/users\/1"}],"replies":[{"embeddable":true,"href":"http:\/\/cordobainforma.info\/index.php\/wp-json\/wp\/v2\/comments?post=170397"}],"version-history":[{"count":0,"href":"http:\/\/cordobainforma.info\/index.php\/wp-json\/wp\/v2\/posts\/170397\/revisions"}],"wp:featuredmedia":[{"embeddable":true,"href":"http:\/\/cordobainforma.info\/index.php\/wp-json\/wp\/v2\/media\/170398"}],"wp:attachment":[{"href":"http:\/\/cordobainforma.info\/index.php\/wp-json\/wp\/v2\/media?parent=170397"}],"wp:term":[{"taxonomy":"category","embeddable":true,"href":"http:\/\/cordobainforma.info\/index.php\/wp-json\/wp\/v2\/categories?post=170397"},{"taxonomy":"post_tag","embeddable":true,"href":"http:\/\/cordobainforma.info\/index.php\/wp-json\/wp\/v2\/tags?post=170397"}],"curies":[{"name":"wp","href":"https:\/\/api.w.org\/{rel}","templated":true}]}}