{"id":170387,"date":"2025-10-03T12:00:14","date_gmt":"2025-10-03T12:00:14","guid":{"rendered":"https:\/\/www.mujerhoy.com\/moda\/pasarelas\/semana-moda-paris-mejores-desfiles-primavera-verano-2026-dior-louis-vuitton-hermes-20251002110924-nt.html"},"modified":"2025-10-03T12:00:14","modified_gmt":"2025-10-03T12:00:14","slug":"los-mejores-desfiles-de-la-semana-de-la-moda-de-paris-jack-mccollough-y-lazaro-hernandez-reinventan-el-futuro-del-cuero-en-su-debut-en-loewe","status":"publish","type":"post","link":"http:\/\/cordobainforma.info\/index.php\/2025\/10\/03\/los-mejores-desfiles-de-la-semana-de-la-moda-de-paris-jack-mccollough-y-lazaro-hernandez-reinventan-el-futuro-del-cuero-en-su-debut-en-loewe\/","title":{"rendered":"Los mejores desfiles de la Semana de la Moda de Par\u00eds: Jack McCollough y Lazaro Hern\u00e1ndez reinventan el futuro del cuero en su debut en Loewe"},"content":{"rendered":"<div class=\"media_block\"><\/div>\n<p><!-- AUTHOR --><\/p>\n<div class=\"voc-author-timesocial \">\n<!-- AUTHOR --><\/p>\n<div class=\"voc-author-timesocial__signature \">\n<!-- IMAGE AUTHOR -->\n<picture class=\"voc-image-signature\">\n<img class=\"voc-image-signature__img\" src=\"http:\/\/cordobainforma.info\/wp-content\/uploads\/2025\/10\/los-mejores-desfiles-de-la-semana-de-la-moda-de-paris-jack-mccollough-y-lazaro-hernandez-reinventan-el-futuro-del-cuero-en-su-debut-en-loewe.jpg\" alt=\"Diego Rueda\">\n<\/picture>\n<!-- INFO AUTHOR --> <\/div><\/div>\n<p><!-- COMPONENTS --><\/p>\n<p class=\"voc-paragraph\">La Ciudad de la Luz pone el broche de oro a las presentaciones de primavera-verano 2026, tras descubrir los<a href=\"https:\/\/www.mujerhoy.com\/moda\/pasarelas\/semana-moda-milan-mejores-desfiles-primavera-verano-2026-gucci-fendi-max-mara-20250923160918-nt.html\" data-voc-vtm-id=\"in-text-traffic\" title=\" nuevos debuts de la Semana de la Moda de Mil\u00e1n\" data-mrf-link=\"www.mujerhoy.com\"> nuevos debuts de la Semana de la Moda de Mil\u00e1n<\/a>: desde Dario Vitales para Versace hasta Demna para Gucci, con un fashion film protagonizado por Demi Moore. Tampoco podemos olvidar el <a href=\"https:\/\/www.mujerhoy.com\/moda\/pasarelas\/giorgio-armani-desfile-homenaje-50-aniversario-sastreria-musas-cate-blanchett-20250929225917-nt.html\" data-voc-vtm-id=\"in-text-traffic\" title=\"desfile homenaje al reci\u00e9n fallecido Giorgio Armani\" data-mrf-link=\"www.mujerhoy.com\">desfile homenaje al reci\u00e9n fallecido Giorgio Armani<\/a>, celebrado en la Pinacoteca de Brera. Tambi\u00e9n hemos disfrutado del desfile de L&#8217;Or\u00e9al Par\u00eds, con embajadoras de la talla de Helen Mirren, Jane Fonda y la ic\u00f3nica Kendall Jenner. Ahora es el turno del pr\u00eat-\u00e0-porter franc\u00e9s, y<strong> la expectaci\u00f3n es m\u00e1xima<\/strong>.<\/p>\n<p class=\"voc-paragraph\">\u00bfY por qu\u00e9 lo decimos? Principalmente, por todos los debuts que acontecen. El juego de tronos de la moda parece haber concluido recientemente con el nombramiento de Maria Grazia Chiuri como nueva directora creativa de Fendi. Pero durante la Semana de la Moda de Par\u00eds tambi\u00e9n podremos disfrutar de <a href=\"https:\/\/www.mujerhoy.com\/lujo-slow\/jonathan-anderson-nuevo-director-creativo-dior-cronologia-polemica-maria-grazia-chiuri-20250602111447-nt.html\" data-voc-vtm-id=\"in-text-traffic\" title=\"Jonathan Anderson para Dior\" data-mrf-link=\"www.mujerhoy.com\">Jonathan Anderson para Dior<\/a>, que ya debut\u00f3 con su colecci\u00f3n masculina hace apenas unos meses, y de Matthieu Blazy con la nueva colecci\u00f3n de Chanel.<\/p>\n<div class=\"v-c-cmp v-c-cmp--t1 \">\n<div class=\"v-cmp-rld v-cmp-rld--2 \">\n<div class=\"v-cnt-m v-cnt-m--m\">\n<div class=\"v-cnt-m__c\">\n<div class=\"v-cnt-m__w v-cnt-m__w--1\">\n<p class=\"v-cnt-m__t\">\nTAMBI\u00c9N TE INTERESA\n<\/p>\n<\/div>\n<\/div>\n<\/div>\n<div class=\"v-g v-g--2-c v-g--bdr-min-xs\">\n<div class=\"v-g__c \">\n<article class=\"v-a v-a--cmp-rld v-a--cmp-rld-2 v-a--p-l\">\n<div class=\"v-a-img-c\">\n<figure class=\"v-a-fig\">\n<a href=\"https:\/\/www.mujerhoy.com\/moda\/pasarelas\/mercedes-benz-fashion-week-madrid-mejores-desfiles-looks-simorra-adolfo-dominguez-20250919145405-nt.html#vtm_modulosEngag=mod-rel:moda:noticia:1:cmp:2-not\" class=\"v-a-link\" title=\"Los mejores desfiles de Mercedes-Benz Fashion Week Madrid: de la oda de libertad est\u00e9tica de Baro Lucas al desierto floral de Lola Casademunt by Maite\"><br \/>\n<img loading=\"lazy\" class=\"v-a-img\" src=\"http:\/\/cordobainforma.info\/wp-content\/uploads\/2025\/10\/los-mejores-desfiles-de-la-semana-de-la-moda-de-paris-jack-mccollough-y-lazaro-hernandez-reinventan-el-futuro-del-cuero-en-su-debut-en-loewe-1.jpg\" alt=\"Los mejores desfiles de Mercedes-Benz Fashion Week Madrid: de la oda de libertad est\u00e9tica de Baro Lucas al desierto floral de Lola Casademunt by Maite\"><br \/>\n<\/a><br \/>\n<\/figure>\n<\/div>\n<\/article>\n<\/div>\n<div class=\"v-g__c \">\n<article class=\"v-a v-a--cmp-rld v-a--cmp-rld-2 v-a--p-l\">\n<div class=\"v-a-img-c\">\n<figure class=\"v-a-fig\">\n<a href=\"https:\/\/www.mujerhoy.com\/moda\/pasarelas\/carolina-herrera-desfile-plaza-mayor-madrid-edad-oro-movida-celebrities-vittoria-ceretti-20250918220658-nt.html#vtm_modulosEngag=mod-rel:moda:noticia:2:cmp:2-not\" class=\"v-a-link\" title=\"As\u00ed ha sido el espectacular desfile de Carolina Herrera en la Plaza Mayor entre el Siglo de Oro y la Movida madrile\u00f1a\"><br \/>\n<img loading=\"lazy\" class=\"v-a-img\" src=\"http:\/\/cordobainforma.info\/wp-content\/uploads\/2025\/10\/los-mejores-desfiles-de-la-semana-de-la-moda-de-paris-jack-mccollough-y-lazaro-hernandez-reinventan-el-futuro-del-cuero-en-su-debut-en-loewe-2.jpg\" alt=\"As\u00ed ha sido el espectacular desfile de Carolina Herrera en la Plaza Mayor entre el Siglo de Oro y la Movida madrile\u00f1a\"><br \/>\n<\/a><br \/>\n<\/figure>\n<\/div>\n<\/article>\n<\/div>\n<\/div>\n<\/div>\n<\/div>\n<p class=\"voc-paragraph\">Un calendario plagado de grandes nombres: <strong>Stella McCartney, Isabel Marant, Loewe, Herm\u00e8s y Victoria Beckham<\/strong>, entre otros. La moda se erige en la capital francesa para cerrar el circuito completo, que volveremos a disfrutar en la pr\u00f3xima temporada de desfiles en enero. Ahora solo queda repasar los mejores looks de los distintos dise\u00f1adores que presentan colecci\u00f3n en Par\u00eds. \u00a1No te lo pierdas!<\/p>\n<div class=\"v-c-cmp \">\n<div class=\"v-cmp-m v-cmp-m--t1\">\n<article class=\"v-a v-a--cmp-m v-c-cmp--m-p\">\n<div class=\"v-a-img-c v-a-img-c--fw-xs\">\n<div class=\"v-a-fig\">\n<div class=\"v-a-link\">\n<img loading=\"lazy\" src=\"http:\/\/cordobainforma.info\/wp-content\/uploads\/2025\/10\/los-mejores-desfiles-de-la-semana-de-la-moda-de-paris-jack-mccollough-y-lazaro-hernandez-reinventan-el-futuro-del-cuero-en-su-debut-en-loewe-3.jpg\" class=\"v-a-img\" width=\"650\" height=\"975\" alt=\"Loewe.\" data-voc-vtm-id=\"in-text-traffic\">\n<\/div><figcaption class=\"v-fc\">\n<span class=\"v-fc__t\"><br \/>\nLoewe.<br \/>\n<\/span><br \/>\n<span class=\"v-fc__p\"><br \/>\nLaunchmetrics Spotlight<br \/>\n<\/span><br \/>\n<\/figcaption><\/div>\n<\/div>\n<\/article>\n<\/div>\n<\/div>\n<p><h3 class=\"v-cmp-suh\">\nLos mejores looks de la Semana de la Moda de Par\u00eds: Loewe<br \/>\n<\/h3>\n<\/p>\n<p class=\"voc-paragraph\">Jack McCollough y Lazaro Hern\u00e1ndez se estrenaron como directores creativos de la firma espa\u00f1ola Loewe, dando rienda suelta a su imaginaci\u00f3n con una colecci\u00f3n colorida y cargada de simbolismo.<\/p>\n<div class=\"v-c-cmp \">\n<div class=\"v-cmp-m v-cmp-m--t1\">\n<article class=\"v-a v-a--cmp-m v-c-cmp--m-p\">\n<div class=\"v-a-img-c v-a-img-c--fw-xs\">\n<div class=\"v-a-fig\">\n<div class=\"v-a-link\">\n<img loading=\"lazy\" src=\"http:\/\/cordobainforma.info\/wp-content\/uploads\/2025\/10\/los-mejores-desfiles-de-la-semana-de-la-moda-de-paris-jack-mccollough-y-lazaro-hernandez-reinventan-el-futuro-del-cuero-en-su-debut-en-loewe-4.jpg\" class=\"v-a-img\" width=\"650\" height=\"975\" alt=\"Loewe.\" data-voc-vtm-id=\"in-text-traffic\">\n<\/div><figcaption class=\"v-fc\">\n<span class=\"v-fc__t\"><br \/>\nLoewe.<br \/>\n<\/span><br \/>\n<span class=\"v-fc__p\"><br \/>\nLaunchmetrics Spotlight<br \/>\n<\/span><br \/>\n<\/figcaption><\/div>\n<\/div>\n<\/article>\n<\/div>\n<\/div>\n<p><h3 class=\"v-cmp-suh\">\nLos mejores looks de la Semana de la Moda de Par\u00eds: Loewe<br \/>\n<\/h3>\n<\/p>\n<p class=\"voc-paragraph\">Un desfile fresco que puso en valor la artesan\u00eda del cuero en todas sus vertientes, acompa\u00f1ado de un juego de color imposible de pasar por alto.<\/p>\n<div class=\"v-c-cmp \">\n<div class=\"v-cmp-m v-cmp-m--t1\">\n<article class=\"v-a v-a--cmp-m v-c-cmp--m-p\">\n<div class=\"v-a-img-c v-a-img-c--fw-xs\">\n<div class=\"v-a-fig\">\n<div class=\"v-a-link\">\n<img loading=\"lazy\" src=\"http:\/\/cordobainforma.info\/wp-content\/uploads\/2025\/10\/los-mejores-desfiles-de-la-semana-de-la-moda-de-paris-jack-mccollough-y-lazaro-hernandez-reinventan-el-futuro-del-cuero-en-su-debut-en-loewe-5.jpg\" class=\"v-a-img\" width=\"650\" height=\"975\" alt=\"Loewe.\" data-voc-vtm-id=\"in-text-traffic\">\n<\/div><figcaption class=\"v-fc\">\n<span class=\"v-fc__t\"><br \/>\nLoewe.<br \/>\n<\/span><br \/>\n<span class=\"v-fc__p\"><br \/>\nLaunchmetrics Spotlight<br \/>\n<\/span><br \/>\n<\/figcaption><\/div>\n<\/div>\n<\/article>\n<\/div>\n<\/div>\n<p><h3 class=\"v-cmp-suh\">\nLos mejores looks de la Semana de la Moda de Par\u00eds: Loewe<br \/>\n<\/h3>\n<\/p>\n<p class=\"voc-paragraph\">Destacaron las combinaciones bicolor, las chaquetas y los vestidos de corte arquitect\u00f3nico, fruto del trabajo con el cuero.<\/p>\n<div class=\"v-c-cmp \">\n<div class=\"v-cmp-m v-cmp-m--t1\">\n<article class=\"v-a v-a--cmp-m v-c-cmp--m-p\">\n<div class=\"v-a-img-c v-a-img-c--fw-xs\">\n<div class=\"v-a-fig\">\n<div class=\"v-a-link\">\n<img loading=\"lazy\" src=\"http:\/\/cordobainforma.info\/wp-content\/uploads\/2025\/10\/los-mejores-desfiles-de-la-semana-de-la-moda-de-paris-jack-mccollough-y-lazaro-hernandez-reinventan-el-futuro-del-cuero-en-su-debut-en-loewe-6.jpg\" class=\"v-a-img\" width=\"650\" height=\"975\" alt=\"Loewe.\" data-voc-vtm-id=\"in-text-traffic\">\n<\/div><figcaption class=\"v-fc\">\n<span class=\"v-fc__t\"><br \/>\nLoewe.<br \/>\n<\/span><br \/>\n<span class=\"v-fc__p\"><br \/>\nLaunchmetrics Spotlight<br \/>\n<\/span><br \/>\n<\/figcaption><\/div>\n<\/div>\n<\/article>\n<\/div>\n<\/div>\n<p><h3 class=\"v-cmp-suh\">\nLos mejores looks de la Semana de la Moda de Par\u00eds: Loewe<br \/>\n<\/h3>\n<\/p>\n<p class=\"voc-paragraph\">Los bolsos, aut\u00e9ntico buque insignia de la casa, tambi\u00e9n tuvieron un papel protagonista: sobresalieron los de mano y las mochilas, pensadas para lucirse m\u00e1s all\u00e1 de los hombros.<\/p>\n<div class=\"v-c-cmp \">\n<div class=\"v-cmp-m v-cmp-m--t1\">\n<article class=\"v-a v-a--cmp-m v-c-cmp--m-p\">\n<div class=\"v-a-img-c v-a-img-c--fw-xs\">\n<div class=\"v-a-fig\">\n<div class=\"v-a-link\">\n<img loading=\"lazy\" src=\"http:\/\/cordobainforma.info\/wp-content\/uploads\/2025\/10\/los-mejores-desfiles-de-la-semana-de-la-moda-de-paris-jack-mccollough-y-lazaro-hernandez-reinventan-el-futuro-del-cuero-en-su-debut-en-loewe-7.jpg\" class=\"v-a-img\" width=\"650\" height=\"975\" alt=\"Loewe.\" data-voc-vtm-id=\"in-text-traffic\">\n<\/div><figcaption class=\"v-fc\">\n<span class=\"v-fc__t\"><br \/>\nLoewe.<br \/>\n<\/span><br \/>\n<span class=\"v-fc__p\"><br \/>\nLaunchmetrics Spotlight<br \/>\n<\/span><br \/>\n<\/figcaption><\/div>\n<\/div>\n<\/article>\n<\/div>\n<\/div>\n<p><h3 class=\"v-cmp-suh\">\nLos mejores looks de la Semana de la Moda de Par\u00eds: Loewe<br \/>\n<\/h3>\n<\/p>\n<p class=\"voc-paragraph\">Adem\u00e1s de ser un desfile moderno, result\u00f3 comercial y ponible, lo que lo convirti\u00f3 en a\u00fan m\u00e1s especial.<\/p>\n<div class=\"v-c-cmp \">\n<div class=\"v-cmp-m v-cmp-m--t1\">\n<article class=\"v-a v-a--cmp-m v-c-cmp--m-p\">\n<div class=\"v-a-img-c v-a-img-c--fw-xs\">\n<div class=\"v-a-fig\">\n<div class=\"v-a-link\">\n<img loading=\"lazy\" src=\"http:\/\/cordobainforma.info\/wp-content\/uploads\/2025\/10\/los-mejores-desfiles-de-la-semana-de-la-moda-de-paris-jack-mccollough-y-lazaro-hernandez-reinventan-el-futuro-del-cuero-en-su-debut-en-loewe-8.jpg\" class=\"v-a-img\" width=\"650\" height=\"975\" alt=\"Isabel Marant.\" data-voc-vtm-id=\"in-text-traffic\">\n<\/div><figcaption class=\"v-fc\">\n<span class=\"v-fc__t\"><br \/>\nIsabel Marant.<br \/>\n<\/span><br \/>\n<span class=\"v-fc__p\"><br \/>\nLaunchmetrics Spotlight<br \/>\n<\/span><br \/>\n<\/figcaption><\/div>\n<\/div>\n<\/article>\n<\/div>\n<\/div>\n<p><h3 class=\"v-cmp-suh\">\nLos mejores looks de la Semana de la Moda de Par\u00eds: Isabel Marant<br \/>\n<\/h3>\n<\/p>\n<p class=\"voc-paragraph\">Isabel Marant ha reinterpretado su colecci\u00f3n como un festival postapocal\u00edptico con toques boho chic, marcado sobre todo por el uso de tonos tierra y verdes.<\/p>\n<div class=\"v-c-cmp \">\n<div class=\"v-cmp-m v-cmp-m--t1\">\n<article class=\"v-a v-a--cmp-m v-c-cmp--m-p\">\n<div class=\"v-a-img-c v-a-img-c--fw-xs\">\n<div class=\"v-a-fig\">\n<div class=\"v-a-link\">\n<img loading=\"lazy\" src=\"http:\/\/cordobainforma.info\/wp-content\/uploads\/2025\/10\/los-mejores-desfiles-de-la-semana-de-la-moda-de-paris-jack-mccollough-y-lazaro-hernandez-reinventan-el-futuro-del-cuero-en-su-debut-en-loewe-9.jpg\" class=\"v-a-img\" width=\"650\" height=\"975\" alt=\"Isabel Marant.\" data-voc-vtm-id=\"in-text-traffic\">\n<\/div><figcaption class=\"v-fc\">\n<span class=\"v-fc__t\"><br \/>\nIsabel Marant.<br \/>\n<\/span><br \/>\n<span class=\"v-fc__p\"><br \/>\nLaunchmetrics Spotlight<br \/>\n<\/span><br \/>\n<\/figcaption><\/div>\n<\/div>\n<\/article>\n<\/div>\n<\/div>\n<p><h3 class=\"v-cmp-suh\">\nLos mejores looks de la Semana de la Moda de Par\u00eds: Isabel Marant<br \/>\n<\/h3>\n<\/p>\n<p class=\"voc-paragraph\">Tambi\u00e9n hemos podido disfrutar del savoir-faire artesanal de la firma, reflejado en tejidos como el croch\u00e9 y el cuero, junto a delicados detalles de transparencias.<\/p>\n<div class=\"v-c-cmp \">\n<div class=\"v-cmp-m v-cmp-m--t1\">\n<article class=\"v-a v-a--cmp-m v-c-cmp--m-p\">\n<div class=\"v-a-img-c v-a-img-c--fw-xs\">\n<div class=\"v-a-fig\">\n<div class=\"v-a-link\">\n<img loading=\"lazy\" src=\"http:\/\/cordobainforma.info\/wp-content\/uploads\/2025\/10\/los-mejores-desfiles-de-la-semana-de-la-moda-de-paris-jack-mccollough-y-lazaro-hernandez-reinventan-el-futuro-del-cuero-en-su-debut-en-loewe-10.jpg\" class=\"v-a-img\" width=\"650\" height=\"975\" alt=\"Isabel Marant.\" data-voc-vtm-id=\"in-text-traffic\">\n<\/div><figcaption class=\"v-fc\">\n<span class=\"v-fc__t\"><br \/>\nIsabel Marant.<br \/>\n<\/span><br \/>\n<span class=\"v-fc__p\"><br \/>\nLaunchmetrics Spotlight<br \/>\n<\/span><br \/>\n<\/figcaption><\/div>\n<\/div>\n<\/article>\n<\/div>\n<\/div>\n<p><h3 class=\"v-cmp-suh\">\nLos mejores looks de la Semana de la Moda de Par\u00eds: Isabel Marant<br \/>\n<\/h3>\n<\/p>\n<p class=\"voc-paragraph\">Lo mejor, sin duda, han sido los maxi bolsos que acapararon toda la atenci\u00f3n: perfectos para el d\u00eda a d\u00eda y muy vers\u00e1tiles.<\/p>\n<div class=\"v-c-cmp \">\n<div class=\"v-cmp-m v-cmp-m--t1\">\n<article class=\"v-a v-a--cmp-m v-c-cmp--m-p\">\n<div class=\"v-a-img-c v-a-img-c--fw-xs\">\n<div class=\"v-a-fig\">\n<div class=\"v-a-link\">\n<img loading=\"lazy\" src=\"http:\/\/cordobainforma.info\/wp-content\/uploads\/2025\/10\/los-mejores-desfiles-de-la-semana-de-la-moda-de-paris-jack-mccollough-y-lazaro-hernandez-reinventan-el-futuro-del-cuero-en-su-debut-en-loewe-11.jpg\" class=\"v-a-img\" width=\"650\" height=\"975\" alt=\"Rabanne.\" data-voc-vtm-id=\"in-text-traffic\">\n<\/div><figcaption class=\"v-fc\">\n<span class=\"v-fc__t\"><br \/>\nRabanne.<br \/>\n<\/span><br \/>\n<span class=\"v-fc__p\"><br \/>\nLaunchmetrics Spotlight<br \/>\n<\/span><br \/>\n<\/figcaption><\/div>\n<\/div>\n<\/article>\n<\/div>\n<\/div>\n<p><h3 class=\"v-cmp-suh\">\nLos mejores looks de la Semana de la Moda de Par\u00eds: Rabanne<br \/>\n<\/h3>\n<\/p>\n<p class=\"voc-paragraph\">Rabanne se reinventa con una est\u00e9tica floral marina, dejando atr\u00e1s su cl\u00e1sica armadura para reinterpretarla de una manera m\u00e1s fresca.<\/p>\n<div class=\"v-c-cmp \">\n<div class=\"v-cmp-m v-cmp-m--t1\">\n<article class=\"v-a v-a--cmp-m v-c-cmp--m-p\">\n<div class=\"v-a-img-c v-a-img-c--fw-xs\">\n<div class=\"v-a-fig\">\n<div class=\"v-a-link\">\n<img loading=\"lazy\" src=\"http:\/\/cordobainforma.info\/wp-content\/uploads\/2025\/10\/los-mejores-desfiles-de-la-semana-de-la-moda-de-paris-jack-mccollough-y-lazaro-hernandez-reinventan-el-futuro-del-cuero-en-su-debut-en-loewe-12.jpg\" class=\"v-a-img\" width=\"650\" height=\"975\" alt=\"Rabanne.\" data-voc-vtm-id=\"in-text-traffic\">\n<\/div><figcaption class=\"v-fc\">\n<span class=\"v-fc__t\"><br \/>\nRabanne.<br \/>\n<\/span><br \/>\n<span class=\"v-fc__p\"><br \/>\nLaunchmetrics Spotlight<br \/>\n<\/span><br \/>\n<\/figcaption><\/div>\n<\/div>\n<\/article>\n<\/div>\n<\/div>\n<p><h3 class=\"v-cmp-suh\">\nLos mejores looks de la Semana de la Moda de Par\u00eds: Rabanne<br \/>\n<\/h3>\n<\/p>\n<p class=\"voc-paragraph\">Los estampados inspirados en la costa dominaron la mayor\u00eda de los looks, combinados con ese aire futurista al que la firma nos tiene acostumbrados gracias a los metalizados.<\/p>\n<div class=\"v-c-cmp \">\n<div class=\"v-cmp-m v-cmp-m--t1\">\n<article class=\"v-a v-a--cmp-m v-c-cmp--m-p\">\n<div class=\"v-a-img-c v-a-img-c--fw-xs\">\n<div class=\"v-a-fig\">\n<div class=\"v-a-link\">\n<img loading=\"lazy\" src=\"http:\/\/cordobainforma.info\/wp-content\/uploads\/2025\/10\/los-mejores-desfiles-de-la-semana-de-la-moda-de-paris-jack-mccollough-y-lazaro-hernandez-reinventan-el-futuro-del-cuero-en-su-debut-en-loewe-13.jpg\" class=\"v-a-img\" width=\"650\" height=\"975\" alt=\"Rabanne.\" data-voc-vtm-id=\"in-text-traffic\">\n<\/div><figcaption class=\"v-fc\">\n<span class=\"v-fc__t\"><br \/>\nRabanne.<br \/>\n<\/span><br \/>\n<span class=\"v-fc__p\"><br \/>\nLaunchmetrics Spotlight<br \/>\n<\/span><br \/>\n<\/figcaption><\/div>\n<\/div>\n<\/article>\n<\/div>\n<\/div>\n<p><h3 class=\"v-cmp-suh\">\nLos mejores looks de la Semana de la Moda de Par\u00eds: Rabanne<br \/>\n<\/h3>\n<\/p>\n<p class=\"voc-paragraph\">Lo m\u00e1s destacado: la pedrer\u00eda en cada look, que aport\u00f3 mayor teatralidad y un gui\u00f1o evidente al haute couture.<\/p>\n<div class=\"v-c-cmp \">\n<div class=\"v-cmp-m v-cmp-m--t1\">\n<article class=\"v-a v-a--cmp-m v-c-cmp--m-p\">\n<div class=\"v-a-img-c v-a-img-c--fw-xs\">\n<div class=\"v-a-fig\">\n<div class=\"v-a-link\">\n<img loading=\"lazy\" src=\"http:\/\/cordobainforma.info\/wp-content\/uploads\/2025\/10\/los-mejores-desfiles-de-la-semana-de-la-moda-de-paris-jack-mccollough-y-lazaro-hernandez-reinventan-el-futuro-del-cuero-en-su-debut-en-loewe-14.jpg\" class=\"v-a-img\" width=\"650\" height=\"975\" alt=\"Christian Dior.\" data-voc-vtm-id=\"in-text-traffic\">\n<\/div><figcaption class=\"v-fc\">\n<span class=\"v-fc__t\"><br \/>\nChristian Dior.<br \/>\n<\/span><br \/>\n<span class=\"v-fc__p\"><br \/>\nLaunchmetrics Spotlight<br \/>\n<\/span><br \/>\n<\/figcaption><\/div>\n<\/div>\n<\/article>\n<\/div>\n<\/div>\n<p><h3 class=\"v-cmp-suh\">\nLos mejores looks de la Semana de la Moda de Par\u00eds: Christian Dior<br \/>\n<\/h3>\n<\/p>\n<p class=\"voc-paragraph\">El debut de Jonathan Anderson con su nueva colecci\u00f3n femenina estuvo marcado por un repaso a los archivos del se\u00f1or Dior, reinventados con el toque personal del dise\u00f1ador irland\u00e9s.<\/p>\n<div class=\"v-c-cmp \">\n<div class=\"v-cmp-m v-cmp-m--t1\">\n<article class=\"v-a v-a--cmp-m v-c-cmp--m-p\">\n<div class=\"v-a-img-c v-a-img-c--fw-xs\">\n<div class=\"v-a-fig\">\n<div class=\"v-a-link\">\n<img loading=\"lazy\" src=\"http:\/\/cordobainforma.info\/wp-content\/uploads\/2025\/10\/los-mejores-desfiles-de-la-semana-de-la-moda-de-paris-jack-mccollough-y-lazaro-hernandez-reinventan-el-futuro-del-cuero-en-su-debut-en-loewe-15.jpg\" class=\"v-a-img\" width=\"650\" height=\"975\" alt=\"Christian Dior.\" data-voc-vtm-id=\"in-text-traffic\">\n<\/div><figcaption class=\"v-fc\">\n<span class=\"v-fc__t\"><br \/>\nChristian Dior.<br \/>\n<\/span><br \/>\n<span class=\"v-fc__p\"><br \/>\nLaunchmetrics Spotlight<br \/>\n<\/span><br \/>\n<\/figcaption><\/div>\n<\/div>\n<\/article>\n<\/div>\n<\/div>\n<p><h3 class=\"v-cmp-suh\">\nLos mejores looks de la Semana de la Moda de Par\u00eds: Christian Dior<br \/>\n<\/h3>\n<\/p>\n<p class=\"voc-paragraph\">Los vestidos lenceros, las capas y los vol\u00famenes en faldas se erigieron como protagonistas del desfile. Tambi\u00e9n hubo espacio para una reinterpretaci\u00f3n del New Look, actualizado con un aire contempor\u00e1neo y adaptado a la mujer actual.<\/p>\n<div class=\"v-c-cmp \">\n<div class=\"v-cmp-m v-cmp-m--t1\">\n<article class=\"v-a v-a--cmp-m v-c-cmp--m-p\">\n<div class=\"v-a-img-c v-a-img-c--fw-xs\">\n<div class=\"v-a-fig\">\n<div class=\"v-a-link\">\n<img loading=\"lazy\" src=\"http:\/\/cordobainforma.info\/wp-content\/uploads\/2025\/10\/los-mejores-desfiles-de-la-semana-de-la-moda-de-paris-jack-mccollough-y-lazaro-hernandez-reinventan-el-futuro-del-cuero-en-su-debut-en-loewe-16.jpg\" class=\"v-a-img\" width=\"650\" height=\"975\" alt=\"Christian Dior.\" data-voc-vtm-id=\"in-text-traffic\">\n<\/div><figcaption class=\"v-fc\">\n<span class=\"v-fc__t\"><br \/>\nChristian Dior.<br \/>\n<\/span><br \/>\n<span class=\"v-fc__p\"><br \/>\nLaunchmetrics Spotlight<br \/>\n<\/span><br \/>\n<\/figcaption><\/div>\n<\/div>\n<\/article>\n<\/div>\n<\/div>\n<p><h3 class=\"v-cmp-suh\">\nLos mejores looks de la Semana de la Moda de Par\u00eds: Christian Dior<br \/>\n<\/h3>\n<\/p>\n<p class=\"voc-paragraph\">El Jard\u00edn de las Tuller\u00edas fue el escenario central donde Anderson despleg\u00f3 una colecci\u00f3n que no dej\u00f3 indiferente a nadie. Lo mejor: los sombreros, presentes como complemento en casi todos los estilismos.<\/p>\n<div class=\"v-c-cmp \">\n<div class=\"v-cmp-m v-cmp-m--t1\">\n<article class=\"v-a v-a--cmp-m v-c-cmp--m-p\">\n<div class=\"v-a-img-c v-a-img-c--fw-xs\">\n<div class=\"v-a-fig\">\n<div class=\"v-a-link\">\n<img loading=\"lazy\" src=\"http:\/\/cordobainforma.info\/wp-content\/uploads\/2025\/10\/los-mejores-desfiles-de-la-semana-de-la-moda-de-paris-jack-mccollough-y-lazaro-hernandez-reinventan-el-futuro-del-cuero-en-su-debut-en-loewe-17.jpg\" class=\"v-a-img\" width=\"650\" height=\"975\" alt=\"Louis Vuitton.\" data-voc-vtm-id=\"in-text-traffic\">\n<\/div><figcaption class=\"v-fc\">\n<span class=\"v-fc__t\"><br \/>\nLouis Vuitton.<br \/>\n<\/span><br \/>\n<span class=\"v-fc__p\"><br \/>\nLaunchmetrics Spotlight<br \/>\n<\/span><br \/>\n<\/figcaption><\/div>\n<\/div>\n<\/article>\n<\/div>\n<\/div>\n<p><h3 class=\"v-cmp-suh\">\nLos mejores looks de la Semana de la Moda de Par\u00eds: Louis Vuitton<br \/>\n<\/h3>\n<\/p>\n<p class=\"voc-paragraph\">Ana de Austria y su apartamento se erigieron como los grandes protagonistas de la nueva colecci\u00f3n de Nicolas Ghesqui\u00e8re para Louis Vuitton.<\/p>\n<div class=\"v-c-cmp \">\n<div class=\"v-cmp-m v-cmp-m--t1\">\n<article class=\"v-a v-a--cmp-m v-c-cmp--m-p\">\n<div class=\"v-a-img-c v-a-img-c--fw-xs\">\n<div class=\"v-a-fig\">\n<div class=\"v-a-link\">\n<img loading=\"lazy\" src=\"http:\/\/cordobainforma.info\/wp-content\/uploads\/2025\/10\/los-mejores-desfiles-de-la-semana-de-la-moda-de-paris-jack-mccollough-y-lazaro-hernandez-reinventan-el-futuro-del-cuero-en-su-debut-en-loewe-18.jpg\" class=\"v-a-img\" width=\"650\" height=\"975\" alt=\"Louis Vuitton.\" data-voc-vtm-id=\"in-text-traffic\">\n<\/div><figcaption class=\"v-fc\">\n<span class=\"v-fc__t\"><br \/>\nLouis Vuitton.<br \/>\n<\/span><br \/>\n<span class=\"v-fc__p\"><br \/>\nLaunchmetrics Spotlight<br \/>\n<\/span><br \/>\n<\/figcaption><\/div>\n<\/div>\n<\/article>\n<\/div>\n<\/div>\n<p><h3 class=\"v-cmp-suh\">\nLos mejores looks de la Semana de la Moda de Par\u00eds: Louis Vuitton<br \/>\n<\/h3>\n<\/p>\n<p class=\"voc-paragraph\">Una propuesta rom\u00e1ntica y con aire royal, visible en los largos vestidos, pero tambi\u00e9n en los complementos: turbantes y maxi lazos cargados de romanticismo.<\/p>\n<div class=\"v-c-cmp \">\n<div class=\"v-cmp-m v-cmp-m--t1\">\n<article class=\"v-a v-a--cmp-m v-c-cmp--m-p\">\n<div class=\"v-a-img-c v-a-img-c--fw-xs\">\n<div class=\"v-a-fig\">\n<div class=\"v-a-link\">\n<img loading=\"lazy\" src=\"http:\/\/cordobainforma.info\/wp-content\/uploads\/2025\/10\/los-mejores-desfiles-de-la-semana-de-la-moda-de-paris-jack-mccollough-y-lazaro-hernandez-reinventan-el-futuro-del-cuero-en-su-debut-en-loewe-19.jpg\" class=\"v-a-img\" width=\"650\" height=\"975\" alt=\"Louis Vuitton.\" data-voc-vtm-id=\"in-text-traffic\">\n<\/div><figcaption class=\"v-fc\">\n<span class=\"v-fc__t\"><br \/>\nLouis Vuitton.<br \/>\n<\/span><br \/>\n<span class=\"v-fc__p\"><br \/>\nLaunchmetrics Spotlight<br \/>\n<\/span><br \/>\n<\/figcaption><\/div>\n<\/div>\n<\/article>\n<\/div>\n<\/div>\n<p><h3 class=\"v-cmp-suh\">\nLos mejores looks de la Semana de la Moda de Par\u00eds: Louis Vuitton<br \/>\n<\/h3>\n<\/p>\n<p class=\"voc-paragraph\">Las transparencias sutiles sobre vestidos lenceros y los vol\u00famenes et\u00e9reos convirtieron esta colecci\u00f3n en un homenaje al gusto franc\u00e9s, pero tambi\u00e9n a la elegancia innata.<\/p>\n<div class=\"v-c-cmp \">\n<div class=\"v-cmp-m v-cmp-m--t1\">\n<article class=\"v-a v-a--cmp-m v-c-cmp--m-p\">\n<div class=\"v-a-img-c v-a-img-c--fw-xs\">\n<div class=\"v-a-fig\">\n<div class=\"v-a-link\">\n<img loading=\"lazy\" src=\"http:\/\/cordobainforma.info\/wp-content\/uploads\/2025\/10\/los-mejores-desfiles-de-la-semana-de-la-moda-de-paris-jack-mccollough-y-lazaro-hernandez-reinventan-el-futuro-del-cuero-en-su-debut-en-loewe-20.jpg\" class=\"v-a-img\" width=\"650\" height=\"975\" alt=\"Stella McCartney.\" data-voc-vtm-id=\"in-text-traffic\">\n<\/div><figcaption class=\"v-fc\">\n<span class=\"v-fc__t\"><br \/>\nStella McCartney.<br \/>\n<\/span><br \/>\n<span class=\"v-fc__p\"><br \/>\nLaunchmetrics Spotlight<br \/>\n<\/span><br \/>\n<\/figcaption><\/div>\n<\/div>\n<\/article>\n<\/div>\n<\/div>\n<p><h3 class=\"v-cmp-suh\">\nLos mejores looks de la Semana de la Moda de Par\u00eds: Stella McCartney<br \/>\n<\/h3>\n<\/p>\n<p class=\"voc-paragraph\">Stella McCartney no present\u00f3 un desfile al uso: aprovech\u00f3 la pasarela para hacer activismo medioambiental a trav\u00e9s del uso de tejidos respetuosos con la naturaleza, en especial materiales vegetales que simulan plumas reales.<\/p>\n<div class=\"v-c-cmp \">\n<div class=\"v-cmp-m v-cmp-m--t1\">\n<article class=\"v-a v-a--cmp-m v-c-cmp--m-p\">\n<div class=\"v-a-img-c v-a-img-c--fw-xs\">\n<div class=\"v-a-fig\">\n<div class=\"v-a-link\">\n<img loading=\"lazy\" src=\"http:\/\/cordobainforma.info\/wp-content\/uploads\/2025\/10\/los-mejores-desfiles-de-la-semana-de-la-moda-de-paris-jack-mccollough-y-lazaro-hernandez-reinventan-el-futuro-del-cuero-en-su-debut-en-loewe-21.jpg\" class=\"v-a-img\" width=\"650\" height=\"975\" alt=\"Stella McCartney.\" data-voc-vtm-id=\"in-text-traffic\">\n<\/div><figcaption class=\"v-fc\">\n<span class=\"v-fc__t\"><br \/>\nStella McCartney.<br \/>\n<\/span><br \/>\n<span class=\"v-fc__p\"><br \/>\nLaunchmetrics Spotlight<br \/>\n<\/span><br \/>\n<\/figcaption><\/div>\n<\/div>\n<\/article>\n<\/div>\n<\/div>\n<p><h3 class=\"v-cmp-suh\">\nLos mejores looks de la Semana de la Moda de Par\u00eds: Stella McCartney<br \/>\n<\/h3>\n<\/p>\n<p class=\"voc-paragraph\">Las siluetas casi arquitect\u00f3nicas de la dise\u00f1adora se repitieron a lo largo de la colecci\u00f3n, destacando en tops con escote coraz\u00f3n, blazers con maxi hombreras y vestidos con vol\u00famenes en la falda.<\/p>\n<div class=\"v-c-cmp \">\n<div class=\"v-cmp-m v-cmp-m--t1\">\n<article class=\"v-a v-a--cmp-m v-c-cmp--m-p\">\n<div class=\"v-a-img-c v-a-img-c--fw-xs\">\n<div class=\"v-a-fig\">\n<div class=\"v-a-link\">\n<img loading=\"lazy\" src=\"http:\/\/cordobainforma.info\/wp-content\/uploads\/2025\/10\/los-mejores-desfiles-de-la-semana-de-la-moda-de-paris-jack-mccollough-y-lazaro-hernandez-reinventan-el-futuro-del-cuero-en-su-debut-en-loewe-22.jpg\" class=\"v-a-img\" width=\"650\" height=\"975\" alt=\"Stella McCartney.\" data-voc-vtm-id=\"in-text-traffic\">\n<\/div><figcaption class=\"v-fc\">\n<span class=\"v-fc__t\"><br \/>\nStella McCartney.<br \/>\n<\/span><br \/>\n<span class=\"v-fc__p\"><br \/>\nLaunchmetrics Spotlight<br \/>\n<\/span><br \/>\n<\/figcaption><\/div>\n<\/div>\n<\/article>\n<\/div>\n<\/div>\n<p><h3 class=\"v-cmp-suh\">\nLos mejores looks de la Semana de la Moda de Par\u00eds: Stella McCartney<br \/>\n<\/h3>\n<\/p>\n<p class=\"voc-paragraph\">El rojo, el lila y el rosa conformaron la paleta crom\u00e1tica m\u00e1s destacada de sus looks, tanto en las prendas como en bolsos y complementos.<\/p>\n<p class=\"voc-paragraph\">La industria de la moda atraviesa en este momento un cambio de gran impacto, marcado sobre todo por los nuevos directores creativos que han sabido realzar la esencia de las firmas a su cargo. \u00bfLo pr\u00f3ximo? <a href=\"https:\/\/www.mujerhoy.com\/temas\/eventos\/semana-de-la-moda-de-nueva-york.html\" data-voc-vtm-id=\"in-text-traffic\" title=\"La Semana de la Moda de Nueva York\" data-mrf-link=\"www.mujerhoy.com\">La Semana de la Moda de Nueva York<\/a>, que dar\u00e1 paso a la temporada oto\u00f1o-invierno 2026 y se presentar\u00e1 en enero del pr\u00f3ximo a\u00f1o, inaugurando as\u00ed la big four de la moda.<\/p>\n<div class=\"v-c-cmp v-c-cmp--t1 \">\n<div class=\"v-cmp-rld v-cmp-rld--2 \">\n<div class=\"v-cnt-m v-cnt-m--m\">\n<div class=\"v-cnt-m__c\">\n<div class=\"v-cnt-m__w v-cnt-m__w--1\">\n<p class=\"v-cnt-m__t\">\nTAMBI\u00c9N TE INTERESA\n<\/p>\n<\/div>\n<\/div>\n<\/div>\n<div class=\"v-g v-g--2-c v-g--bdr-min-xs\">\n<div class=\"v-g__c \">\n<article class=\"v-a v-a--cmp-rld v-a--cmp-rld-2 v-a--p-l\">\n<div class=\"v-a-img-c\">\n<figure class=\"v-a-fig\">\n<a href=\"https:\/\/www.mujerhoy.com\/moda\/pasarelas\/victoria-federica-front-row-desfile-simorra-mejores-looks-famosas-20250918114530-nt.html#vtm_modulosEngag=mod-rel:moda:noticia:1:cmp:2-not\" class=\"v-a-link\" title=\"Victoria Federica y otras caras conocidas en el Front Row del desfile m\u00e1s bonito de Simorra hasta la fecha\"><br \/>\n<img loading=\"lazy\" class=\"v-a-img\" src=\"http:\/\/cordobainforma.info\/wp-content\/uploads\/2025\/10\/los-mejores-desfiles-de-la-semana-de-la-moda-de-paris-jack-mccollough-y-lazaro-hernandez-reinventan-el-futuro-del-cuero-en-su-debut-en-loewe-23.jpg\" alt=\"Victoria Federica y otras caras conocidas en el Front Row del desfile m\u00e1s bonito de Simorra hasta la fecha\"><br \/>\n<\/a><br \/>\n<\/figure>\n<\/div>\n<\/article>\n<\/div>\n<div class=\"v-g__c \">\n<article class=\"v-a v-a--cmp-rld v-a--cmp-rld-2 v-a--p-l\">\n<div class=\"v-a-img-c\">\n<figure class=\"v-a-fig\">\n<a href=\"https:\/\/www.mujerhoy.com\/moda\/pasarelas\/madrid-es-moda-desfile-inaugural-jardines-plaza-oriente-decimo-aniversario-artesania-20250914113503-nt.html#vtm_modulosEngag=mod-rel:moda:noticia:2:cmp:2-not\" class=\"v-a-link\" title=\"As\u00ed ha sido el espectacular desfile inaugural de Madrid es Moda en los jardines de la Plaza de Oriente\"><br \/>\n<img loading=\"lazy\" class=\"v-a-img\" src=\"http:\/\/cordobainforma.info\/wp-content\/uploads\/2025\/10\/los-mejores-desfiles-de-la-semana-de-la-moda-de-paris-jack-mccollough-y-lazaro-hernandez-reinventan-el-futuro-del-cuero-en-su-debut-en-loewe-24.jpg\" alt=\"As\u00ed ha sido el espectacular desfile inaugural de Madrid es Moda en los jardines de la Plaza de Oriente\"><br \/>\n<\/a><br \/>\n<\/figure>\n<\/div>\n<\/article>\n<\/div>\n<\/div>\n<\/div>\n<\/div>\n","protected":false},"excerpt":{"rendered":"<p>La Ciudad de la Luz pone el broche de oro a las presentaciones de primavera-verano 2026, tras descubrir los nuevos debuts de la Semana de la Moda de Mil\u00e1n: desde Dario Vitales para Versace hasta Demna para Gucci, con un fashion film protagonizado por Demi Moore. Tampoco podemos olvidar el desfile homenaje al reci\u00e9n fallecido [&hellip;]<\/p>\n","protected":false},"author":1,"featured_media":170388,"comment_status":"closed","ping_status":"closed","sticky":false,"template":"","format":"standard","meta":[],"categories":[24],"tags":[],"_links":{"self":[{"href":"http:\/\/cordobainforma.info\/index.php\/wp-json\/wp\/v2\/posts\/170387"}],"collection":[{"href":"http:\/\/cordobainforma.info\/index.php\/wp-json\/wp\/v2\/posts"}],"about":[{"href":"http:\/\/cordobainforma.info\/index.php\/wp-json\/wp\/v2\/types\/post"}],"author":[{"embeddable":true,"href":"http:\/\/cordobainforma.info\/index.php\/wp-json\/wp\/v2\/users\/1"}],"replies":[{"embeddable":true,"href":"http:\/\/cordobainforma.info\/index.php\/wp-json\/wp\/v2\/comments?post=170387"}],"version-history":[{"count":0,"href":"http:\/\/cordobainforma.info\/index.php\/wp-json\/wp\/v2\/posts\/170387\/revisions"}],"wp:featuredmedia":[{"embeddable":true,"href":"http:\/\/cordobainforma.info\/index.php\/wp-json\/wp\/v2\/media\/170388"}],"wp:attachment":[{"href":"http:\/\/cordobainforma.info\/index.php\/wp-json\/wp\/v2\/media?parent=170387"}],"wp:term":[{"taxonomy":"category","embeddable":true,"href":"http:\/\/cordobainforma.info\/index.php\/wp-json\/wp\/v2\/categories?post=170387"},{"taxonomy":"post_tag","embeddable":true,"href":"http:\/\/cordobainforma.info\/index.php\/wp-json\/wp\/v2\/tags?post=170387"}],"curies":[{"name":"wp","href":"https:\/\/api.w.org\/{rel}","templated":true}]}}