{"id":170376,"date":"2025-10-03T14:03:54","date_gmt":"2025-10-03T14:03:54","guid":{"rendered":"https:\/\/cordoba.gob.ar\/?p=81758"},"modified":"2025-10-03T14:03:54","modified_gmt":"2025-10-03T14:03:54","slug":"el-sabado-empieza-la-feria-del-libro-cordoba-2025","status":"publish","type":"post","link":"http:\/\/cordobainforma.info\/index.php\/2025\/10\/03\/el-sabado-empieza-la-feria-del-libro-cordoba-2025\/","title":{"rendered":"El s\u00e1bado empieza la Feria del Libro C\u00f3rdoba 2025"},"content":{"rendered":"<div><img src=\"http:\/\/cordobainforma.info\/wp-content\/uploads\/2025\/10\/el-sabado-empieza-la-feria-del-libro-cordoba-2025.jpg\" class=\"ff-og-image-inserted\"><\/div>\n<ul>\n<li><strong>Se desarrollar\u00e1 en la Supermanzana de la Intendencia y centros culturales de la ciudad entre el 4 y 19 de octubre. Los stands estar\u00e1n abiertos al p\u00fablico desde las 11:00 horas del s\u00e1bado.<\/strong><\/li>\n<\/ul>\n<hr>\n<p>\u201cEl libro es el artefacto que ha hecho que la palabra nos anteceda y nos preceda\u201d. Ese es el esp\u00edritu del texto escrito por Andrea Bocco y Juan Cruz Taborda Varela, encargados de la curadur\u00eda de la 39\u00aa Feria del Libro C\u00f3rdoba 2025, que arranca este s\u00e1bado y se extender\u00e1 hasta el 19 de octubre, con \u201cHumanismo y Libertad. Una ciudad y mil po\u00e9ticas\u201d como leitmotiv. Ser\u00e1 en la Supermanzana de la Intendencia y en otros espacios culturales.<\/p>\n<p>Ofrece m\u00e1s de 300 actividades, un centenar de stands de librer\u00edas y editoriales independientes, ocho ciclos y la posibilidad de revivir el v\u00ednculo con las ideas y la fantas\u00eda. Abrir\u00e1 sus puertas de 11:00 a 21:00 horas de lunes a s\u00e1bados, y de 15:00 a 21:00 los domingos.<\/p>\n<p>Entre los invitados se destacan las presencias de Mart\u00edn Kohan, quien trae su libro \u201cEl tiempo m\u00e1s feliz\u201d; Felipe Pigna, que estrenar\u00e1 ante el p\u00fablico cordob\u00e9s \u201cConspiraci\u00f3n en Londres\u201d, su primera incursi\u00f3n en la novel\u00edstica ficcional; y Selva Almada, quien brindar\u00e1 una charla sobre su obra literaria y la impronta feminista en Latinoam\u00e9rica.<\/p>\n<p>El primer d\u00eda de la Feria del Libro C\u00f3rdoba 2025 tiene como destacados una conferencia abierta sobre el \u201cHumanismo y la Libertad\u201d, con Reynaldo Sietecase, prevista para el s\u00e1bado a las 20:00, en la Carpa Naranja \u201cLeonor Allende\u201d; y la entrega del Premio Burnichon.<\/p>\n<p>Asimismo, habr\u00e1 espacio de historietas, mesas tem\u00e1ticas sobre m\u00faltiples perspectivas, talleres creativos, espacios de m\u00fasica en vivo, poes\u00eda perform\u00e1tica, un ciclo de Conicet y un ciclo de cine con la idea de conmemorar los 40 a\u00f1os del Juicio a las Juntas, el 50 aniversario de la muerte de Agust\u00edn Tosco y homenajes a los escritores Haroldo Conti y Juan Jos\u00e9 Saer, entre otras.<\/p>\n<p><a href=\"https:\/\/feriadellibro.cordoba.gob.ar\/\">Programaci\u00f3n completa.<\/a><\/p>\n","protected":false},"excerpt":{"rendered":"<p>Se desarrollar\u00e1 en la Supermanzana de la Intendencia y centros culturales de la ciudad entre el 4 y 19 de octubre. Los stands estar\u00e1n abiertos al p\u00fablico desde las 11:00 horas del s\u00e1bado. \u201cEl libro es el artefacto que ha hecho que la palabra nos anteceda y nos preceda\u201d. Ese es el esp\u00edritu del texto [&hellip;]<\/p>\n","protected":false},"author":1,"featured_media":170377,"comment_status":"closed","ping_status":"closed","sticky":false,"template":"","format":"standard","meta":[],"categories":[2],"tags":[],"_links":{"self":[{"href":"http:\/\/cordobainforma.info\/index.php\/wp-json\/wp\/v2\/posts\/170376"}],"collection":[{"href":"http:\/\/cordobainforma.info\/index.php\/wp-json\/wp\/v2\/posts"}],"about":[{"href":"http:\/\/cordobainforma.info\/index.php\/wp-json\/wp\/v2\/types\/post"}],"author":[{"embeddable":true,"href":"http:\/\/cordobainforma.info\/index.php\/wp-json\/wp\/v2\/users\/1"}],"replies":[{"embeddable":true,"href":"http:\/\/cordobainforma.info\/index.php\/wp-json\/wp\/v2\/comments?post=170376"}],"version-history":[{"count":0,"href":"http:\/\/cordobainforma.info\/index.php\/wp-json\/wp\/v2\/posts\/170376\/revisions"}],"wp:featuredmedia":[{"embeddable":true,"href":"http:\/\/cordobainforma.info\/index.php\/wp-json\/wp\/v2\/media\/170377"}],"wp:attachment":[{"href":"http:\/\/cordobainforma.info\/index.php\/wp-json\/wp\/v2\/media?parent=170376"}],"wp:term":[{"taxonomy":"category","embeddable":true,"href":"http:\/\/cordobainforma.info\/index.php\/wp-json\/wp\/v2\/categories?post=170376"},{"taxonomy":"post_tag","embeddable":true,"href":"http:\/\/cordobainforma.info\/index.php\/wp-json\/wp\/v2\/tags?post=170376"}],"curies":[{"name":"wp","href":"https:\/\/api.w.org\/{rel}","templated":true}]}}