{"id":170320,"date":"2025-10-03T00:56:46","date_gmt":"2025-10-03T00:56:46","guid":{"rendered":"https:\/\/somoscordobeses.com\/2025\/10\/02\/la-unc-exigira-la-aplicacion-de-la-ley-de-financiamiento-universitario-2\/"},"modified":"2025-10-03T00:56:46","modified_gmt":"2025-10-03T00:56:46","slug":"la-unc-exigira-la-aplicacion-de-la-ley-de-financiamiento-universitario","status":"publish","type":"post","link":"http:\/\/cordobainforma.info\/index.php\/2025\/10\/03\/la-unc-exigira-la-aplicacion-de-la-ley-de-financiamiento-universitario\/","title":{"rendered":"La UNC exigir\u00e1 la aplicaci\u00f3n de la Ley de Financiamiento Universitario"},"content":{"rendered":"<div><img src=\"http:\/\/cordobainforma.info\/wp-content\/uploads\/2025\/10\/la-unc-exigira-la-aplicacion-de-la-ley-de-financiamiento-universitario.jpg\" class=\"ff-og-image-inserted\"><\/div>\n<p>La <strong>Universidad Nacional de C\u00f3rdoba<\/strong> celebr\u00f3 este jueves la ratificaci\u00f3n de la ley de financiamiento universitario y el rechazo del veto del presidente <strong>Javier Milei<\/strong>.<\/p>\n<p>\u00abVamos a insistir para que esto sea haga efectivo en el marco de la constituci\u00f3n y de la ley\u00bb, afirm\u00f3 el secretario de extensi\u00f3n de la Casa de Trejo,<strong> Conrado Storani<\/strong>, en di\u00e1logo con <i>Ahora Noticias<\/i> por <strong>SRT Media<\/strong>.<\/p>\n<p>Tras la confirmaci\u00f3n de la normativa, que apunta a compensar la p\u00e9rdida salarial docente y el desfinanciamiento general de las casas de altos estudios, la batalla se trasladar\u00e1 a la promulgaci\u00f3n que est\u00e1 en manos de Milei.<\/p>\n<p><strong>Ver: <\/strong><strong>El Senado rechaz\u00f3 los vetos al financiamiento universitario y a la Ley Garrahan<\/strong><br \/>&nbsp;<\/p>\n<p>El antecedente de la<strong> Ley de Emergencia en Discapacidad<\/strong> marca que la administraci\u00f3n libertaria intentar\u00e1 dilatar la aplicaci\u00f3n por medio de argumentos fiscalistas.<\/p>\n<p>En el caso de la normativa que afecta a prestadores de servicios, personas con discapacidad y familias en general, el gobierno suspendi\u00f3 a aplicaci\u00f3n hasta que el <strong>Congreso de la Naci\u00f3n<\/strong> indique las fuentes de financiamiento.<\/p>\n<p><strong>Ver: <\/strong><strong>Rechazo a los vetos del Garrahan y Universidades: \u00bfc\u00f3mo votaron los senadores de C\u00f3rdoba?<\/strong><br \/>&nbsp;<\/p>\n<p>En paralelo comienzan a presentarse amparos en la Justicia de afectados que reclaman la aplicaci\u00f3n de la Ley.<\/p>\n<p>\u00abEl 90% del presupuesto universitario tiene que ver con los salarios de los docentes y de no decentes, eso est\u00e1 muy deteriorado y ha sufrido una perdida del 40%\u00bb, afirm\u00f3 Storani.&nbsp;<\/p>\n","protected":false},"excerpt":{"rendered":"<p>La Universidad Nacional de C\u00f3rdoba celebr\u00f3 este jueves la ratificaci\u00f3n de la ley de financiamiento universitario y el rechazo del veto del presidente Javier Milei. \u00abVamos a insistir para que esto sea haga efectivo en el marco de la constituci\u00f3n y de la ley\u00bb, afirm\u00f3 el secretario de extensi\u00f3n de la Casa de Trejo, Conrado [&hellip;]<\/p>\n","protected":false},"author":1,"featured_media":170321,"comment_status":"closed","ping_status":"closed","sticky":false,"template":"","format":"standard","meta":[],"categories":[2],"tags":[],"_links":{"self":[{"href":"http:\/\/cordobainforma.info\/index.php\/wp-json\/wp\/v2\/posts\/170320"}],"collection":[{"href":"http:\/\/cordobainforma.info\/index.php\/wp-json\/wp\/v2\/posts"}],"about":[{"href":"http:\/\/cordobainforma.info\/index.php\/wp-json\/wp\/v2\/types\/post"}],"author":[{"embeddable":true,"href":"http:\/\/cordobainforma.info\/index.php\/wp-json\/wp\/v2\/users\/1"}],"replies":[{"embeddable":true,"href":"http:\/\/cordobainforma.info\/index.php\/wp-json\/wp\/v2\/comments?post=170320"}],"version-history":[{"count":0,"href":"http:\/\/cordobainforma.info\/index.php\/wp-json\/wp\/v2\/posts\/170320\/revisions"}],"wp:featuredmedia":[{"embeddable":true,"href":"http:\/\/cordobainforma.info\/index.php\/wp-json\/wp\/v2\/media\/170321"}],"wp:attachment":[{"href":"http:\/\/cordobainforma.info\/index.php\/wp-json\/wp\/v2\/media?parent=170320"}],"wp:term":[{"taxonomy":"category","embeddable":true,"href":"http:\/\/cordobainforma.info\/index.php\/wp-json\/wp\/v2\/categories?post=170320"},{"taxonomy":"post_tag","embeddable":true,"href":"http:\/\/cordobainforma.info\/index.php\/wp-json\/wp\/v2\/tags?post=170320"}],"curies":[{"name":"wp","href":"https:\/\/api.w.org\/{rel}","templated":true}]}}