{"id":170285,"date":"2025-10-02T15:52:47","date_gmt":"2025-10-02T15:52:47","guid":{"rendered":"https:\/\/www.escribiendocine.com\/noticias\/2025\/10\/02\/20603-critica-de-rockstar-duki-desde-el-fin-del-mundo-musica-urbana-identidad-y-consagracion-colectiva"},"modified":"2025-10-02T15:52:47","modified_gmt":"2025-10-02T15:52:47","slug":"critica-de-rockstar-duki-desde-el-fin-del-mundo-musica-urbana-identidad-y-consagracion-colectiva","status":"publish","type":"post","link":"http:\/\/cordobainforma.info\/index.php\/2025\/10\/02\/critica-de-rockstar-duki-desde-el-fin-del-mundo-musica-urbana-identidad-y-consagracion-colectiva\/","title":{"rendered":"Cr\u00edtica de \u201cRockstar: DUKI desde el fin del mundo\u201d\u00bb m\u00fasica urbana, identidad y consagraci\u00f3n colectiva"},"content":{"rendered":"<div class=\"media_block\"><\/div>\n<div><img src=\"http:\/\/cordobainforma.info\/wp-content\/uploads\/2025\/10\/critica-de-rockstar-duki-desde-el-fin-del-mundo-musica-urbana-identidad-y-consagracion-colectiva.jpg\" class=\"ff-og-image-inserted\"><\/div>\n<div readability=\"15.762711864407\">\n<div class=\"col-xs-12 col-sm-6 col-md-12 col-lg-3 no-padding col-der\" readability=\"7\">\n<p> <span class=\"fecha\">jueves 02 de octubre de 2025 <\/span> <\/p>\n<\/p><\/div><\/div>\n<div readability=\"55\">\n<p>En los \u00faltimos a\u00f1os, el trap argentino dej\u00f3 de ser un fen\u00f3meno de plazas para convertirse en un movimiento capaz de llenar estadios y proyectarse al mundo. En ese recorrido, DUKI se consolid\u00f3 como una de sus figuras m\u00e1s representativas. Esa trayectoria encuentra en <strong>Rockstar: DUKI desde el fin del mundo<\/strong> (Netflix, 2025) un relato que combina intimidad y \u00e9pica generacional.<\/p>\n<p class=\"noticia-relacionada noEditable\" data-id=\"20384\"><ampiframe src=\"https:\/\/www.escribiendocine.com\/api\/noticias\/20384\/relacionadas?amp=1\" layout=\"fixed-height\" sandbox=\"allow-top-navigation allow-top-navigation-by-user-activation allow-scripts \" height=\"100px\"> <b placeholder>Lee tambi\u00e9n: \u00abRockstar: DUKI desde el fin del mundo\u00bb, el nuevo documental sobre la figura del trap<\/b> <\/ampiframe><\/p>\n<p>Dirigido por Alejandro Hartmann ((<strong>Los hermanos Menendez<\/strong>, <strong>El fot\u00f3grafo y el cartero: El crimen de Cabezas<\/strong>, <strong>Carmel: \u00bfQui\u00e9n mat\u00f3 a Mar\u00eda Marta<\/strong>), el rockumental se organiza como una cuenta regresiva hacia los conciertos en River Plate de diciembre de 2023. El recurso imprime tensi\u00f3n y convierte el show en met\u00e1fora del pasaje de Mauro Lombardo a DUKI, del \u00e1mbito \u00edntimo a la consagraci\u00f3n masiva. La puesta en escena refuerza esa idea mediante contrastes: primeros planos en momentos privados frente a planos abiertos en el estadio colmado.<\/p>\n<p>El film enlaza el presente con los or\u00edgenes: de las rimas en <strong>El Quinto Escal\u00f3n<\/strong>, mito fundacional ya clausurado, a la creaci\u00f3n de <strong>Modo Diablo<\/strong>, colectivo que marc\u00f3 el inicio del trap argentino. Ese repaso no aparece como gesto nost\u00e1lgico, sino como parte de un proceso en curso que explica el lugar que DUKI ocupa hoy en la escena musical.<\/p>\n<p>Los testimonios de Bizarrap, Nicki Nicole, Emilia Mernes, YSY A, Neo Pistea y la familia suman matices y ampl\u00edan la lectura: lo que podr\u00eda leerse como la&nbsp; simple biograf\u00eda de un m\u00fasico se transforma en el retrato colectivo de una generaci\u00f3n que redefini\u00f3 la m\u00fasica urbana en Argentina.<\/p>\n<p>Uno de los n\u00facleos de la pel\u00edcula es la tensi\u00f3n entre Mauro y DUKI. El primero aparece en la intimidad del estudio, la ruta o el entorno familiar; el segundo como figura p\u00fablica que moviliza multitudes. Hartmann explora esa dualidad mediante un montaje que yuxtapone lo cercano y lo monumental, planteando preguntas sobre identidad y transformaci\u00f3n.<\/p>\n<p><strong>M\u00e1s que un legado consolidado, el documental registra un presente en construcci\u00f3n: un artista en plena mutaci\u00f3n y una escena que se legitima en tiempo real. Rockstar: DUKI desde el fin del mundo <\/strong>no ofrece la comodidad del recuerdo, sino la intensidad de lo que a\u00fan est\u00e1 por escribirse.<\/p>\n<p><iframe src=\"https:\/\/www.youtube.com\/embed\/RQ4U8tgPVy4\" width=\"560\" height=\"314\" allowfullscreen=\"allowfullscreen\">[embedded content]<\/iframe><\/p>\n<\/p><\/div>\n","protected":false},"excerpt":{"rendered":"<p>jueves 02 de octubre de 2025 En los \u00faltimos a\u00f1os, el trap argentino dej\u00f3 de ser un fen\u00f3meno de plazas para convertirse en un movimiento capaz de llenar estadios y proyectarse al mundo. En ese recorrido, DUKI se consolid\u00f3 como una de sus figuras m\u00e1s representativas. Esa trayectoria encuentra en Rockstar: DUKI desde el fin [&hellip;]<\/p>\n","protected":false},"author":1,"featured_media":170286,"comment_status":"open","ping_status":"closed","sticky":false,"template":"","format":"standard","meta":[],"categories":[21],"tags":[],"_links":{"self":[{"href":"http:\/\/cordobainforma.info\/index.php\/wp-json\/wp\/v2\/posts\/170285"}],"collection":[{"href":"http:\/\/cordobainforma.info\/index.php\/wp-json\/wp\/v2\/posts"}],"about":[{"href":"http:\/\/cordobainforma.info\/index.php\/wp-json\/wp\/v2\/types\/post"}],"author":[{"embeddable":true,"href":"http:\/\/cordobainforma.info\/index.php\/wp-json\/wp\/v2\/users\/1"}],"replies":[{"embeddable":true,"href":"http:\/\/cordobainforma.info\/index.php\/wp-json\/wp\/v2\/comments?post=170285"}],"version-history":[{"count":0,"href":"http:\/\/cordobainforma.info\/index.php\/wp-json\/wp\/v2\/posts\/170285\/revisions"}],"wp:featuredmedia":[{"embeddable":true,"href":"http:\/\/cordobainforma.info\/index.php\/wp-json\/wp\/v2\/media\/170286"}],"wp:attachment":[{"href":"http:\/\/cordobainforma.info\/index.php\/wp-json\/wp\/v2\/media?parent=170285"}],"wp:term":[{"taxonomy":"category","embeddable":true,"href":"http:\/\/cordobainforma.info\/index.php\/wp-json\/wp\/v2\/categories?post=170285"},{"taxonomy":"post_tag","embeddable":true,"href":"http:\/\/cordobainforma.info\/index.php\/wp-json\/wp\/v2\/tags?post=170285"}],"curies":[{"name":"wp","href":"https:\/\/api.w.org\/{rel}","templated":true}]}}