{"id":170283,"date":"2025-10-02T16:34:33","date_gmt":"2025-10-02T16:34:33","guid":{"rendered":"http:\/\/cordobainforma.info\/index.php\/2025\/10\/02\/putin-nuestras-fuerzas-avanzan-en-casi-toda-la-linea-del-frente\/"},"modified":"2025-10-02T16:34:33","modified_gmt":"2025-10-02T16:34:33","slug":"putin-nuestras-fuerzas-avanzan-en-casi-toda-la-linea-del-frente","status":"publish","type":"post","link":"http:\/\/cordobainforma.info\/index.php\/2025\/10\/02\/putin-nuestras-fuerzas-avanzan-en-casi-toda-la-linea-del-frente\/","title":{"rendered":"Putin: \u00abNuestras fuerzas avanzan en casi toda la l\u00ednea del frente\u00bb"},"content":{"rendered":"<p><img src=\"http:\/\/cordobainforma.info\/wp-content\/uploads\/2025\/10\/putin-nuestras-fuerzas-avanzan-en-casi-toda-la-linea-del-frente.jpg\"><\/p>\n<div><img src=\"http:\/\/cordobainforma.info\/wp-content\/uploads\/2025\/10\/putin-nuestras-fuerzas-avanzan-en-casi-toda-la-linea-del-frente-2.jpg\" class=\"ff-og-image-inserted\"><\/div>\n<div class=\"Text-root Text-type_5 ArticleView-text ViewText-root \">\n<p>El presidente de Rusia, Vlad\u00edmir Putin, declar\u00f3 que las fuerzas del pa\u00eds est\u00e1n avanzando en casi toda la l\u00ednea del frente en la zona de la operaci\u00f3n especial militar.<\/p>\n<p>As\u00ed lo declar\u00f3 este jueves durante su <a href=\"https:\/\/actualidad.rt.com\/actualidad\/567115-putin-interviene-foro-internacional-valdai\" target=\"_blank\" rel=\"noopener noreferrer\">intervenci\u00f3n<\/a> en la sesi\u00f3n plenaria del XXII Foro Internacional de Discusiones Vald\u00e1i, que tiene lugar entre el 29 de septiembre y el 2 de octubre en la ciudad rusa de Sochi.<\/p><figcaption class=\"Video-caption\"><\/figcaption><p><strong><em>M\u00e1s informaci\u00f3n, en breve.<\/em><\/strong><\/p>\n<\/div>\n","protected":false},"excerpt":{"rendered":"<p>El presidente de Rusia, Vlad\u00edmir Putin, declar\u00f3 que las fuerzas del pa\u00eds est\u00e1n avanzando en casi toda la l\u00ednea del frente en la zona de la operaci\u00f3n especial militar. As\u00ed lo declar\u00f3 este jueves durante su intervenci\u00f3n en la sesi\u00f3n plenaria del XXII Foro Internacional de Discusiones Vald\u00e1i, que tiene lugar entre el 29 de [&hellip;]<\/p>\n","protected":false},"author":1,"featured_media":170284,"comment_status":"closed","ping_status":"closed","sticky":false,"template":"","format":"standard","meta":[],"categories":[22],"tags":[],"_links":{"self":[{"href":"http:\/\/cordobainforma.info\/index.php\/wp-json\/wp\/v2\/posts\/170283"}],"collection":[{"href":"http:\/\/cordobainforma.info\/index.php\/wp-json\/wp\/v2\/posts"}],"about":[{"href":"http:\/\/cordobainforma.info\/index.php\/wp-json\/wp\/v2\/types\/post"}],"author":[{"embeddable":true,"href":"http:\/\/cordobainforma.info\/index.php\/wp-json\/wp\/v2\/users\/1"}],"replies":[{"embeddable":true,"href":"http:\/\/cordobainforma.info\/index.php\/wp-json\/wp\/v2\/comments?post=170283"}],"version-history":[{"count":0,"href":"http:\/\/cordobainforma.info\/index.php\/wp-json\/wp\/v2\/posts\/170283\/revisions"}],"wp:featuredmedia":[{"embeddable":true,"href":"http:\/\/cordobainforma.info\/index.php\/wp-json\/wp\/v2\/media\/170284"}],"wp:attachment":[{"href":"http:\/\/cordobainforma.info\/index.php\/wp-json\/wp\/v2\/media?parent=170283"}],"wp:term":[{"taxonomy":"category","embeddable":true,"href":"http:\/\/cordobainforma.info\/index.php\/wp-json\/wp\/v2\/categories?post=170283"},{"taxonomy":"post_tag","embeddable":true,"href":"http:\/\/cordobainforma.info\/index.php\/wp-json\/wp\/v2\/tags?post=170283"}],"curies":[{"name":"wp","href":"https:\/\/api.w.org\/{rel}","templated":true}]}}