{"id":170264,"date":"2025-10-02T15:06:09","date_gmt":"2025-10-02T15:06:09","guid":{"rendered":"http:\/\/cordobainforma.info\/index.php\/2025\/10\/02\/salud-bucal-para-todos-los-camiones-odontologicos-de-la-uba-y-unc-llegan-a-rio-tercero\/"},"modified":"2025-10-02T15:06:09","modified_gmt":"2025-10-02T15:06:09","slug":"salud-bucal-para-todos-los-camiones-odontologicos-de-la-uba-y-unc-llegan-a-rio-tercero","status":"publish","type":"post","link":"http:\/\/cordobainforma.info\/index.php\/2025\/10\/02\/salud-bucal-para-todos-los-camiones-odontologicos-de-la-uba-y-unc-llegan-a-rio-tercero\/","title":{"rendered":"Salud bucal para todos: los camiones odontol\u00f3gicos de la UBA y UNC llegan a Rio Tercero"},"content":{"rendered":"<div class=\"media_block\"><\/div>\n<div><img src=\"http:\/\/cordobainforma.info\/wp-content\/uploads\/2025\/10\/salud-bucal-para-todos-los-camiones-odontologicos-de-la-uba-y-unc-llegan-a-rio-tercero.jpg\" class=\"ff-og-image-inserted\"><\/div>\n<p><strong>R\u00edo Tercero<\/strong> suma un programa pionero en <strong>salud dental<\/strong>: del lunes 13 al viernes 17 de octubre, los<strong> camiones odontol\u00f3gicos<\/strong> de la <strong>Universidad de Buenos Aires <\/strong>(UBA), junto a profesionales de la U<strong>niversidad Nacional de C\u00f3rdoba<\/strong> (UNC), brindar\u00e1n atenci\u00f3n <strong>gratuita <\/strong>a ni\u00f1os y adultos. La coordinaci\u00f3n entre universidades, escuelas y la Municipalidad representa un hito a nivel nacional. <\/p>\n<p class=\"destacadoNota\"><a target=\"_blank\" href=\"https:\/\/www.perfil.com\/noticias\/cordoba\/uber-didi-y-cabify-en-cordoba-es-inminente-la-reglamentacion-de-la-ordenanza.phtml\" rel=\"noopener noreferrer\">Uber, DiDi y Cabify en C\u00f3rdoba: es inminente la reglamentaci\u00f3n de la ordenanza<\/a><\/p>\n<p>Los servicios estar\u00e1n disponibles desde las <strong>8:00 <\/strong>hasta las <strong>22:00 horas<\/strong>. Por la ma\u00f1ana, se atender\u00e1 a alumnos de<strong> 1\u00b0 a 6\u00b0 grado <\/strong>en las escuelas<strong> Modesto Acu\u00f1a y Berta Bidondo de Zerega<\/strong>. Por la tarde y noche, la atenci\u00f3n se abrir\u00e1 a <strong>toda la comunidad <\/strong>con turnos previos, garantizando un acceso seguro y organizado para todos.<\/p>\n<h2>Qu\u00e9 incluye el programa<\/h2>\n<p>El <strong>Programa Integral de Salud Bucal<\/strong> ofrece prevenci\u00f3n, ense\u00f1anza de<em> t\u00e9cnicas de cepillado, aplicaci\u00f3n de fl\u00faor, arreglo de caries, extracciones, tratamientos de conductos y otros servicios odontol\u00f3gicos<\/em>. Con <strong>50 puestos disponibles<\/strong>, se busca asegurar seguimiento desde el primer grado y atenci\u00f3n gratuita a cada ciudadano que lo necesite.<\/p>\n<p class=\"destacadoNota\"><a target=\"_blank\" href=\"https:\/\/www.perfil.com\/noticias\/cordoba\/todos-pagamos-la-cuenta-denuncian-a-la-defensora-de-ninos-de-cordoba-por-presunto-uso-indebido-de-fondos-publicos.phtml\" rel=\"noopener noreferrer\">Tribunal de Cuentas detect\u00f3 gastos en cerveza y extras en equipaje de la Defensor\u00eda de Ni\u00f1ez de C\u00f3rdoba<\/a><\/p>\n<p>El anuncio cont\u00f3 con la participaci\u00f3n del intendente <strong>Marcos Ferrer<\/strong>, junto a la<strong> Secretar\u00eda de Salud y Desarrollo Social,<\/strong> <strong>Celeste S\u00e1nchez<\/strong>, y las directoras <strong>Ivana Lanbertucci y Alejandra Gierotto. <\/strong><\/p>\n<h2>C\u00f3mo inscribirse<\/h2>\n<p>Pr\u00f3ximamente, la <strong>Municipalidad <\/strong>dar\u00e1 a conocer a trav\u00e9s de sus <strong>redes sociales <\/strong>toda la informaci\u00f3n para solicitar turnos y participar del programa. Esta acci\u00f3n hist\u00f3rica busca mejorar la salud bucal de ni\u00f1os y adultos de manera gratuita y organizada, fomentando h\u00e1bitos saludables y prevenci\u00f3n a largo plazo.<\/p>\n","protected":false},"excerpt":{"rendered":"<p>R\u00edo Tercero suma un programa pionero en salud dental: del lunes 13 al viernes 17 de octubre, los camiones odontol\u00f3gicos de la Universidad de Buenos Aires (UBA), junto a profesionales de la Universidad Nacional de C\u00f3rdoba (UNC), brindar\u00e1n atenci\u00f3n gratuita a ni\u00f1os y adultos. La coordinaci\u00f3n entre universidades, escuelas y la Municipalidad representa un hito [&hellip;]<\/p>\n","protected":false},"author":1,"featured_media":170265,"comment_status":"closed","ping_status":"closed","sticky":false,"template":"","format":"standard","meta":[],"categories":[2],"tags":[],"_links":{"self":[{"href":"http:\/\/cordobainforma.info\/index.php\/wp-json\/wp\/v2\/posts\/170264"}],"collection":[{"href":"http:\/\/cordobainforma.info\/index.php\/wp-json\/wp\/v2\/posts"}],"about":[{"href":"http:\/\/cordobainforma.info\/index.php\/wp-json\/wp\/v2\/types\/post"}],"author":[{"embeddable":true,"href":"http:\/\/cordobainforma.info\/index.php\/wp-json\/wp\/v2\/users\/1"}],"replies":[{"embeddable":true,"href":"http:\/\/cordobainforma.info\/index.php\/wp-json\/wp\/v2\/comments?post=170264"}],"version-history":[{"count":0,"href":"http:\/\/cordobainforma.info\/index.php\/wp-json\/wp\/v2\/posts\/170264\/revisions"}],"wp:featuredmedia":[{"embeddable":true,"href":"http:\/\/cordobainforma.info\/index.php\/wp-json\/wp\/v2\/media\/170265"}],"wp:attachment":[{"href":"http:\/\/cordobainforma.info\/index.php\/wp-json\/wp\/v2\/media?parent=170264"}],"wp:term":[{"taxonomy":"category","embeddable":true,"href":"http:\/\/cordobainforma.info\/index.php\/wp-json\/wp\/v2\/categories?post=170264"},{"taxonomy":"post_tag","embeddable":true,"href":"http:\/\/cordobainforma.info\/index.php\/wp-json\/wp\/v2\/tags?post=170264"}],"curies":[{"name":"wp","href":"https:\/\/api.w.org\/{rel}","templated":true}]}}