{"id":170260,"date":"2025-10-02T14:28:51","date_gmt":"2025-10-02T14:28:51","guid":{"rendered":"https:\/\/cordoba.gob.ar\/?p=81725"},"modified":"2025-10-02T14:28:51","modified_gmt":"2025-10-02T14:28:51","slug":"la-municipalidad-de-cordoba-se-suma-a-la-estrategia-provincial-de-vacunacion-contra-el-dengue","status":"publish","type":"post","link":"http:\/\/cordobainforma.info\/index.php\/2025\/10\/02\/la-municipalidad-de-cordoba-se-suma-a-la-estrategia-provincial-de-vacunacion-contra-el-dengue\/","title":{"rendered":"La Municipalidad de C\u00f3rdoba se suma a la estrategia provincial de vacunaci\u00f3n contra el dengue"},"content":{"rendered":"<div><img src=\"http:\/\/cordobainforma.info\/wp-content\/uploads\/2025\/10\/la-municipalidad-de-cordoba-se-suma-a-la-estrategia-provincial-de-vacunacion-contra-el-dengue.jpg\" class=\"ff-og-image-inserted\"><\/div>\n<ul>\n<li data-prosemirror-content-type=\"node\" data-prosemirror-node-name=\"paragraph\" data-prosemirror-node-block=\"true\"><strong>Podr\u00e1n acceder a la vacuna adolescentes de entre 15 a 17 a\u00f1os de manera espont\u00e1nea y voluntaria, y aquellas personas de 4 a 59 a\u00f1os que hayan cursado internaci\u00f3n por la enfermedad y reciban el aviso a trav\u00e9s del Ciudadano Digital.<\/strong><\/li>\n<li data-prosemirror-content-type=\"node\" data-prosemirror-node-name=\"paragraph\" data-prosemirror-node-block=\"true\"><strong>Los espacios Municipales designados a tal fin son el Hospital Infantil, el Pr\u00edncipe de Asturias y en 17 Centros de Salud Municipales.<\/strong><\/li>\n<\/ul>\n<hr>\n<p data-prosemirror-content-type=\"node\" data-prosemirror-node-name=\"paragraph\" data-prosemirror-node-block=\"true\">La Municipalidad de C\u00f3rdoba se suma a la campa\u00f1a provincial de vacunaci\u00f3n contra el Dengue, acercando la vacuna a los barrios.<\/p>\n<p data-prosemirror-content-type=\"node\" data-prosemirror-node-name=\"paragraph\" data-prosemirror-node-block=\"true\">A tal fin, la Provincia resolvi\u00f3 continuar con un despliegue escalonado y focalizado. Se convoca a adolescentes de entre 15 a 17 a\u00f1os, quienes pueden presentarse sin turno en los vacunatorios habilitados. Deben tener DNI que acredite edad, domicilio en la provincia y residencia en alguno de los departamentos priorizados.<\/p>\n<p data-prosemirror-content-type=\"node\" data-prosemirror-node-name=\"paragraph\" data-prosemirror-node-block=\"true\">Es importante destacar que aquellos j\u00f3venes que comiencen con el esquema a los 17 a\u00f1os, podr\u00e1n completar sin problema la segunda dosis, aunque cumplan 18 a\u00f1os en el intervalo necesario para la colocaci\u00f3n de la segunda dosis.<\/p>\n<p data-prosemirror-content-type=\"node\" data-prosemirror-node-name=\"paragraph\" data-prosemirror-node-block=\"true\">A su vez, se continuar\u00e1 vacunando a aquellas personas de entre 4 a 59 a\u00f1os que hayan cursado internaci\u00f3n por dengue (al menos 24 horas). Deben haber transcurrido 6 meses desde el inicio de s\u00edntomas. Quienes se encuentren dentro de este grupo, recibir\u00e1n un aviso por Ciudadano Digital (CIDI) cuando su dosis est\u00e9 disponible y podr\u00e1n vacunarse presentando dicha notificaci\u00f3n y su DNI en cualquiera de las instituciones listadas.<\/p>\n<p data-prosemirror-content-type=\"node\" data-prosemirror-node-name=\"paragraph\" data-prosemirror-node-block=\"true\">No podr\u00e1n vacunarse gestantes y personas en per\u00edodo de lactancia; personas con inmunodeficiencias o bajo tratamientos inmunosupresores; personas con VIH con compromiso de la funci\u00f3n inmune. Tampoco quienes hayan recibido inmunoglobulinas o hemoderivados, quienes deber\u00e1n aguardar al menos 6 semanas, preferentemente 3 meses.<\/p>\n<p data-prosemirror-content-type=\"node\" data-prosemirror-node-name=\"paragraph\" data-prosemirror-node-block=\"true\">De igual modo, se pospone la vacunaci\u00f3n en aquellas personas que cursen enfermedades agudas, moderadas o graves y en los casos de trombocitopenia o trastornos hemorr\u00e1gicos, evaluar la aplicaci\u00f3n con indicaci\u00f3n m\u00e9dica.<\/p>\n<p data-prosemirror-content-type=\"node\" data-prosemirror-node-name=\"paragraph\" data-prosemirror-node-block=\"true\"><strong data-prosemirror-content-type=\"mark\" data-prosemirror-mark-name=\"strong\">Espacios Municipales adheridos<\/strong><\/p>\n<p data-prosemirror-content-type=\"node\" data-prosemirror-node-name=\"paragraph\" data-prosemirror-node-block=\"true\">El Municipio estar\u00e1 vacunando contra el Dengue en diferentes puntos, entre los que se destacan el Hospital de Ni\u00f1os, el Pr\u00edncipe de Asturias<\/p>\n<p data-prosemirror-content-type=\"node\" data-prosemirror-node-name=\"paragraph\" data-prosemirror-node-block=\"true\">Adem\u00e1s, en los Centros de Salud:<\/p>\n<ul>\n<li data-prosemirror-content-type=\"node\" data-prosemirror-node-name=\"paragraph\" data-prosemirror-node-block=\"true\">N\u00b05 de Yofre Norte (Ren\u00e9 de Clairiac 1875)<\/li>\n<li data-prosemirror-content-type=\"node\" data-prosemirror-node-name=\"paragraph\" data-prosemirror-node-block=\"true\">N\u00b013 de Hip\u00f3lito Irigoyen (Nicol\u00e1s Avellaneda 3571)<\/li>\n<li data-prosemirror-content-type=\"node\" data-prosemirror-node-name=\"paragraph\" data-prosemirror-node-block=\"true\">N\u00b021 de M\u00e1rquez de Sobremonte (Nuflo de Aguilar 563)<\/li>\n<li data-prosemirror-content-type=\"node\" data-prosemirror-node-name=\"paragraph\" data-prosemirror-node-block=\"true\">N\u00b026 de La Madrid (Francisco Gurruchaga 785)<\/li>\n<li data-prosemirror-content-type=\"node\" data-prosemirror-node-name=\"paragraph\" data-prosemirror-node-block=\"true\">N\u00b030 de Villa P\u00e1ez (Emilio Coni 1050)<\/li>\n<li data-prosemirror-content-type=\"node\" data-prosemirror-node-name=\"paragraph\" data-prosemirror-node-block=\"true\">N\u00b034 de 9 de Julio (Huarpes, Coquena 7850)<\/li>\n<li data-prosemirror-content-type=\"node\" data-prosemirror-node-name=\"paragraph\" data-prosemirror-node-block=\"true\">N\u00b037en Jos\u00e9 Ignacio D\u00edaz (Pedernera 2734).<\/li>\n<li data-prosemirror-content-type=\"node\" data-prosemirror-node-name=\"paragraph\" data-prosemirror-node-block=\"true\">N\u00b040 de Las Flores (Av. Armada Argentina 105)<\/li>\n<li data-prosemirror-content-type=\"node\" data-prosemirror-node-name=\"paragraph\" data-prosemirror-node-block=\"true\">N\u00b047 en Coronel Olmedo (Pascual Ruis Huidobro 5848)<\/li>\n<li data-prosemirror-content-type=\"node\" data-prosemirror-node-name=\"paragraph\" data-prosemirror-node-block=\"true\">N\u00b050 en Villa Adela (Gabriela Mistral 4711)<\/li>\n<li data-prosemirror-content-type=\"node\" data-prosemirror-node-name=\"paragraph\" data-prosemirror-node-block=\"true\">N\u00b057 IPV Arg\u00fcello (Ferm\u00edn Mart\u00edn 7637)<\/li>\n<li data-prosemirror-content-type=\"node\" data-prosemirror-node-name=\"paragraph\" data-prosemirror-node-block=\"true\">N\u00b0 58 en Maldonado (Mart\u00edn Cartechini esq. Blas Parera)<\/li>\n<li data-prosemirror-content-type=\"node\" data-prosemirror-node-name=\"paragraph\" data-prosemirror-node-block=\"true\">N\u00b077 en Don Bosco (Av. Santiago Costamagna)<\/li>\n<li data-prosemirror-content-type=\"node\" data-prosemirror-node-name=\"paragraph\" data-prosemirror-node-block=\"true\">N\u00b079 Albert Sabin (Cam. San Antonio km 7,5)<\/li>\n<li data-prosemirror-content-type=\"node\" data-prosemirror-node-name=\"paragraph\" data-prosemirror-node-block=\"true\">N\u00b090 Ituzaing\u00f3 Anexo (James Frank 5500)<\/li>\n<li data-prosemirror-content-type=\"node\" data-prosemirror-node-name=\"paragraph\" data-prosemirror-node-block=\"true\">N\u00b091 Villa Bustos (Ancasti 5634)<\/li>\n<li data-prosemirror-content-type=\"node\" data-prosemirror-node-name=\"paragraph\" data-prosemirror-node-block=\"true\">N\u00b097 de Cabildo (Macach\u00edn 2187)<\/li>\n<\/ul>\n","protected":false},"excerpt":{"rendered":"<p>Podr\u00e1n acceder a la vacuna adolescentes de entre 15 a 17 a\u00f1os de manera espont\u00e1nea y voluntaria, y aquellas personas de 4 a 59 a\u00f1os que hayan cursado internaci\u00f3n por la enfermedad y reciban el aviso a trav\u00e9s del Ciudadano Digital. Los espacios Municipales designados a tal fin son el Hospital Infantil, el Pr\u00edncipe de [&hellip;]<\/p>\n","protected":false},"author":1,"featured_media":170261,"comment_status":"closed","ping_status":"closed","sticky":false,"template":"","format":"standard","meta":[],"categories":[2],"tags":[],"_links":{"self":[{"href":"http:\/\/cordobainforma.info\/index.php\/wp-json\/wp\/v2\/posts\/170260"}],"collection":[{"href":"http:\/\/cordobainforma.info\/index.php\/wp-json\/wp\/v2\/posts"}],"about":[{"href":"http:\/\/cordobainforma.info\/index.php\/wp-json\/wp\/v2\/types\/post"}],"author":[{"embeddable":true,"href":"http:\/\/cordobainforma.info\/index.php\/wp-json\/wp\/v2\/users\/1"}],"replies":[{"embeddable":true,"href":"http:\/\/cordobainforma.info\/index.php\/wp-json\/wp\/v2\/comments?post=170260"}],"version-history":[{"count":0,"href":"http:\/\/cordobainforma.info\/index.php\/wp-json\/wp\/v2\/posts\/170260\/revisions"}],"wp:featuredmedia":[{"embeddable":true,"href":"http:\/\/cordobainforma.info\/index.php\/wp-json\/wp\/v2\/media\/170261"}],"wp:attachment":[{"href":"http:\/\/cordobainforma.info\/index.php\/wp-json\/wp\/v2\/media?parent=170260"}],"wp:term":[{"taxonomy":"category","embeddable":true,"href":"http:\/\/cordobainforma.info\/index.php\/wp-json\/wp\/v2\/categories?post=170260"},{"taxonomy":"post_tag","embeddable":true,"href":"http:\/\/cordobainforma.info\/index.php\/wp-json\/wp\/v2\/tags?post=170260"}],"curies":[{"name":"wp","href":"https:\/\/api.w.org\/{rel}","templated":true}]}}