{"id":170250,"date":"2025-10-02T15:21:36","date_gmt":"2025-10-02T15:21:36","guid":{"rendered":"http:\/\/cordobainforma.info\/index.php\/2025\/10\/02\/la-cgt-normalizara-una-regional-en-cordoba-y-alcanzara-un-record-de-80-entidades-locales-activas\/"},"modified":"2025-10-02T15:21:36","modified_gmt":"2025-10-02T15:21:36","slug":"la-cgt-normalizara-una-regional-en-cordoba-y-alcanzara-un-record-de-80-entidades-locales-activas","status":"publish","type":"post","link":"http:\/\/cordobainforma.info\/index.php\/2025\/10\/02\/la-cgt-normalizara-una-regional-en-cordoba-y-alcanzara-un-record-de-80-entidades-locales-activas\/","title":{"rendered":"La CGT normalizar\u00e1 una regional en <b>C\u00f3rdoba<\/b> y alcanzar\u00e1 un r\u00e9cord de 80 entidades locales activas"},"content":{"rendered":"<p>&#8230; <b>Econom\u00eda<\/b>. R\u00cdO TERCERO. La CGT normalizar\u00e1 una regional en <b>C\u00f3rdoba<\/b> y &#8230; <b>nueva<\/b> victoria del pueblo trabajador\u00bb &middot; Al Congreso &middot; Las CTA marchar\u00e1n&nbsp;&#8230; <\/p>\n","protected":false},"excerpt":{"rendered":"<p>&#8230; Econom\u00eda. R\u00cdO TERCERO. La CGT normalizar\u00e1 una regional en C\u00f3rdoba y &#8230; nueva victoria del pueblo trabajador\u00bb &middot; Al Congreso &middot; Las CTA marchar\u00e1n&nbsp;&#8230;<\/p>\n","protected":false},"author":1,"featured_media":0,"comment_status":"closed","ping_status":"closed","sticky":false,"template":"","format":"standard","meta":[],"categories":[23],"tags":[],"_links":{"self":[{"href":"http:\/\/cordobainforma.info\/index.php\/wp-json\/wp\/v2\/posts\/170250"}],"collection":[{"href":"http:\/\/cordobainforma.info\/index.php\/wp-json\/wp\/v2\/posts"}],"about":[{"href":"http:\/\/cordobainforma.info\/index.php\/wp-json\/wp\/v2\/types\/post"}],"author":[{"embeddable":true,"href":"http:\/\/cordobainforma.info\/index.php\/wp-json\/wp\/v2\/users\/1"}],"replies":[{"embeddable":true,"href":"http:\/\/cordobainforma.info\/index.php\/wp-json\/wp\/v2\/comments?post=170250"}],"version-history":[{"count":0,"href":"http:\/\/cordobainforma.info\/index.php\/wp-json\/wp\/v2\/posts\/170250\/revisions"}],"wp:attachment":[{"href":"http:\/\/cordobainforma.info\/index.php\/wp-json\/wp\/v2\/media?parent=170250"}],"wp:term":[{"taxonomy":"category","embeddable":true,"href":"http:\/\/cordobainforma.info\/index.php\/wp-json\/wp\/v2\/categories?post=170250"},{"taxonomy":"post_tag","embeddable":true,"href":"http:\/\/cordobainforma.info\/index.php\/wp-json\/wp\/v2\/tags?post=170250"}],"curies":[{"name":"wp","href":"https:\/\/api.w.org\/{rel}","templated":true}]}}