{"id":170249,"date":"2025-10-02T15:21:54","date_gmt":"2025-10-02T15:21:54","guid":{"rendered":"http:\/\/cordobainforma.info\/index.php\/2025\/10\/02\/centro-de-almaceneros-de-cordoba-informo-que-la-inflacion-de-septiembre-fue-del-243\/"},"modified":"2025-10-02T15:21:54","modified_gmt":"2025-10-02T15:21:54","slug":"centro-de-almaceneros-de-cordoba-informo-que-la-inflacion-de-septiembre-fue-del-243","status":"publish","type":"post","link":"http:\/\/cordobainforma.info\/index.php\/2025\/10\/02\/centro-de-almaceneros-de-cordoba-informo-que-la-inflacion-de-septiembre-fue-del-243\/","title":{"rendered":"Centro de Almaceneros de <b>C\u00f3rdoba<\/b> inform\u00f3 que la inflaci\u00f3n de septiembre fue del 2,43%"},"content":{"rendered":"<p>La inflaci\u00f3n de septiembre en <b>C\u00f3rdoba<\/b> alcanz\u00f3 el 2,43%, seg\u00fan el \u00faltimo Informe Econ\u00f3mico &#8230; La din\u00e1mica de precios estuvo atravesada por una <b>nueva<\/b>&nbsp;&#8230; <\/p>\n","protected":false},"excerpt":{"rendered":"<p>La inflaci\u00f3n de septiembre en C\u00f3rdoba alcanz\u00f3 el 2,43%, seg\u00fan el \u00faltimo Informe Econ\u00f3mico &#8230; La din\u00e1mica de precios estuvo atravesada por una nueva&nbsp;&#8230;<\/p>\n","protected":false},"author":1,"featured_media":0,"comment_status":"closed","ping_status":"closed","sticky":false,"template":"","format":"standard","meta":[],"categories":[23],"tags":[],"_links":{"self":[{"href":"http:\/\/cordobainforma.info\/index.php\/wp-json\/wp\/v2\/posts\/170249"}],"collection":[{"href":"http:\/\/cordobainforma.info\/index.php\/wp-json\/wp\/v2\/posts"}],"about":[{"href":"http:\/\/cordobainforma.info\/index.php\/wp-json\/wp\/v2\/types\/post"}],"author":[{"embeddable":true,"href":"http:\/\/cordobainforma.info\/index.php\/wp-json\/wp\/v2\/users\/1"}],"replies":[{"embeddable":true,"href":"http:\/\/cordobainforma.info\/index.php\/wp-json\/wp\/v2\/comments?post=170249"}],"version-history":[{"count":0,"href":"http:\/\/cordobainforma.info\/index.php\/wp-json\/wp\/v2\/posts\/170249\/revisions"}],"wp:attachment":[{"href":"http:\/\/cordobainforma.info\/index.php\/wp-json\/wp\/v2\/media?parent=170249"}],"wp:term":[{"taxonomy":"category","embeddable":true,"href":"http:\/\/cordobainforma.info\/index.php\/wp-json\/wp\/v2\/categories?post=170249"},{"taxonomy":"post_tag","embeddable":true,"href":"http:\/\/cordobainforma.info\/index.php\/wp-json\/wp\/v2\/tags?post=170249"}],"curies":[{"name":"wp","href":"https:\/\/api.w.org\/{rel}","templated":true}]}}