{"id":170209,"date":"2025-10-02T09:00:33","date_gmt":"2025-10-02T09:00:33","guid":{"rendered":"https:\/\/www.clarin.com\/deportes\/racing-vs-river-copa-argentina-juegan-costas-gallardo-hablar-final-rosario_0_ENOBGYev0y.html"},"modified":"2025-10-02T09:00:33","modified_gmt":"2025-10-02T09:00:33","slug":"racing-vs-river-a-todo-o-nada-por-la-copa-argentina-que-se-juegan-costas-y-gallardo-para-hablar-de-una-final-en-rosario","status":"publish","type":"post","link":"http:\/\/cordobainforma.info\/index.php\/2025\/10\/02\/racing-vs-river-a-todo-o-nada-por-la-copa-argentina-que-se-juegan-costas-y-gallardo-para-hablar-de-una-final-en-rosario\/","title":{"rendered":"Racing vs River, a todo o nada por la Copa Argentina: qu\u00e9 se juegan Costas y Gallardo para hablar de una &#8216;final&#8217; en Rosario"},"content":{"rendered":"<p><img src=\"http:\/\/cordobainforma.info\/wp-content\/uploads\/2025\/10\/racing-vs-river-a-todo-o-nada-por-la-copa-argentina-que-se-juegan-costas-y-gallardo-para-hablar-de-una-final-en-rosario.jpg\"><\/p>\n<div><img src=\"http:\/\/cordobainforma.info\/wp-content\/uploads\/2025\/10\/racing-vs-river-a-todo-o-nada-por-la-copa-argentina-que-se-juegan-costas-y-gallardo-para-hablar-de-una-final-en-rosario-2.jpg\" class=\"ff-og-image-inserted\"><\/div>\n<div id=\"element-body-0\" readability=\"69\">\n<p>La palabra, a la que muchas veces se le tiene temor, sali\u00f3 de la boca de los entrenadores<strong> Marcelo Gallardo<\/strong> y <strong>Gustavo Costas<\/strong>: ambos hablaron de final. Tambi\u00e9n es crucial el duelo para los dirigentes, esos que se tiraron con dardos pesados tras la pol\u00e9mica salida de <strong>Maximiliano Salas<\/strong>. Adentro, entre los jugadores, estar\u00e1 la pica propia de un juego definitorio con todos los reflectores iluminando y agrandando la escena. Y afuera, en las tribunas del Gigante de Arroyito, los hinchas de uno y de otro le pondr\u00e1n a\u00fan m\u00e1s pimienta al cl\u00e1sico. En lo que promete ser uno de los partidos del a\u00f1o, juegan desde las 18:00, <strong>River<\/strong> y <strong>Racing<\/strong> por los cuartos de final de la <strong>Copa Argentina<\/strong>.<\/p>\n<\/div>\n<div id=\"element-body-1\" readability=\"61\">\n<p><strong>River llega m\u00e1s golpeado porque Racing vive una hermosa primavera en Copa Libertadores<\/strong>. En el horizonte de la Academia est\u00e1 marcado a fuego el cruce contra <strong>Flamengo <\/strong>por las semifinales del torneo de la gloria eterna. En ese campeonato qued\u00f3 eliminado el conjunto de N\u00fa\u00f1ez ante Palmeiras y las cr\u00edticas se multiplicaron al punto que ya empiezan a salpicar al entrenador <strong>Marcelo Gallardo<\/strong>, tal vez el \u00eddolo m\u00e1ximo de la instituci\u00f3n.<\/p>\n<\/div>\n<div id=\"element-body-2\" readability=\"62\">\n<p>Gallardo sabe m\u00e1s que nadie lo que estar\u00e1 en juego en la cancha de Rosario Central. River necesita comenzar a maquillar un mal a\u00f1o contra Racing. No tiene espacio para otra decepci\u00f3n. Por eso el Mu\u00f1eco habl\u00f3 de huevos, de pasi\u00f3n y les pidi\u00f3 perd\u00f3n a los hinchas tras la derrota contra Deportivo Riestra en el Monumental. El dato impacta: River acumula cuatro ca\u00eddas en fila, cuesti\u00f3n que no ocurr\u00eda desde 2010. Y m\u00e1s: solo dos veces en la historia encaden\u00f3 cinco traspi\u00e9s en fila (en 1982 y en 1967).<\/p>\n<\/div>\n<div id=\"element-body-3\" readability=\"65\">\n<p>Es un misterio saber qu\u00e9 har\u00e1 Gallardo: en 10 meses no ha podido encontrar ni el esquema ni los int\u00e9rpretes. \u00abMe hago responsable de que el equipo no est\u00e1 teniendo respuestas porque la situaci\u00f3n indica que hemos probado de diferentes maneras y hemos dado oportunidades y el equipo no ha fluido. \u00bfPor qu\u00e9 nos cuesta? Es una responsabilidad propia de la que me hago totalmente responsable, pero seguir\u00e9 en la b\u00fasqueda, no me voy a detener\u00bb, dijo el DT. Y aclar\u00f3: \u00abNos queda el partido con Racing para hacernos cargo de todo lo que nos viene sucediendo. Tenemos que tener una reacci\u00f3n totalmente distinta, que involucra a todos, y tomar el partido del jueves con una decisi\u00f3n distinta porque lo que hicimos hasta ahora no nos ha alcanzado\u00bb.<\/p>\n<\/div>\n<div id=\"element-body-4\" readability=\"63\">\n<p>El que estar\u00e1 y se llevar\u00e1 una atenci\u00f3n mayoritaria ser\u00e1 Maximiliano Salas. Ser\u00e1 la primera vez ante sus ex compa\u00f1eros y amigos acad\u00e9micos. En las tribunas, los hinchas del conjunto de Avellaneda lo esperan, c\u00f3mo m\u00ednimo, con silbidos sonoros. Otra cuesti\u00f3n atractiva puede ser la presencia de Marcos Rojo en la zaga de Racing. Se sabe: siempre son especiales los duelos del zaguero zurdo ante River. \u00bfVengar\u00e1 Rojo a los simpatizantes acad\u00e9mico contra el nacido en Curuz\u00fa Cuati\u00e1? <\/p>\n<\/div>\n<div id=\"element-body-5\" readability=\"61\">\n<p>A Juan Fernando Quintero, que se presume titular, le ir\u00e1 un poco mejor porque los racinguista mantienen un grato recuerdo del colombiano, vital para la obtenci\u00f3n de la Copa Sudamericana.<\/p>\n<\/div>\n<div id=\"element-body-6\" readability=\"65\">\n<p>Al duelo de la cancha y de las tribunas hay que sumarle el del palco. Y ah\u00ed estar\u00e1n cara a cara los presidentes Jorge Brito y Diego Milito. La palabra es decepci\u00f3n con River como instituci\u00f3n, con su presidente y con su secretario. No pudieron honrar su palabra\u00bb, lanz\u00f3 el Pr\u00edncipe cuando los de N\u00fa\u00f1ez ejecutaron la cl\u00e1usula de salida de Maximiliano Salas. \u00abNunca le dijimos que no \u00edbamos a ejecutar la cl\u00e1usula, le dijimos que \u00edbamos a hacer todo lo posible para llegar a un entendimiento con ello\u00bb, contest\u00f3 St\u00e9fano Di Carlo, secretario general de River y pr\u00f3ximo candidato a presidente por el oficialismo. <\/p>\n<\/div>\n<div id=\"element-body-7\" readability=\"62\">\n<p>Faltar\u00e1 observar entonces si existen saludos protocolares. Por lo pronto, los directivos de Racing ya pusieron el grito en el cielo y por varias cuestiones: el partido se juega el d\u00eda que quiso River (la Academia pretend\u00eda jugarlo la semana que viene) y el \u00e1rbitro ser\u00e1 Hern\u00e1n Mastr\u00e1ngelo, cuya designaci\u00f3n cay\u00f3 mejor en N\u00fa\u00f1ez que en Avellaneda. <\/p>\n<\/div>\n<div id=\"element-body-8\" readability=\"73\">\n<p>Y por \u00faltimo, hubo protestas porque los organismos de seguridad determinaron que la parcialidad millonaria para llegar a Rosario deber\u00e1 tomar la Avenida General Paz hasta la autopista Panamericana y despu\u00e9s la Ruta N\u00famero 9 con ingreso a Provincia de Santa Fe, hasta el estadio de Rosario Central. En tanto, el recorrido de los de la Academia ser\u00e1 <strong>80 kil\u00f3metros m\u00e1s largo<\/strong>: desde el Centro Comercial de Villa Corina, por Acceso Sudeste, Autopista Dr. Ricardo Balb\u00edn, luego Autopista 25 de Mayo, tomar\u00e1n Autopista Perito Moreno, General. Paz, Acceso Oeste, seguir\u00e1n por Ruta N\u00famero 6, Ruta N\u00famero 8 a Pergamino, Ruta N\u00famero 32, Ruta N\u00famero 18 con ingreso a la provincia de Santa Fe.<\/p>\n<\/div>\n<div id=\"element-body-9\" readability=\"59\">\n<p>River y Racing jugar\u00e1n entonces la final por los cuartos de la Copa Argentina. \u00bfPodr\u00e1 empezar a levantar cabeza el golpeado equipo de Gallardo? \u00bfO seguir\u00e1 en racha positiva la Academia de Costas?<\/p>\n<\/div>\n","protected":false},"excerpt":{"rendered":"<p>La palabra, a la que muchas veces se le tiene temor, sali\u00f3 de la boca de los entrenadores Marcelo Gallardo y Gustavo Costas: ambos hablaron de final. Tambi\u00e9n es crucial el duelo para los dirigentes, esos que se tiraron con dardos pesados tras la pol\u00e9mica salida de Maximiliano Salas. Adentro, entre los jugadores, estar\u00e1 la [&hellip;]<\/p>\n","protected":false},"author":1,"featured_media":170210,"comment_status":"closed","ping_status":"closed","sticky":false,"template":"","format":"standard","meta":[],"categories":[20],"tags":[],"_links":{"self":[{"href":"http:\/\/cordobainforma.info\/index.php\/wp-json\/wp\/v2\/posts\/170209"}],"collection":[{"href":"http:\/\/cordobainforma.info\/index.php\/wp-json\/wp\/v2\/posts"}],"about":[{"href":"http:\/\/cordobainforma.info\/index.php\/wp-json\/wp\/v2\/types\/post"}],"author":[{"embeddable":true,"href":"http:\/\/cordobainforma.info\/index.php\/wp-json\/wp\/v2\/users\/1"}],"replies":[{"embeddable":true,"href":"http:\/\/cordobainforma.info\/index.php\/wp-json\/wp\/v2\/comments?post=170209"}],"version-history":[{"count":0,"href":"http:\/\/cordobainforma.info\/index.php\/wp-json\/wp\/v2\/posts\/170209\/revisions"}],"wp:featuredmedia":[{"embeddable":true,"href":"http:\/\/cordobainforma.info\/index.php\/wp-json\/wp\/v2\/media\/170210"}],"wp:attachment":[{"href":"http:\/\/cordobainforma.info\/index.php\/wp-json\/wp\/v2\/media?parent=170209"}],"wp:term":[{"taxonomy":"category","embeddable":true,"href":"http:\/\/cordobainforma.info\/index.php\/wp-json\/wp\/v2\/categories?post=170209"},{"taxonomy":"post_tag","embeddable":true,"href":"http:\/\/cordobainforma.info\/index.php\/wp-json\/wp\/v2\/tags?post=170209"}],"curies":[{"name":"wp","href":"https:\/\/api.w.org\/{rel}","templated":true}]}}