{"id":170207,"date":"2025-10-02T01:09:55","date_gmt":"2025-10-02T01:09:55","guid":{"rendered":"https:\/\/somoscordobeses.com\/2025\/10\/01\/en-busca-de-talento-laboral-para-el-sector-logistico\/"},"modified":"2025-10-02T01:09:55","modified_gmt":"2025-10-02T01:09:55","slug":"en-busca-de-talento-laboral-para-el-sector-logistico","status":"publish","type":"post","link":"http:\/\/cordobainforma.info\/index.php\/2025\/10\/02\/en-busca-de-talento-laboral-para-el-sector-logistico\/","title":{"rendered":"En busca de talento laboral para el sector log\u00edstico"},"content":{"rendered":"<div><img src=\"http:\/\/cordobainforma.info\/wp-content\/uploads\/2025\/10\/en-busca-de-talento-laboral-para-el-sector-logistico.jpg\" class=\"ff-og-image-inserted\"><\/div>\n<p>El <strong>Cl\u00faster Andaluc\u00eda Logistics<\/strong> y la <strong>Fundaci\u00f3n Campus C\u00f3rdoba <\/strong>han firmado un convenio de colaboraci\u00f3n con objeto de mejorar la competitividad del sector log\u00edstico y del transporte mediante el impuso de diferentes iniciativas enfocadas al fomento de la formaci\u00f3n profesional, y a la b\u00fasqueda del talento en este \u00e1mbito. La firma de este acuerdo, con una vigencia de un a\u00f1o, responde a la necesidad de la actual escasez de profesionales cualificados tanto en el \u00e1mbito log\u00edstico como en el transporte.<\/p>\n<div>\n<h3>TEMAS<\/h3>\n<ul>\n<li>Formaci\u00f3n Profesional<\/li>\n<li>Log\u00edstica<\/li>\n<\/ul>\n<\/div>\n","protected":false},"excerpt":{"rendered":"<p>El Cl\u00faster Andaluc\u00eda Logistics y la Fundaci\u00f3n Campus C\u00f3rdoba han firmado un convenio de colaboraci\u00f3n con objeto de mejorar la competitividad del sector log\u00edstico y del transporte mediante el impuso de diferentes iniciativas enfocadas al fomento de la formaci\u00f3n profesional, y a la b\u00fasqueda del talento en este \u00e1mbito. La firma de este acuerdo, con [&hellip;]<\/p>\n","protected":false},"author":1,"featured_media":170208,"comment_status":"closed","ping_status":"closed","sticky":false,"template":"","format":"standard","meta":[],"categories":[2],"tags":[],"_links":{"self":[{"href":"http:\/\/cordobainforma.info\/index.php\/wp-json\/wp\/v2\/posts\/170207"}],"collection":[{"href":"http:\/\/cordobainforma.info\/index.php\/wp-json\/wp\/v2\/posts"}],"about":[{"href":"http:\/\/cordobainforma.info\/index.php\/wp-json\/wp\/v2\/types\/post"}],"author":[{"embeddable":true,"href":"http:\/\/cordobainforma.info\/index.php\/wp-json\/wp\/v2\/users\/1"}],"replies":[{"embeddable":true,"href":"http:\/\/cordobainforma.info\/index.php\/wp-json\/wp\/v2\/comments?post=170207"}],"version-history":[{"count":0,"href":"http:\/\/cordobainforma.info\/index.php\/wp-json\/wp\/v2\/posts\/170207\/revisions"}],"wp:featuredmedia":[{"embeddable":true,"href":"http:\/\/cordobainforma.info\/index.php\/wp-json\/wp\/v2\/media\/170208"}],"wp:attachment":[{"href":"http:\/\/cordobainforma.info\/index.php\/wp-json\/wp\/v2\/media?parent=170207"}],"wp:term":[{"taxonomy":"category","embeddable":true,"href":"http:\/\/cordobainforma.info\/index.php\/wp-json\/wp\/v2\/categories?post=170207"},{"taxonomy":"post_tag","embeddable":true,"href":"http:\/\/cordobainforma.info\/index.php\/wp-json\/wp\/v2\/tags?post=170207"}],"curies":[{"name":"wp","href":"https:\/\/api.w.org\/{rel}","templated":true}]}}