{"id":170205,"date":"2025-10-02T01:10:39","date_gmt":"2025-10-02T01:10:39","guid":{"rendered":"https:\/\/somoscordobeses.com\/2025\/10\/01\/la-junta-firma-un-convenio-con-el-ministerio-de-defensa-para-impulsar-la-fp-dual-en-la-futura-blet\/"},"modified":"2025-10-02T01:10:39","modified_gmt":"2025-10-02T01:10:39","slug":"la-junta-firma-un-convenio-con-el-ministerio-de-defensa-para-impulsar-la-fp-dual-en-la-futura-blet","status":"publish","type":"post","link":"http:\/\/cordobainforma.info\/index.php\/2025\/10\/02\/la-junta-firma-un-convenio-con-el-ministerio-de-defensa-para-impulsar-la-fp-dual-en-la-futura-blet\/","title":{"rendered":"La Junta firma un convenio con el Ministerio de Defensa para impulsar la FP Dual en la futura BLET"},"content":{"rendered":"<div><img src=\"http:\/\/cordobainforma.info\/wp-content\/uploads\/2025\/10\/la-junta-firma-un-convenio-con-el-ministerio-de-defensa-para-impulsar-la-fp-dual-en-la-futura-blet.jpg\" class=\"ff-og-image-inserted\"><\/div>\n<p>El Consejo de Gobierno de la Junta de Andaluc\u00eda ha tomado conocimiento este mi\u00e9rcoles de la firma del convenio entre la <strong>Consejer\u00eda de Desarrollo Educativo y Formaci\u00f3n Profesional<\/strong> y el Ministerio de <strong>Defensa <\/strong>para ampliar las oportunidades de formaci\u00f3n pr\u00e1ctica de los <strong>estudiantes andaluces <\/strong>de Formaci\u00f3n Profesional (FP). El acuerdo, con una vigencia de cuatro a\u00f1os, permitir\u00e1 que el alumnado realice su formaci\u00f3n en las instalaciones del Parque y Centro de Mantenimiento de Veh\u00edculos de Rueda N\u00ba 2 en El Higuer\u00f3n (C\u00f3rdoba), n\u00facleo de constituci\u00f3n de la futura Base Log\u00edstica del Ej\u00e9rcito de Tierra (BLET).<\/p>\n<p>Seg\u00fan informa la Junta en una nota, en concreto, ser\u00e1n estudiantes de las familias profesionales de Transporte y Mantenimiento de Veh\u00edculo; Fabricaci\u00f3n Mec\u00e1nica y Electricidad y Electr\u00f3nica, familias que guardan una relaci\u00f3n directa con el entorno productivo, tecnol\u00f3gico y log\u00edstico de la futura base y que estudian ciclos como el Grado Medio en Electromec\u00e1nica de Veh\u00edculos Autom\u00f3viles y los grados superiores en <strong>Construcciones Met\u00e1licas<\/strong>, en Dise\u00f1o en Fabricaci\u00f3n <strong>Mec\u00e1nica<\/strong>, en Mantenimiento Electr\u00f3nico o en <strong>Sistemas Electrot\u00e9cnicos<\/strong> y Automatizados.<\/p>\n<p>El convenio, alineado con los compromisos adquiridos en el Pacto Social y Econ\u00f3mico por el Impulso de Andaluc\u00eda y que representa un paso significativo para el desarrollo de la FP dual en Andaluc\u00eda, se enmarca \u00aben el esfuerzo del Gobierno andaluz por fortalecer la Formaci\u00f3n Profesional Dual, garantizando que la formaci\u00f3n del alumnado se alinee con las necesidades del entorno productivo\u00bb. Adem\u00e1s, gracias a esta colaboraci\u00f3n, los estudiantes podr\u00e1n acceder a entornos altamente especializados y adquirir una formaci\u00f3n m\u00e1s pr\u00e1ctica y orientada al empleo.<\/p>\n<h2>Con el Ej\u00e9rcito<\/h2>\n<p>El convenio establece que el <strong>Ej\u00e9rcito de Tierra<\/strong> \u00abplanificar\u00e1 y desarrollar\u00e1 los programas formativos en coordinaci\u00f3n con los centros educativos, respetando en todo momento el curr\u00edculo oficial\u00bb. Se designar\u00e1n tutores en el centro de pr\u00e1cticas que trabajar\u00e1n de la mano con el profesorado de los centros educativos andaluces para asegurar un seguimiento personalizado de cada estudiante.<\/p>\n<p>Adem\u00e1s, el Ministerio de Defensa se compromete a \u00abfacilitar los medios t\u00e9cnicos, herramientas y sistemas de gesti\u00f3n necesarios para que los estudiantes desarrollen las competencias de su titulaci\u00f3n; proporcionar informaci\u00f3n sobre la normativa de seguridad y prevenci\u00f3n de riesgos laborales; ofrecer asesoramiento cient\u00edfico y t\u00e9cnico relacionado con las materias de la <strong>FP Dual <\/strong>y emitir certificados e informes valorativos al finalizar la formaci\u00f3n, que servir\u00e1n de apoyo para la evaluaci\u00f3n acad\u00e9mica\u00bb.<\/p>\n<p>Por su parte, la Junta de Andaluc\u00eda, a trav\u00e9s de la Consejer\u00eda de Desarrollo Educativo y <strong>Formaci\u00f3n Profesional<\/strong>, y de acuerdo con su pol\u00edtica actual, asumir\u00e1 \u00ablas obligaciones derivadas de la inclusi\u00f3n en la Seguridad Social de todos los estudiantes matriculados que realicen pr\u00e1cticas no remuneradas\u00bb.<\/p>\n","protected":false},"excerpt":{"rendered":"<p>El Consejo de Gobierno de la Junta de Andaluc\u00eda ha tomado conocimiento este mi\u00e9rcoles de la firma del convenio entre la Consejer\u00eda de Desarrollo Educativo y Formaci\u00f3n Profesional y el Ministerio de Defensa para ampliar las oportunidades de formaci\u00f3n pr\u00e1ctica de los estudiantes andaluces de Formaci\u00f3n Profesional (FP). El acuerdo, con una vigencia de cuatro [&hellip;]<\/p>\n","protected":false},"author":1,"featured_media":170206,"comment_status":"closed","ping_status":"closed","sticky":false,"template":"","format":"standard","meta":[],"categories":[2],"tags":[],"_links":{"self":[{"href":"http:\/\/cordobainforma.info\/index.php\/wp-json\/wp\/v2\/posts\/170205"}],"collection":[{"href":"http:\/\/cordobainforma.info\/index.php\/wp-json\/wp\/v2\/posts"}],"about":[{"href":"http:\/\/cordobainforma.info\/index.php\/wp-json\/wp\/v2\/types\/post"}],"author":[{"embeddable":true,"href":"http:\/\/cordobainforma.info\/index.php\/wp-json\/wp\/v2\/users\/1"}],"replies":[{"embeddable":true,"href":"http:\/\/cordobainforma.info\/index.php\/wp-json\/wp\/v2\/comments?post=170205"}],"version-history":[{"count":0,"href":"http:\/\/cordobainforma.info\/index.php\/wp-json\/wp\/v2\/posts\/170205\/revisions"}],"wp:featuredmedia":[{"embeddable":true,"href":"http:\/\/cordobainforma.info\/index.php\/wp-json\/wp\/v2\/media\/170206"}],"wp:attachment":[{"href":"http:\/\/cordobainforma.info\/index.php\/wp-json\/wp\/v2\/media?parent=170205"}],"wp:term":[{"taxonomy":"category","embeddable":true,"href":"http:\/\/cordobainforma.info\/index.php\/wp-json\/wp\/v2\/categories?post=170205"},{"taxonomy":"post_tag","embeddable":true,"href":"http:\/\/cordobainforma.info\/index.php\/wp-json\/wp\/v2\/tags?post=170205"}],"curies":[{"name":"wp","href":"https:\/\/api.w.org\/{rel}","templated":true}]}}