{"id":170170,"date":"2025-10-01T16:29:24","date_gmt":"2025-10-01T16:29:24","guid":{"rendered":"http:\/\/cordobainforma.info\/index.php\/2025\/10\/01\/musk-llama-a-boicotear-netflix-que-hay-detras-de-su-embestida-que-afecto-a-las-acciones-de-la-plataforma\/"},"modified":"2025-10-01T16:29:24","modified_gmt":"2025-10-01T16:29:24","slug":"musk-llama-a-boicotear-netflix-que-hay-detras-de-su-embestida-que-afecto-a-las-acciones-de-la-plataforma","status":"publish","type":"post","link":"http:\/\/cordobainforma.info\/index.php\/2025\/10\/01\/musk-llama-a-boicotear-netflix-que-hay-detras-de-su-embestida-que-afecto-a-las-acciones-de-la-plataforma\/","title":{"rendered":"Musk llama a boicotear Netflix: \u00bfqu\u00e9 hay detr\u00e1s de su embestida que afect\u00f3 a las acciones de la plataforma?"},"content":{"rendered":"<p><img src=\"http:\/\/cordobainforma.info\/wp-content\/uploads\/2025\/10\/musk-llama-a-boicotear-netflix-que-hay-detras-de-su-embestida-que-afecto-a-las-acciones-de-la-plataforma.jpg\"><\/p>\n<div><img src=\"http:\/\/cordobainforma.info\/wp-content\/uploads\/2025\/10\/musk-llama-a-boicotear-netflix-que-hay-detras-de-su-embestida-que-afecto-a-las-acciones-de-la-plataforma-2.jpg\" class=\"ff-og-image-inserted\"><\/div>\n<div class=\"Text-root Text-type_5 ArticleView-text ViewText-root \">\n<p>Elon Musk llam\u00f3 a sus m\u00e1s de 226 millones de seguidores en X a boicotear Netflix.&nbsp;Despu\u00e9s de que su&nbsp;mensaje se volviera r\u00e1pidamente viral, se registr\u00f3 una ca\u00edda en las acciones de la plataforma de &#8216;streaming&#8217;.<\/p>\n<p>\u00ab<strong>Cancelen Netflix por la salud de sus hijos<\/strong>\u00ab, <a href=\"https:\/\/x.com\/elonmusk\/status\/1973292474375479556\" target=\"_blank\" rel=\"noopener noreferrer\">escribi\u00f3<\/a>&nbsp;el magnate este mi\u00e9rcoles, respondiendo a una publicaci\u00f3n que acusaba a la compa\u00f1\u00eda de promover una agenda &#8216;woke&#8217; protransg\u00e9nero*.<\/p>\n<p>El due\u00f1o de SpaceX y Tesla hab\u00eda <a href=\"https:\/\/x.com\/elonmusk\/status\/1973101319222165785?s=46\" target=\"_blank\" rel=\"noopener noreferrer\">anunciado<\/a> el d\u00eda anterior que dejar\u00eda de usar Netflix, tras difundirse una supuesta publicaci\u00f3n de Hamish Steele \u2014creador de una serie animada infantil retirada de la plataforma\u2014 con insultos hacia el asesinado activista conservador <a href=\"https:\/\/actualidad.rt.com\/actualidad\/564467-activista-charlie-kirk-tiroteado-eeuu\" target=\"_blank\" rel=\"noopener noreferrer\">Charlie Kirk<\/a>.<\/p>\n<p>Seg\u00fan una captura de pantalla <a href=\"https:\/\/x.com\/libsoftiktok\/status\/1973030822254174711\" target=\"_blank\" rel=\"noopener noreferrer\">compartida<\/a> por un internauta, Steele habr\u00eda respondido a una declaraci\u00f3n del primer ministro brit\u00e1nico sobre el asesinato de Kirk. \u00ab\u00bfPor qu\u00e9 diablos est\u00e1s comentando esto, idiota? [\u2026] <strong>Un nazi al azar recibe un disparo y hay una declaraci\u00f3n p\u00fablica<\/strong>\u00ab, habr\u00eda escrito el creador de la serie &#8216;Dead End: El parque del terror&#8217;.<\/p>\n<h3>Pol\u00e9mica en torno a una serie infantil<\/h3>\n<p>Al mismo tiempo, activistas conservadores acusaron a la producci\u00f3n de promover una supuesta agenda &#8216;woke&#8217; por la inclusi\u00f3n de un personaje trans en la mencionada serie. \u00ab\u00a1Madre m\u00eda! \u00a1Dead End Paranormal Park&#8217;, una serie de Netflix, est\u00e1 promoviendo la [ideolog\u00eda] transg\u00e9nero entre los ni\u00f1os. Esta serie est\u00e1 dirigida a ni\u00f1os de 7 a\u00f1os\u00bb, <a href=\"https:\/\/x.com\/elonmusk\/status\/1972896316499042622\" target=\"_blank\" rel=\"noopener noreferrer\">public\u00f3<\/a>&nbsp;la cuenta Libs of TikTok, adjuntando un video, a lo que Musk respondi\u00f3: \u00abEsto no est\u00e1 bien\u00bb.<\/p>\n<p>Por su parte, Steele <a href=\"https:\/\/bsky.app\/profile\/hamishsteele.bsky.social\/post\/3m23eaedp2s2v\" target=\"_blank\" rel=\"noopener noreferrer\">neg\u00f3<\/a>&nbsp;haber celebrado la muerte de Kirk y aclar\u00f3 que la firma de entretenimiento no estaba promocionando su programa. \u00ab\u00a1Todo son mentiras y calumnias!\u00bb, <a href=\"https:\/\/bsky.app\/profile\/hamishsteele.bsky.social\/post\/3m22hgwk24s2v\" target=\"_blank\" rel=\"noopener noreferrer\">aleg\u00f3<\/a>.<\/p>\n<p>Entre tanto, las acciones de Netflix <a href=\"https:\/\/uk.finance.yahoo.com\/news\/netflix-stock-falls-elon-musk-122210430.html?guccounter=1&amp;guce_referrer=aHR0cHM6Ly93d3cuZ29vZ2xlLmNvbS8&amp;guce_referrer_sig=AQAAAHBN4-gV63DYLiTNqVZFa6TUvUAKIaMII8XJRaA5P6m0YBY0kSyk_qu064tF7rArYUWXKa2UoxS93gnTcRWef9BO75F7jw00T4DrR8gXB54m-dOufXV0kKiVpebZEOENuDF84xBH04FjGNevCBS82ddA8fl-dcqEm7iYP-t6qtG1\" target=\"_blank\" rel=\"noopener noreferrer\">cayeron<\/a> este mi\u00e9rcoles por la ma\u00f1ana un 1,3 % en la bolsa neoyorquina Nasdaq, en medio del boicot impulsado por Musk.<\/p>\n<p><em>*El movimiento internacional LGBT est\u00e1 calificado como organizaci\u00f3n extremista en el territorio de Rusia y prohibido en el pa\u00eds.<\/em><\/p>\n<\/div>\n","protected":false},"excerpt":{"rendered":"<p>Elon Musk llam\u00f3 a sus m\u00e1s de 226 millones de seguidores en X a boicotear Netflix.&nbsp;Despu\u00e9s de que su&nbsp;mensaje se volviera r\u00e1pidamente viral, se registr\u00f3 una ca\u00edda en las acciones de la plataforma de &#8216;streaming&#8217;. \u00abCancelen Netflix por la salud de sus hijos\u00ab, escribi\u00f3&nbsp;el magnate este mi\u00e9rcoles, respondiendo a una publicaci\u00f3n que acusaba a la [&hellip;]<\/p>\n","protected":false},"author":1,"featured_media":170171,"comment_status":"closed","ping_status":"closed","sticky":false,"template":"","format":"standard","meta":[],"categories":[22],"tags":[],"_links":{"self":[{"href":"http:\/\/cordobainforma.info\/index.php\/wp-json\/wp\/v2\/posts\/170170"}],"collection":[{"href":"http:\/\/cordobainforma.info\/index.php\/wp-json\/wp\/v2\/posts"}],"about":[{"href":"http:\/\/cordobainforma.info\/index.php\/wp-json\/wp\/v2\/types\/post"}],"author":[{"embeddable":true,"href":"http:\/\/cordobainforma.info\/index.php\/wp-json\/wp\/v2\/users\/1"}],"replies":[{"embeddable":true,"href":"http:\/\/cordobainforma.info\/index.php\/wp-json\/wp\/v2\/comments?post=170170"}],"version-history":[{"count":0,"href":"http:\/\/cordobainforma.info\/index.php\/wp-json\/wp\/v2\/posts\/170170\/revisions"}],"wp:featuredmedia":[{"embeddable":true,"href":"http:\/\/cordobainforma.info\/index.php\/wp-json\/wp\/v2\/media\/170171"}],"wp:attachment":[{"href":"http:\/\/cordobainforma.info\/index.php\/wp-json\/wp\/v2\/media?parent=170170"}],"wp:term":[{"taxonomy":"category","embeddable":true,"href":"http:\/\/cordobainforma.info\/index.php\/wp-json\/wp\/v2\/categories?post=170170"},{"taxonomy":"post_tag","embeddable":true,"href":"http:\/\/cordobainforma.info\/index.php\/wp-json\/wp\/v2\/tags?post=170170"}],"curies":[{"name":"wp","href":"https:\/\/api.w.org\/{rel}","templated":true}]}}