{"id":170166,"date":"2025-10-01T06:57:31","date_gmt":"2025-10-01T06:57:31","guid":{"rendered":"https:\/\/www.mujerhoy.com\/vivir\/bienestar\/rutina-saludable-aitana-sanchez-gijon-beneficios-ayuno-intermitente-kiwi-desayuno-meditacion-gyrotonic-20251001160306-nt.html"},"modified":"2025-10-01T06:57:31","modified_gmt":"2025-10-01T06:57:31","slug":"la-rutina-saludable-de-aitana-sanchez-gijon-para-estar-estupenda-a-los-56-anos-ayuno-intermitente-un-kiwi-por-las-mananas-y-meditacion","status":"publish","type":"post","link":"http:\/\/cordobainforma.info\/index.php\/2025\/10\/01\/la-rutina-saludable-de-aitana-sanchez-gijon-para-estar-estupenda-a-los-56-anos-ayuno-intermitente-un-kiwi-por-las-mananas-y-meditacion\/","title":{"rendered":"La rutina saludable de Aitana S\u00e1nchez-Gij\u00f3n para estar estupenda a los 56 a\u00f1os: ayuno intermitente, un kiwi por las ma\u00f1anas y meditaci\u00f3n"},"content":{"rendered":"<div class=\"media_block\"><\/div>\n<p><!-- AUTHOR --><\/p>\n<div class=\"voc-author-timesocial \">\n<!-- AUTHOR --><\/p>\n<div class=\"voc-author-timesocial__signature \">\n<!-- IMAGE AUTHOR -->\n<picture class=\"voc-image-signature\">\n<img class=\"voc-image-signature__img\" src=\"http:\/\/cordobainforma.info\/wp-content\/uploads\/2025\/10\/la-rutina-saludable-de-aitana-sanchez-gijon-para-estar-estupenda-a-los-56-anos-ayuno-intermitente-un-kiwi-por-las-mananas-y-meditacion.jpg\" alt=\"Ana Calvo\">\n<\/picture>\n<!-- INFO AUTHOR --><\/p>\n<div class=\"voc-author-timesocial__info\" data-mrf-recirculation=\"Autor\">\n<div class=\"voc-author-info\">\n<author><br \/>\n<a class=\"voc-author\" href=\"https:\/\/www.mujerhoy.com\/autor\/ana-calvo-1186.html\">Ana Calvo<\/a><br \/>\n<\/author><br \/>\n<!-- TIME --><br \/>\n<time datetime=\"2025-10-01T06:57:31Z\" data-timestamp><br \/>\nPublicado \u00b7 <span data-voc-date-modified-short> 1 de octubre de 2025, 08:57 h <\/span><br \/>\n<\/time>\n<\/div>\n<\/div>\n<\/div><\/div>\n<p><!-- COMPONENTS --><\/p>\n<p class=\"voc-paragraph\">Hablar de <a href=\"https:\/\/www.mujerhoy.com\/actualidad\/aitana-sanchez-gijon-premio-goya-honor-2025-actriz-exitos-mejores-peliculas-confesiones-edadismo-depresion-soledad-20250118122404-nt.html\" title=\"www.mujerhoy.com\" data-voc-vtm-id=\"in-text-traffic\" data-mrf-link=\"www.mujerhoy.com\">Aitana S\u00e1nchez-Gij\u00f3n<\/a> es hacerlo de <strong>una de las mejores actrices de la historia del cine espa\u00f1ol<\/strong>. De un icono de la televisi\u00f3n. De una de las grandes del teatro por derecho propio. Tambi\u00e9n es hablar de la int\u00e9rprete m\u00e1s joven en recibir el <a href=\"https:\/\/www.mujerhoy.com\/moda\/no-te-pierdas\/mejores-looks-aitana-sanchez-gijon-vestidos-premios-goya-honor-2025-20250205131843-nt.html\" title=\"www.mujerhoy.com\" data-voc-vtm-id=\"in-text-traffic\" data-mrf-link=\"www.mujerhoy.com\">Goya de Honor<\/a>. De una maestra de ceremonias deslumbrante en nuestros Premios Mujerhoy. Y de una mujer que disfruta cuid\u00e1ndose y est\u00e1 estupenda a los 56 a\u00f1os.<\/p>\n<p class=\"voc-paragraph\">Casi 57, de hecho, porque <a href=\"https:\/\/www.mujerhoy.com\/moda\/no-te-pierdas\/aitana-sanchez-gijon-premios-goya-honor-2025-vestido-carolina-herrera-20250208211237-nt.html\" title=\"www.mujerhoy.com\" data-voc-vtm-id=\"in-text-traffic\" data-mrf-link=\"www.mujerhoy.com\">Aitana S\u00e1nchez-Gij\u00f3n<\/a> los cumplir\u00e1 en poco menos de un mes y lo hace <strong>radiante, bell\u00edsima y en una etapa exultante<\/strong> de su carrera. Ese momento dulce que atraviesa la actriz es fruto de una trayectoria intachable, una disciplina saludable y un autocuidado real. <\/p>\n<div class=\"v-c-cmp v-c-cmp--t1 \">\n<div class=\"v-cmp-rld v-cmp-rld--2 \">\n<div class=\"v-cnt-m v-cnt-m--m\">\n<div class=\"v-cnt-m__c\">\n<div class=\"v-cnt-m__w v-cnt-m__w--1\">\n<p class=\"v-cnt-m__t\">\nTAMBI\u00c9N TE INTERESA\n<\/p>\n<\/div>\n<\/div>\n<\/div>\n<div class=\"v-g v-g--2-c v-g--bdr-min-xs\">\n<div class=\"v-g__c \">\n<article class=\"v-a v-a--cmp-rld v-a--cmp-rld-2 v-a--p-l\">\n<div class=\"v-a-img-c\">\n<figure class=\"v-a-fig\">\n<a href=\"https:\/\/www.mujerhoy.com\/vivir\/bienestar\/kiwi-fruta-felicidad-despierta-cerebro-ciencia-20240220072935-nt.html#vtm_modulosEngag=mod-rel:vivir:noticia:1:cmp:2-not\" class=\"v-a-link\" title=\"Esta es la fruta que te hace m\u00e1s feliz y despierta tu cerebro, seg\u00fan la ciencia\"><br \/>\n<img loading=\"lazy\" class=\"v-a-img\" src=\"http:\/\/cordobainforma.info\/wp-content\/uploads\/2025\/10\/la-rutina-saludable-de-aitana-sanchez-gijon-para-estar-estupenda-a-los-56-anos-ayuno-intermitente-un-kiwi-por-las-mananas-y-meditacion-1.jpg\" alt=\"Esta es la fruta que te hace m\u00e1s feliz y despierta tu cerebro, seg\u00fan la ciencia\"><br \/>\n<\/a><br \/>\n<\/figure>\n<\/div>\n<\/article>\n<\/div>\n<div class=\"v-g__c \">\n<article class=\"v-a v-a--cmp-rld v-a--cmp-rld-2 v-a--p-l\">\n<div class=\"v-a-img-c\">\n<figure class=\"v-a-fig\">\n<a href=\"https:\/\/www.mujerhoy.com\/vivir\/bienestar\/cardiologo-fruta-rebajar-estres-cortisol-20250507074930-nt.html#vtm_modulosEngag=mod-rel:vivir:noticia:2:cmp:2-not\" class=\"v-a-link\" title=\"Soy cardi\u00f3logo y esta es la fruta que tomo siempre que tengo picos de estr\u00e9s\"><br \/>\n<img loading=\"lazy\" class=\"v-a-img\" src=\"http:\/\/cordobainforma.info\/wp-content\/uploads\/2025\/10\/la-rutina-saludable-de-aitana-sanchez-gijon-para-estar-estupenda-a-los-56-anos-ayuno-intermitente-un-kiwi-por-las-mananas-y-meditacion-2.jpg\" alt=\"Soy cardi\u00f3logo y esta es la fruta que tomo siempre que tengo picos de estr\u00e9s\"><br \/>\n<\/a><br \/>\n<\/figure>\n<\/div>\n<\/article>\n<\/div>\n<\/div>\n<\/div>\n<\/div>\n<p class=\"voc-paragraph\">Tambi\u00e9n de unas <strong>rutinas conscientes que disfruta<\/strong> y que ha querido compartir con Mujerhoy en una ma\u00f1ana soleada de oto\u00f1o en el centro de Madrid de la mano de Zespri, que acaba de nombrarla embajadora. \u00abMe habr\u00eda sentado fatal que escogieran como primera Mujer Zespri a otra que no fuera yo porque creo que tengo todas las papeletas para serlo\u00bb, nos cuenta la actriz entre risas despu\u00e9s de compartir desayuno, kiwis y charla en el Hotel Palacio de los Duques Gran Meli\u00e1.<\/p>\n<div class=\"v-c-cmp v-c-cmp--s\">\n<div class=\"v-cmp-m \">\n<article class=\"v-a v-a--cmp-m v-c-cmp--m-z\">\n<div class=\"v-a-img-c \">\n<div class=\"v-a-fig\">\n<button class=\"v-a-link\" popovertarget=\"photo-970\"><br \/>\n<img loading=\"lazy\" src=\"http:\/\/cordobainforma.info\/wp-content\/uploads\/2025\/10\/la-rutina-saludable-de-aitana-sanchez-gijon-para-estar-estupenda-a-los-56-anos-ayuno-intermitente-un-kiwi-por-las-mananas-y-meditacion-3.jpg\" class=\"v-a-img\" width=\"650\" height=\"650\" alt=\"Aitana S\u00e1nchez-Gij\u00f3n, Mujer Zespri 2025.\" data-voc-vtm-id=\"in-text-traffic\"> <\/button><figcaption class=\"v-fc\">\n<span class=\"v-fc__t\"><br \/>\nAitana S\u00e1nchez-Gij\u00f3n, Mujer Zespri 2025.<br \/>\n<\/span><br \/>\n<span class=\"v-fc__p\"><br \/>\nCortes\u00eda Zespri<br \/>\n<\/span><br \/>\n<\/figcaption><\/div>\n<\/div>\n<div id=\"photo-970\" popover class=\"v-mdl v-mdl--fw\">\n<button class=\"v-x\" popovertarget=\"photo-970\" popovertargetaction=\"hide\"><br \/>\n<span class=\"v-i\"><br \/>\n<svg width=\"24\" height=\"23.996\" viewBox=\"0 0 24 23.996\">\n<path data-name=\"Uni\u00f3n 29\" d=\"M12,14.03,2.031,24,0,21.963,9.968,12,0,2.033,2.031,0,12,9.966,21.969,0,24,2.033,14.032,12,24,21.963,21.969,24Z\" \/>\n<\/svg><br \/>\n<\/span><br \/>\n<\/button><\/p>\n<div class=\"v-mdl__c\">\n<div class=\"v-mdl__w\">\n<img loading=\"lazy\" src=\"http:\/\/cordobainforma.info\/wp-content\/uploads\/2025\/10\/la-rutina-saludable-de-aitana-sanchez-gijon-para-estar-estupenda-a-los-56-anos-ayuno-intermitente-un-kiwi-por-las-mananas-y-meditacion-3.jpg\" class=\"v-mdl__img-z\" width=\"650\" height=\"650\" alt>\n<\/div>\n<\/div>\n<\/div>\n<p><span class=\"v-bdp\"><\/span><br \/>\n<\/article>\n<\/div>\n<\/div>\n<p><h3 class=\"v-cmp-suh\">\nAitana S\u00e1nchez-Gij\u00f3n, los kiwis y Richard Gere<br \/>\n<\/h3>\n<\/p>\n<p class=\"voc-paragraph\">Pero el romance de pel\u00edcula entre Aitana S\u00e1nchez-Gij\u00f3n y los kiwisi va m\u00e1s all\u00e1 y tiene a <strong>Richard Gere como estrella invitada<\/strong>. La actriz ten\u00eda posters del actor en su habitaci\u00f3n y con 19 a\u00f1os lo conoci\u00f3. \u00abMe convocaron a un encuentro con actores donde \u00e9l estaba por una pel\u00edcula que iba a hacer y al final no hizo. Yo estaba muy nerviosa, no dorm\u00ed la noche anterior porque era mi amor plat\u00f3nico. Pero fue todo fant\u00e1stico porque \u00e9l ten\u00eda una cesta de frutas y se rompi\u00f3 el hielo cuando me dijo &#8216;toma, ll\u00e9vate esto&#8217;, y era un kiwi. Lo guard\u00e9 sin tocarlo hasta que se puso pocho y lo tuve que tirar\u00bb, recuerda divertida.<\/p>\n<p class=\"voc-paragraph\">As\u00ed que el storytelling de Aitana S\u00e1nchez-Gij\u00f3n y Zespri se cuenta solo. Entonces, esta fruta con &#8216;superpoderes&#8217; que ha conseguido ser la primera reconocida por sus propiedades saludables por la Comisi\u00f3n Europea, era algo \u00abex\u00f3tico, car\u00edsimo, muy dif\u00edcil de conseguir\u00bb, pero con el pasar del tiempo, se asent\u00f3 en nuestras fruter\u00edas y \u00ablo incorpor\u00e9 cuando ya <strong>empec\u00e9 a hacerme cargo de mis h\u00e1bitos sanos<\/strong>\u00ab. <\/p>\n<p class=\"voc-paragraph\">Desde entonces, la actriz lleva a\u00f1os tomando <strong>un kiwi en ayunas todas las ma\u00f1anas<\/strong>. \u00abMe sienta de maravilla. Empec\u00e9 a hacer ayuno intermitente porque comenc\u00e9 a tener problemas intestinales y malas digestiones. Con el kiwi noto como que el est\u00f3mago se me asienta\u00bb, nos cuenta, as\u00ed que \u00abme gusta much\u00edsimo empezar el d\u00eda con ese saborcito tan rico (el del amarillo, su favorito) y, como que me lo como en un minuto, tampoco me quita tiempo\u00bb<\/p>\n<p class=\"voc-paragraph\">Pero el kiwi en ayunas, despu\u00e9s de un vaso de agua con lim\u00f3n, no es la \u00fanica <strong>rutina saludable que sigue Aitana S\u00e1nchez-Gij\u00f3n<\/strong> para mantenerse estupenda y, sobre todo, sana, a sus espl\u00e9ndidos casi 57 a\u00f1os. Entre sus peque\u00f1as elecciones cotidianas y su rutina consciente para mantener su bienestar tambi\u00e9n est\u00e1n el ayuno intermitente, la meditaci\u00f3n o el deporte. \u00abSon gestos cotidianos, sencillos y f\u00e1ciles de incorporar, porque hay otros que son m\u00e1s sacrificados o requieren de m\u00e1s tiempo y m\u00e1s elaboraci\u00f3n\u00bb, reconoce.<\/p>\n<div class=\"v-c-cmp v-c-cmp--s\">\n<div class=\"v-cmp-m \">\n<article class=\"v-a v-a--cmp-m v-c-cmp--m-z\">\n<div class=\"v-a-img-c \">\n<div class=\"v-a-fig\">\n<button class=\"v-a-link\" popovertarget=\"photo-182\"><br \/>\n<img loading=\"lazy\" src=\"http:\/\/cordobainforma.info\/wp-content\/uploads\/2025\/10\/la-rutina-saludable-de-aitana-sanchez-gijon-para-estar-estupenda-a-los-56-anos-ayuno-intermitente-un-kiwi-por-las-mananas-y-meditacion-4.jpg\" class=\"v-a-img\" width=\"650\" height=\"650\" alt=\"Las actrices B\u00e1rbara Santa Cruz y Aitana S\u00e1nchez-Gij\u00f3n en el evento de Zespri en Madrid.\" data-voc-vtm-id=\"in-text-traffic\"> <\/button><figcaption class=\"v-fc\">\n<span class=\"v-fc__t\"><br \/>\nLas actrices B\u00e1rbara Santa Cruz y Aitana S\u00e1nchez-Gij\u00f3n en el evento de Zespri en Madrid.<br \/>\n<\/span><br \/>\n<span class=\"v-fc__p\"><br \/>\nCortes\u00eda Zespri<br \/>\n<\/span><br \/>\n<\/figcaption><\/div>\n<\/div>\n<div id=\"photo-182\" popover class=\"v-mdl v-mdl--fw\">\n<button class=\"v-x\" popovertarget=\"photo-182\" popovertargetaction=\"hide\"><br \/>\n<span class=\"v-i\"><br \/>\n<svg width=\"24\" height=\"23.996\" viewBox=\"0 0 24 23.996\">\n<path data-name=\"Uni\u00f3n 29\" d=\"M12,14.03,2.031,24,0,21.963,9.968,12,0,2.033,2.031,0,12,9.966,21.969,0,24,2.033,14.032,12,24,21.963,21.969,24Z\" \/>\n<\/svg><br \/>\n<\/span><br \/>\n<\/button><\/p>\n<div class=\"v-mdl__c\">\n<div class=\"v-mdl__w\">\n<img loading=\"lazy\" src=\"http:\/\/cordobainforma.info\/wp-content\/uploads\/2025\/10\/la-rutina-saludable-de-aitana-sanchez-gijon-para-estar-estupenda-a-los-56-anos-ayuno-intermitente-un-kiwi-por-las-mananas-y-meditacion-4.jpg\" class=\"v-mdl__img-z\" width=\"650\" height=\"650\" alt>\n<\/div>\n<\/div>\n<\/div>\n<p><span class=\"v-bdp\"><\/span><br \/>\n<\/article>\n<\/div>\n<\/div>\n<p><h3 class=\"v-cmp-suh\">\nLa rutina saludable de Aitana S\u00e1nchez-Gij\u00f3n<br \/>\n<\/h3>\n<\/p>\n<p class=\"voc-paragraph\">\u00abSoy do\u00f1a rutinas\u00bb, reconoce Aitana S\u00e1nchez-Gij\u00f3n. \u00abMe levanto, me bajo de la cama y en el suelo, con un coj\u00edn, <strong>respiro y medito<\/strong> yo sola, algo que he incorporado hace un a\u00f1o y medio. Me tengo que levantar con tiempo, porque despu\u00e9s me tomo mi agua con lim\u00f3n, pasado un rato el kiwi y luego ya desayuno bien, muy bien. Tambi\u00e9n camino mucho\u00ab.<\/p>\n<p class=\"voc-paragraph\">El descanso saludable tambi\u00e9n es b\u00e1sico para Aitana S\u00e1nchez-Gij\u00f3n, tal y como nos confiesa. \u00abIntento cuidar las horas de sue\u00f1o. Si tengo que madrugar, calculo m\u00e1s o menos ocho horas, aunque luego no las duerma del todo\u00bb y, adem\u00e1s, \u00ab<strong>intento comer bien<\/strong>, aunque tampoco soy una obsesa. Como de todo, pero es que noto enseguida lo que no me sientan bien\u00ab. <\/p>\n<p class=\"voc-paragraph\">Entre sus rutinas deportivas, reconoce que lo ha intentado con el entrenamiento de fuerza pero no le ha sentado bien: \u00abnotaba como que hasta ten\u00eda fiebre cuando llegaba a casa\u00bb. As\u00ed que, de momento, <strong>lo suyo es el Gyrotonic<\/strong>. \u00abIntento hacerlo siempre que puedo y si no puedo ir, hago mis rutinas en casa. Tengo mucha tensi\u00f3n y me duele mucho el cuerpo en general, as\u00ed que tengo que estar estirando todo el tiempo para aflojar un poco esas tensiones y esta disciplina me viene muy bien\u00bb.<\/p>\n<p class=\"voc-paragraph\">Aitana S\u00e1nchez-Gij\u00f3n se reconoce <strong>una mujer disciplinada, con fuerza de voluntad<\/strong>, que no usa una vida que cada d\u00eda es distinta como excusa para no acometer sus h\u00e1bitos saludables. \u00abCuando decido que algo me sienta bien, sencillamente lo hago. Meditar, por ejemplo, puedes meditar en cualquier sitio. En un hotel, en el transfer que te lleva al rodaje e madrugada&#8230; Hay veces que tambi\u00e9n rompo el ayuno, pero como media yo lo logro mantener cinco d\u00edas a la semana. Ahora cuando empiece a hacer teatro la temporada que viene, a ver&#8230; Porque lo hago desde la comida y la verdad es cuando sales de la obra te quieres comer todo, as\u00ed que voy a tener que pasarlo al desayuno y creo que me va a costar m\u00e1s no desayunar que no cenar\u00bb, confiesa.<\/p>\n<p class=\"voc-paragraph\">La actriz demuestra, una vez m\u00e1s, que una mujer de m\u00e1s de 50 puede estar en su mejor momento. Profesional, pero tambi\u00e9n de belleza saludable. \u00abLas cosas han cambiado o est\u00e1n cambiando bastante desde mis treinta y pico. Ahora yo noto un cambio muy fuerte. No hemos llegado a la meta ni estamos en el momento ideal, no hay una paridad todav\u00eda, pero <strong>hemos conseguido que existan referentes mujeres de todas las edades<\/strong>, con perfiles complejos y muy interesantes\u00ab.<\/p>\n<div class=\"v-c-cmp v-c-cmp--t1 \">\n<div class=\"v-cmp-rld v-cmp-rld--2 \">\n<div class=\"v-cnt-m v-cnt-m--m\">\n<div class=\"v-cnt-m__c\">\n<div class=\"v-cnt-m__w v-cnt-m__w--1\">\n<p class=\"v-cnt-m__t\">\nTAMBI\u00c9N TE INTERESA\n<\/p>\n<\/div>\n<\/div>\n<\/div>\n<div class=\"v-g v-g--2-c v-g--bdr-min-xs\">\n<div class=\"v-g__c \">\n<article class=\"v-a v-a--cmp-rld v-a--cmp-rld-2 v-a--p-l\">\n<div class=\"v-a-img-c\">\n<figure class=\"v-a-fig\">\n<a href=\"https:\/\/www.mujerhoy.com\/vivir\/bienestar\/desayuno-isabel-preysler-mantenerse-joven-50-anos-antioxidante-20250109082850-nt.html#vtm_modulosEngag=mod-rel:vivir:noticia:1:cmp:2-not\" class=\"v-a-link\" title=\"Este es el desayuno que toma cada d\u00eda Isabel Preysler para mantenerse joven despu\u00e9s de los 50\"><br \/>\n<img loading=\"lazy\" class=\"v-a-img\" src=\"http:\/\/cordobainforma.info\/wp-content\/uploads\/2025\/10\/la-rutina-saludable-de-aitana-sanchez-gijon-para-estar-estupenda-a-los-56-anos-ayuno-intermitente-un-kiwi-por-las-mananas-y-meditacion-5.jpg\" alt=\"Este es el desayuno que toma cada d\u00eda Isabel Preysler para mantenerse joven despu\u00e9s de los 50\"><br \/>\n<\/a><br \/>\n<\/figure>\n<\/div>\n<\/article>\n<\/div>\n<div class=\"v-g__c \">\n<article class=\"v-a v-a--cmp-rld v-a--cmp-rld-2 v-a--p-l\">\n<div class=\"v-a-img-c\">\n<figure class=\"v-a-fig\">\n<a href=\"https:\/\/www.mujerhoy.com\/vivir\/bienestar\/desayuno-saludable-belen-rueda-beneficios-fruta-20240713084740-nt.html#vtm_modulosEngag=mod-rel:vivir:noticia:2:cmp:2-not\" class=\"v-a-link\" title=\"Este es el desayuno que hace que Bel\u00e9n Rueda est\u00e9 espectacular a sus 59 a\u00f1os\"><br \/>\n<img loading=\"lazy\" class=\"v-a-img\" src=\"http:\/\/cordobainforma.info\/wp-content\/uploads\/2025\/10\/la-rutina-saludable-de-aitana-sanchez-gijon-para-estar-estupenda-a-los-56-anos-ayuno-intermitente-un-kiwi-por-las-mananas-y-meditacion-6.jpg\" alt=\"Este es el desayuno que hace que Bel\u00e9n Rueda est\u00e9 espectacular a sus 59 a\u00f1os\"><br \/>\n<\/a><br \/>\n<\/figure>\n<\/div>\n<\/article>\n<\/div>\n<\/div>\n<\/div>\n<\/div>\n","protected":false},"excerpt":{"rendered":"<p>Ana Calvo Publicado \u00b7 1 de octubre de 2025, 08:57 h Hablar de Aitana S\u00e1nchez-Gij\u00f3n es hacerlo de una de las mejores actrices de la historia del cine espa\u00f1ol. De un icono de la televisi\u00f3n. De una de las grandes del teatro por derecho propio. Tambi\u00e9n es hablar de la int\u00e9rprete m\u00e1s joven en recibir [&hellip;]<\/p>\n","protected":false},"author":1,"featured_media":170167,"comment_status":"open","ping_status":"closed","sticky":false,"template":"","format":"standard","meta":[],"categories":[18],"tags":[],"_links":{"self":[{"href":"http:\/\/cordobainforma.info\/index.php\/wp-json\/wp\/v2\/posts\/170166"}],"collection":[{"href":"http:\/\/cordobainforma.info\/index.php\/wp-json\/wp\/v2\/posts"}],"about":[{"href":"http:\/\/cordobainforma.info\/index.php\/wp-json\/wp\/v2\/types\/post"}],"author":[{"embeddable":true,"href":"http:\/\/cordobainforma.info\/index.php\/wp-json\/wp\/v2\/users\/1"}],"replies":[{"embeddable":true,"href":"http:\/\/cordobainforma.info\/index.php\/wp-json\/wp\/v2\/comments?post=170166"}],"version-history":[{"count":0,"href":"http:\/\/cordobainforma.info\/index.php\/wp-json\/wp\/v2\/posts\/170166\/revisions"}],"wp:featuredmedia":[{"embeddable":true,"href":"http:\/\/cordobainforma.info\/index.php\/wp-json\/wp\/v2\/media\/170167"}],"wp:attachment":[{"href":"http:\/\/cordobainforma.info\/index.php\/wp-json\/wp\/v2\/media?parent=170166"}],"wp:term":[{"taxonomy":"category","embeddable":true,"href":"http:\/\/cordobainforma.info\/index.php\/wp-json\/wp\/v2\/categories?post=170166"},{"taxonomy":"post_tag","embeddable":true,"href":"http:\/\/cordobainforma.info\/index.php\/wp-json\/wp\/v2\/tags?post=170166"}],"curies":[{"name":"wp","href":"https:\/\/api.w.org\/{rel}","templated":true}]}}