{"id":170158,"date":"2025-10-01T01:21:04","date_gmt":"2025-10-01T01:21:04","guid":{"rendered":"https:\/\/playfmradio.com\/?p=12368"},"modified":"2025-10-01T01:21:04","modified_gmt":"2025-10-01T01:21:04","slug":"silvestre-y-la-naranja-presenta-alterego-en-cordoba","status":"publish","type":"post","link":"http:\/\/cordobainforma.info\/index.php\/2025\/10\/01\/silvestre-y-la-naranja-presenta-alterego-en-cordoba\/","title":{"rendered":"Silvestre y La Naranja presenta ALTEREGO en C\u00f3rdoba"},"content":{"rendered":"<p>Este s\u00e1bado 4 de octubre, Silvestre y La Naranja llega a C\u00f3rdoba para presentarse en el Estadio Atenas, dentro de la gira nacional ALTEREGO, que viene recorriendo distintas ciudades con gran respuesta del p\u00fablico.<\/p>\n<p>Formados en 2011, los Silvestre se fueron ganando un lugar fuerte en la escena local a base de canciones que cruzan el pop con tintes de funk, soul y algo de electr\u00f3nica. El grupo tiene una impronta fresca y moderna, con letras que conectan r\u00e1pido y un sonido que creci\u00f3<br \/>mucho en los \u00faltimos discos. Hoy son una de las bandas m\u00e1s escuchadas en plataformas y habituales en festivales grandes como Lollapalooza, Cosqu\u00edn Rock o Quilmes Rock.<\/p>\n<p>La gira ALTEREGO llega despu\u00e9s de un a\u00f1o cargado de shows y lanzamientos, donde la banda sigue reafirmando su crecimiento y sumando p\u00fablico nuevo en cada parada. C\u00f3rdoba aparece como una fecha clave, con el Atenas como escenario, un lugar hist\u00f3rico para la m\u00fasica en la ciudad.<\/p>\n<p>Las entradas ya est\u00e1n disponibles a trav\u00e9s de Eden Entradas, tanto en su web como en los puntos de venta f\u00edsicos habilitados.<\/p>\n<p>Para quienes vienen siguiendo a Silvestre y La Naranja desde hace tiempo, la visita a C\u00f3rdoba es una oportunidad de ver en vivo a una banda que no para de crecer. Y para quienes reci\u00e9n los descubren, es la chance de conocer de cerca a uno de los proyectos m\u00e1s s\u00f3lidos de la nueva generaci\u00f3n de m\u00fasica argentina.<br \/><img loading=\"lazy\" fetchpriority=\"high\" decoding=\"async\" src=\"http:\/\/cordobainforma.info\/wp-content\/uploads\/2025\/10\/silvestre-y-la-naranja-presenta-alterego-en-cordoba.jpg\" alt width=\"300\" height=\"300\" class=\"alignnone size-medium wp-image-12370\" srcset=\"http:\/\/cordobainforma.info\/wp-content\/uploads\/2025\/10\/silvestre-y-la-naranja-presenta-alterego-en-cordoba.jpg 300w, http:\/\/cordobainforma.info\/wp-content\/uploads\/2025\/10\/silvestre-y-la-naranja-presenta-alterego-en-cordoba-1.jpg 150w, http:\/\/cordobainforma.info\/wp-content\/uploads\/2025\/10\/silvestre-y-la-naranja-presenta-alterego-en-cordoba-2.jpg 170w, http:\/\/cordobainforma.info\/wp-content\/uploads\/2025\/10\/silvestre-y-la-naranja-presenta-alterego-en-cordoba-3.jpg 640w\" sizes=\"(max-width: 300px) 100vw, 300px\"><br \/>Silvestre y La Naranja \u2013 ALTEREGO Tour<br \/>\ud83d\udccd Estadio Atenas, C\u00f3rdoba<br \/>\ud83d\udcc5 S\u00e1bado 4 de octubre<br \/>\ud83c\udf9f\ufe0f Entradas en Eden Entradas<\/p>\n<p> <!-- AUTHOR PART ========================= --> <!-- AUTHOR PART END ========================= --> <\/p>\n","protected":false},"excerpt":{"rendered":"<p>Este s\u00e1bado 4 de octubre, Silvestre y La Naranja llega a C\u00f3rdoba para presentarse en el Estadio Atenas, dentro de la gira nacional ALTEREGO, que viene recorriendo distintas ciudades con gran respuesta del p\u00fablico. Formados en 2011, los Silvestre se fueron ganando un lugar fuerte en la escena local a base de canciones que cruzan [&hellip;]<\/p>\n","protected":false},"author":1,"featured_media":170159,"comment_status":"closed","ping_status":"closed","sticky":false,"template":"","format":"standard","meta":[],"categories":[23,2],"tags":[],"_links":{"self":[{"href":"http:\/\/cordobainforma.info\/index.php\/wp-json\/wp\/v2\/posts\/170158"}],"collection":[{"href":"http:\/\/cordobainforma.info\/index.php\/wp-json\/wp\/v2\/posts"}],"about":[{"href":"http:\/\/cordobainforma.info\/index.php\/wp-json\/wp\/v2\/types\/post"}],"author":[{"embeddable":true,"href":"http:\/\/cordobainforma.info\/index.php\/wp-json\/wp\/v2\/users\/1"}],"replies":[{"embeddable":true,"href":"http:\/\/cordobainforma.info\/index.php\/wp-json\/wp\/v2\/comments?post=170158"}],"version-history":[{"count":0,"href":"http:\/\/cordobainforma.info\/index.php\/wp-json\/wp\/v2\/posts\/170158\/revisions"}],"wp:featuredmedia":[{"embeddable":true,"href":"http:\/\/cordobainforma.info\/index.php\/wp-json\/wp\/v2\/media\/170159"}],"wp:attachment":[{"href":"http:\/\/cordobainforma.info\/index.php\/wp-json\/wp\/v2\/media?parent=170158"}],"wp:term":[{"taxonomy":"category","embeddable":true,"href":"http:\/\/cordobainforma.info\/index.php\/wp-json\/wp\/v2\/categories?post=170158"},{"taxonomy":"post_tag","embeddable":true,"href":"http:\/\/cordobainforma.info\/index.php\/wp-json\/wp\/v2\/tags?post=170158"}],"curies":[{"name":"wp","href":"https:\/\/api.w.org\/{rel}","templated":true}]}}