{"id":170149,"date":"2025-10-01T15:27:25","date_gmt":"2025-10-01T15:27:25","guid":{"rendered":"https:\/\/www.modapunta.com\/noticia\/9945\/moda\/famosos-se-preparan-para-maestros-de-la-costura-celebrity-2.html"},"modified":"2025-10-01T15:27:25","modified_gmt":"2025-10-01T15:27:25","slug":"famosos-se-preparan-para-maestros-de-la-costura-celebrity-2","status":"publish","type":"post","link":"http:\/\/cordobainforma.info\/index.php\/2025\/10\/01\/famosos-se-preparan-para-maestros-de-la-costura-celebrity-2\/","title":{"rendered":"Famosos se preparan para &#8216;Maestros de la Costura Celebrity 2&#8217;"},"content":{"rendered":"<div class=\"media_block\"><\/div>\n<div><img src=\"http:\/\/cordobainforma.info\/wp-content\/uploads\/2025\/10\/famosos-se-preparan-para-maestros-de-la-costura-celebrity-2.jpg\" class=\"ff-og-image-inserted\"><\/div>\n<p>El taller de \u2018<strong>Maestros de la Costura Celebrity<\/strong>\u2019, la versi\u00f3n con celebridades del popular talent show producido por RTVE en colaboraci\u00f3n con Shine Iberia (Banijay Iberia), se alista para una nueva temporada. Entre los primeros participantes confirmados se encuentran la modelo, actriz y presentadora <strong>Jaydy Michel<\/strong>; la compositora y cantante <strong>Beatriz Luengo<\/strong>; la actriz <strong>Silvia Marty<\/strong>; los gemelos modelos <strong>Edu y Jorge Rom\u00e1n<\/strong>, as\u00ed como el cantante <strong>Mario Vaquerizo<\/strong>. Esta segunda edici\u00f3n promete estar llena de desaf\u00edos y momentos divertidos.<\/p>\n<p>Una de las principales novedades ser\u00e1 la incorporaci\u00f3n del joven dise\u00f1ador barcelon\u00e9s <strong>Luis De Javier<\/strong>, quien se unir\u00e1 como <strong>tercer jurado<\/strong>, junto a <strong>Lorenzo Caprile<\/strong> y <strong>Mar\u00eda Escot\u00e9<\/strong>. La presentadora <strong>Raquel S\u00e1nchez Silva<\/strong> seguir\u00e1 liderando el programa, que regresar\u00e1 a La 1 con un total de <strong>12 nuevos aprendices<\/strong>.<\/p>\n<h2>Nuevos talentos en el jurado<\/h2>\n<p>A sus 29 a\u00f1os, <strong>Luis De Javier<\/strong> ha logrado consolidarse como un referente internacional en el mundo de la moda, siendo altamente solicitado por figuras destacadas del espect\u00e1culo. Considerado por muchos como el nuevo \u201c<em>enfant terrible<\/em>\u201d de la moda espa\u00f1ola, su est\u00e9tica desaf\u00eda las convenciones y celebra la diversidad. Su trabajo ha atra\u00eddo a artistas de renombre mundial como <strong>Beyonc\u00e9, Rihanna, Rosal\u00eda, Doja Cat, Julia Fox, Kim Kardashian y Lady Gaga<\/strong>, quienes han lucido sus dise\u00f1os audaces que evocan libertad e identidad.<\/p>\n<p>La formaci\u00f3n de De Javier en Barcelona marc\u00f3 el inicio de una carrera enriquecida por experiencias internacionales y colaboraciones con marcas prestigiosas como <strong>Vivienne Westwood y Gareth Pugh<\/strong>. En 2020 fund\u00f3 su propia firma de lujo, <strong>Luis De Javier Studio<\/strong>, conocida por fusionar la herencia cultural espa\u00f1ola con creaciones innovadoras. Tras residir en Londres, Los \u00c1ngeles y Par\u00eds, ha decidido establecerse nuevamente en Barcelona para expandir su marca y potenciar el talento joven espa\u00f1ol. Adem\u00e1s, apoya al sector artesanal local y colabora activamente con \u00e9l. En 2023, trabaj\u00f3 junto al fot\u00f3grafo Steven Klein y la estilista Patty Wilson en su desfile neoyorquino. Su mentor es el reconocido dise\u00f1ador Ricardo Tisci.<\/p>\n<h2>Preguntas sobre la noticia<\/h2>\n<div class=\"faq\" readability=\"25\">\n<h3>\u00bfQui\u00e9nes son los participantes confirmados de \u2018Maestros de la Costura Celebrity 2\u2019?<\/h3>\n<p>Los participantes confirmados son la modelo, actriz y presentadora Jaydy Michel; la compositora y cantante Beatriz Luengo; la actriz Silvia Marty; los gemelos modelos Edu y Jorge Rom\u00e1n, y el cantante Mario Vaquerizo.<\/p>\n<h3>\u00bfCu\u00e1l es una de las novedades de esta edici\u00f3n?<\/h3>\n<p>Una de las grandes novedades es la incorporaci\u00f3n del joven dise\u00f1ador de moda barcelon\u00e9s Luis De Javier como tercer miembro del jurado, junto con Lorenzo Caprile y Mar\u00eda Escot\u00e9.<\/p>\n<h3>\u00bfQui\u00e9n ser\u00e1 el presentador del programa?<\/h3>\n<p>La presentadora Raquel S\u00e1nchez Silva continuar\u00e1 al frente del formato.<\/p>\n<h3>\u00bfCu\u00e1ntos nuevos aprendices participar\u00e1n en esta edici\u00f3n?<\/h3>\n<p>Esta segunda edici\u00f3n contar\u00e1 con 12 nuevos aprendices.<\/p>\n<h3>\u00bfQu\u00e9 destaca sobre Luis De Javier como dise\u00f1ador?<\/h3>\n<p>Luis De Javier es considerado el nuevo \u201cenfant terrible de la moda espa\u00f1ola\u201d y ha cautivado a artistas internacionales gracias a sus dise\u00f1os que celebran la diversidad. Adem\u00e1s, fund\u00f3 su propia marca de moda de lujo, Luis De Javier Studio.<\/p>\n<\/div>\n","protected":false},"excerpt":{"rendered":"<p>El taller de \u2018Maestros de la Costura Celebrity\u2019, la versi\u00f3n con celebridades del popular talent show producido por RTVE en colaboraci\u00f3n con Shine Iberia (Banijay Iberia), se alista para una nueva temporada. Entre los primeros participantes confirmados se encuentran la modelo, actriz y presentadora Jaydy Michel; la compositora y cantante Beatriz Luengo; la actriz Silvia [&hellip;]<\/p>\n","protected":false},"author":1,"featured_media":170150,"comment_status":"open","ping_status":"closed","sticky":false,"template":"","format":"standard","meta":[],"categories":[24],"tags":[],"_links":{"self":[{"href":"http:\/\/cordobainforma.info\/index.php\/wp-json\/wp\/v2\/posts\/170149"}],"collection":[{"href":"http:\/\/cordobainforma.info\/index.php\/wp-json\/wp\/v2\/posts"}],"about":[{"href":"http:\/\/cordobainforma.info\/index.php\/wp-json\/wp\/v2\/types\/post"}],"author":[{"embeddable":true,"href":"http:\/\/cordobainforma.info\/index.php\/wp-json\/wp\/v2\/users\/1"}],"replies":[{"embeddable":true,"href":"http:\/\/cordobainforma.info\/index.php\/wp-json\/wp\/v2\/comments?post=170149"}],"version-history":[{"count":0,"href":"http:\/\/cordobainforma.info\/index.php\/wp-json\/wp\/v2\/posts\/170149\/revisions"}],"wp:featuredmedia":[{"embeddable":true,"href":"http:\/\/cordobainforma.info\/index.php\/wp-json\/wp\/v2\/media\/170150"}],"wp:attachment":[{"href":"http:\/\/cordobainforma.info\/index.php\/wp-json\/wp\/v2\/media?parent=170149"}],"wp:term":[{"taxonomy":"category","embeddable":true,"href":"http:\/\/cordobainforma.info\/index.php\/wp-json\/wp\/v2\/categories?post=170149"},{"taxonomy":"post_tag","embeddable":true,"href":"http:\/\/cordobainforma.info\/index.php\/wp-json\/wp\/v2\/tags?post=170149"}],"curies":[{"name":"wp","href":"https:\/\/api.w.org\/{rel}","templated":true}]}}