{"id":170135,"date":"2025-10-01T14:14:39","date_gmt":"2025-10-01T14:14:39","guid":{"rendered":"https:\/\/somoscordobeses.com\/2025\/10\/01\/la-ministra-robles-defiende-en-barcelona-el-aumento-del-gasto-militar\/"},"modified":"2025-10-01T14:14:39","modified_gmt":"2025-10-01T14:14:39","slug":"la-ministra-robles-defiende-en-barcelona-el-aumento-del-gasto-militar","status":"publish","type":"post","link":"http:\/\/cordobainforma.info\/index.php\/2025\/10\/01\/la-ministra-robles-defiende-en-barcelona-el-aumento-del-gasto-militar\/","title":{"rendered":"La ministra Robles defiende en Barcelona el aumento del gasto militar"},"content":{"rendered":"<div><img src=\"http:\/\/cordobainforma.info\/wp-content\/uploads\/2025\/10\/la-ministra-robles-defiende-en-barcelona-el-aumento-del-gasto-militar.jpg\" class=\"ff-og-image-inserted\"><\/div>\n<p>Un 1 de octubre ha sido la fecha que el azar ha dispuesto para que la <strong>ministra de Defensa, <\/strong><strong>Margarita Robles<\/strong>, defienda el incremento de la inversi\u00f3n militar en un acto en Barcelona. Lo ha hecho este mi\u00e9rcoles en el <strong>Cercle d\u2019Economia<\/strong>, en un acto con la presidenta de esta entidad, <strong>Teresa Garcia-Mil\u00e0<\/strong>.<\/p>\n<p>La titular de Defensa ha sido clara y ha se\u00f1alado a Rusia para explicar por qu\u00e9 el Gobierno apuesta por este incremento de gasto. \u00abLos pa\u00edses b\u00e1lticos viven una situaci\u00f3n de terror porque ven la amenaza rusa como una amenaza muy cercana y que hoy es Ucrania, pero ma\u00f1ana pueden ser ellos\u00bb, ha explicado. \u00ab<strong>Putin <\/strong><strong>no tiene prisa y no paga ning\u00fan coste, ninguno<\/strong>. Da lo mismo coger soldados de Siberia que de Corea del Norte\u00bb, ha lamentado en referencia al presidente ruso.<\/p>\n<p>En este sentido, ha apuntado que la inversi\u00f3n en defensa se ve de modo distinto en Occidente que en Rusia: \u00abNo es lo mismo una democracia, donde una vida humana vale lo que vale, que un r\u00e9gimen como el de Putin\u00bb. Robles ha criticado, en este sentido, el papel del <strong>presidente de Estados Unidos, <\/strong><strong>Donald Trump<\/strong><strong>:<\/strong> \u00abPersonalmente, tengo una decepci\u00f3n con \u00e9l, porque no ha ayudado a presionar a Putin\u00bb.<\/p>\n<p>Por esta raz\u00f3n, Robles ha afirmado que \u00abEuropa es perfectamente consciente de que tiene que apoyar a Ucrania, porque en ello va su propia viabilidad\u00bb.<\/p>\n<p>La ministra ha se\u00f1alado que Europa est\u00e1 convencida de la necesidad de aumentar el gasto en defensa, aunque no en un<strong> 5% de su PIB<\/strong>, como reclamaban tanto Estados Unidos como la OTAN: \u00abTodo el mundo sabe que eso pueden hacerlo algunos pa\u00edses, quiz\u00e1 Polonia, pero en general no es posible porque la industria europea no tiene la capacidad para abordarlo\u00bb.<\/p>\n<h3>Batalla argumental <\/h3>\n<p>La ministra Robles, que se ha presentado como \u00abprogresista\u00bb, ha centrado parte de su intervenci\u00f3n en dar argumentos para este rearme europeo. \u00abLa vieja Europa va a quedar reducida a vieja dama antigua\u00bb, ha advertido, \u00absi no cumple esta funci\u00f3n de defensa\u00bb. \u00abSi no lo hacemos por la convicci\u00f3n de la paz, hag\u00e1moslo por inter\u00e9s, por los puestos de trabajo, por los valores democr\u00e1ticos\u00bb, ha a\u00f1adido, para recordar que \u00abla paz, la seguridad y la libertad cuestan mucho de proteger\u00bb.&nbsp;&nbsp;&nbsp;&nbsp;<\/p>\n<p>La ministra ha admitido que en Espa\u00f1a siempre ha habido posicionamientos reacios a la inversi\u00f3n en defensa, posiciones a los que ha acusado de \u00abignorar la realidad\u00bb. \u00abEn este pa\u00eds, por su pasado, hay gente que cree que invertir en las fuerzas armadas es un retorno al pasado\u00bb, ha apuntado.<\/p>\n<p>La ministra ha asegurado que el gasto en defensa no perjudicar\u00e1 a la inversi\u00f3n en sanidad o educaci\u00f3n y ha lanzado un mensaje respecto a la actual tendencia: \u00abEsto ha venido para quedarse, pero no hablamos de un armamentismo loco\u00bb.<\/p>\n<h3>Inversiones a la vista<\/h3>\n<p>Como consecuencia de este cambio de paradigma, la ministra de Defensa ha recordado que cuando los socialistas accedieron a la presidencia del Gobierno <strong>en 2018 hab\u00eda 8.000 millones de euros<\/strong> destinados a defensa, que ser\u00e1n ahora <strong>33.000 millones<\/strong>. \u00abCuando llegu\u00e9, no hab\u00eda ni munici\u00f3n, ni submarinos, ni carros de combate\u00bb, ha lamentado, al tiempo que apuntaba que la situaci\u00f3n actual supone \u00abdesde el punto de vista econ\u00f3mico una oportunidad para crecer\u00bb.<\/p>\n<p>En este sentido, se ha mostrado partidaria de que exista industria militar en todas las comunidades espa\u00f1olas y ha admitido que \u00abhay que invertir much\u00edsimo m\u00e1s en defensa en Catalu\u00f1a\u00bb. \u00abTiene un potencial enorme en temas de <strong>ciberseguridad<\/strong>, <strong>ciberespacio<\/strong>, <strong>tecnolog\u00eda <\/strong>o <strong>computaci\u00f3n cu\u00e1ntica<\/strong>\u00ab, ha dicho. \u00abLa defensa no es un carro de combate\u00bb, ha insistido.<\/p>\n<p>En esta l\u00ednea ha asegurado que el embargo a Israel \u00abes justo y necesario\u00bb y que supone tambi\u00e9n una oportunidad para la industria espa\u00f1ola.<\/p>\n<p data-close=\"closedContent\">Suscr\u00edbete para seguir leyendo<\/p>\n","protected":false},"excerpt":{"rendered":"<p>Un 1 de octubre ha sido la fecha que el azar ha dispuesto para que la ministra de Defensa, Margarita Robles, defienda el incremento de la inversi\u00f3n militar en un acto en Barcelona. Lo ha hecho este mi\u00e9rcoles en el Cercle d\u2019Economia, en un acto con la presidenta de esta entidad, Teresa Garcia-Mil\u00e0. La titular [&hellip;]<\/p>\n","protected":false},"author":1,"featured_media":170136,"comment_status":"closed","ping_status":"closed","sticky":false,"template":"","format":"standard","meta":[],"categories":[2],"tags":[],"_links":{"self":[{"href":"http:\/\/cordobainforma.info\/index.php\/wp-json\/wp\/v2\/posts\/170135"}],"collection":[{"href":"http:\/\/cordobainforma.info\/index.php\/wp-json\/wp\/v2\/posts"}],"about":[{"href":"http:\/\/cordobainforma.info\/index.php\/wp-json\/wp\/v2\/types\/post"}],"author":[{"embeddable":true,"href":"http:\/\/cordobainforma.info\/index.php\/wp-json\/wp\/v2\/users\/1"}],"replies":[{"embeddable":true,"href":"http:\/\/cordobainforma.info\/index.php\/wp-json\/wp\/v2\/comments?post=170135"}],"version-history":[{"count":0,"href":"http:\/\/cordobainforma.info\/index.php\/wp-json\/wp\/v2\/posts\/170135\/revisions"}],"wp:featuredmedia":[{"embeddable":true,"href":"http:\/\/cordobainforma.info\/index.php\/wp-json\/wp\/v2\/media\/170136"}],"wp:attachment":[{"href":"http:\/\/cordobainforma.info\/index.php\/wp-json\/wp\/v2\/media?parent=170135"}],"wp:term":[{"taxonomy":"category","embeddable":true,"href":"http:\/\/cordobainforma.info\/index.php\/wp-json\/wp\/v2\/categories?post=170135"},{"taxonomy":"post_tag","embeddable":true,"href":"http:\/\/cordobainforma.info\/index.php\/wp-json\/wp\/v2\/tags?post=170135"}],"curies":[{"name":"wp","href":"https:\/\/api.w.org\/{rel}","templated":true}]}}