{"id":170094,"date":"2025-10-01T09:00:25","date_gmt":"2025-10-01T09:00:25","guid":{"rendered":"https:\/\/www.clarin.com\/deportes\/atletismo-argentino-crisis-fin-vez-lejos-mundo-cola-sudamerica_0_u11wHM8yM9.html"},"modified":"2025-10-01T09:00:25","modified_gmt":"2025-10-01T09:00:25","slug":"el-atletismo-argentino-y-una-crisis-sin-fin-por-que-cada-vez-estamos-mas-lejos-del-mundo-y-a-la-cola-en-sudamerica","status":"publish","type":"post","link":"http:\/\/cordobainforma.info\/index.php\/2025\/10\/01\/el-atletismo-argentino-y-una-crisis-sin-fin-por-que-cada-vez-estamos-mas-lejos-del-mundo-y-a-la-cola-en-sudamerica\/","title":{"rendered":"El atletismo argentino y una crisis sin fin: por qu\u00e9 cada vez estamos m\u00e1s lejos del mundo y a la cola en Sudam\u00e9rica"},"content":{"rendered":"<p><img src=\"http:\/\/cordobainforma.info\/wp-content\/uploads\/2025\/10\/el-atletismo-argentino-y-una-crisis-sin-fin-por-que-cada-vez-estamos-mas-lejos-del-mundo-y-a-la-cola-en-sudamerica.jpg\"><\/p>\n<div><img src=\"http:\/\/cordobainforma.info\/wp-content\/uploads\/2025\/10\/el-atletismo-argentino-y-una-crisis-sin-fin-por-que-cada-vez-estamos-mas-lejos-del-mundo-y-a-la-cola-en-sudamerica-2.jpg\" class=\"ff-og-image-inserted\"><\/div>\n<div id=\"element-body-0\" readability=\"61\">\n<p>Hubo un pu\u00f1ado de actuaciones aceptables nom\u00e1s. Pero los \u00faltimos rendimientos de los equipos argentinos de atletismo en los torneos sudamericanos y panamericanos de las categor\u00edas juveniles podr\u00edan ser vistos como espasmos, picos de rendimientos positivos que no pueden ocultar una realidad: desde hace mucho a\u00f1os el <strong>atletismo nacional <\/strong>no est\u00e1 bien.<\/p>\n<\/div>\n<div id=\"element-body-1\" readability=\"65\">\n<p>Nadie puede pasar por alto lo que sucede en las competencias absolutas de ese nivel continental. Las actuaciones van en declive m\u00e1s all\u00e1 de algunas excepciones individuales. En el <strong>Campeonato Sudamericano <\/strong>de Mar <strong>del Plata <\/strong>realizado en abril, por ejemplo, y pese a la local\u00eda, <strong>Argentina <\/strong>gan\u00f3 s\u00f3lo tres pruebas, la mitad de lo conseguido en San Pablo en 2023. Hubo mejor\u00eda en algunas marcas, pero eso no alcanza.<\/p>\n<\/div>\n<div id=\"element-body-2\" readability=\"64\">\n<p>En las \u00faltimas competencias importantes &#8211;<strong>Juegos Ol\u00edmpicos <\/strong>y <strong>Mundiales<\/strong>&#8211; la brecha se ampli\u00f3 en la \u00faltima d\u00e9cada. Salvo el t\u00edtulo en los Juegos Ol\u00edmpicos de la Juventud de <strong>Nazareno Sasia <\/strong>en lanzamiento de bala, la mejora en los tiempos de <strong>Eli\u00e1n Larregina <\/strong>en los 400 metros o la final mundial de <strong>Bel\u00e9n Casetta <\/strong>en los 3 mil con obst\u00e1culos, nadie pudo imponerse, sobresalir en el marco de un declive preocupante. Y el reciente <strong>Mundial de Tokio<\/strong> (la capital japonesa recibi\u00f3 el torneo por tercera vez) fue una muestra m\u00e1s de ello. Y contundente, adem\u00e1s.<\/p>\n<\/div>\n<div id=\"element-body-3\" readability=\"71\">\n<p>Un n\u00famero record de pa\u00edses gan\u00f3 medallas en la edici\u00f3n m\u00e1s impactante del torneo que cont\u00f3 con representantes de 193 pa\u00edses y los deportistas del Equipo de Atletas Refugiados. <strong>Fueron 53 pa\u00edses los que lograron subir al menos una vez al podio y as\u00ed se super\u00f3 el record de 46 establecido en Osaka 2007 e igualado en Budapest hace dos a\u00f1os.<\/strong> Se estableci\u00f3 un record mundial, nueve records de campeonato y nueve records continentales y <strong>Samoa <\/strong>(Alex Rose), <strong>Santa Luc\u00eda <\/strong>(Julien Alfred) y <strong>Uruguay <\/strong>(Julia Paternain) fueron medallistas por primera vez mientras <strong>Tanzania <\/strong>(Alphonce Felix Simbu) logr\u00f3 su primer oro. Un dato m\u00e1s amplio: de los 210 pa\u00edses que integran World Athletics, 105 ya ganaron al menos una medalla en la historia de los Mundiales, cuya primera edici\u00f3n se remonta a 1983. <strong>Y de Sudam\u00e9rica ya consiguieron una presea en estos 42 a\u00f1os Brasil, Colombia, Ecuador, Per\u00fa, Surinam, Venezuela y, ahora, Uruguay.<\/strong><\/p>\n<\/div>\n<div id=\"element-body-5\" readability=\"58\">\n<p>\u00bfY Argentina? Volvi\u00f3 a quedar lejos, demasiado lejos.<\/p>\n<\/div>\n<div id=\"element-body-6\" readability=\"65\">\n<p>El historial de los atletas nacionales en los Mundiales est\u00e1 lejos de ser distinguido. La mejor actuaci\u00f3n la consigui\u00f3 <strong>Germ\u00e1n Lauro <\/strong>que fue s\u00e9ptimo en el lanzamiento de bala de Mosc\u00fa 2013 mientras <strong>Antonio Silio <\/strong>le sigui\u00f3 con su octavo puesto en los 10 mil metros de Stuttgart 1993. Tambi\u00e9n fueron finalistas <strong>Alejandra Garc\u00eda <\/strong>(11\u00b0 en garrocha en Sevilla 1999), <strong>Jennifer Dahlgren <\/strong>(novena en martillo en Daegu 2011), <strong>Roc\u00edo Comba <\/strong>(11\u00b0 en disco en Mosc\u00fa 2013), otra vez Lauro (noveno en bala en Beijing 2015), <strong>Germ\u00e1n Chiaraviglio <\/strong>(noveno en garrocha en Beijing 2015), <strong>Braian Toledo <\/strong>(d\u00e9cimo en jabalina en Beijing 2015) y <strong>Belen Casetta <\/strong>(11\u00b0 en 3 mil con obst\u00e1culos en Londres 2017).<\/p>\n<\/div>\n<div id=\"element-body-8\" readability=\"61\">\n<p>A Tokio 2025 el equipo argentino concurri\u00f3 con cinco atletas. Ninguno pudo pasar la primera ronda. Larregina fue quien estuvo m\u00e1s cerca (a un puesto de acceder a las semifinales de los 400 metros) mientras <strong>Micaela Levaggi <\/strong>rompi\u00f3 el record nacional de los 1.500. Algo sigue funcionando mal, entonces. Y aparecen las preguntas. \u00bfQu\u00e9 ocurre? \u00bfPor qu\u00e9 otros pa\u00edses sudamericanos aparecen competitivos y Argentina est\u00e1 lejos de serlo? \u00bfCu\u00e1les son las causas de no poder siquiera acercarse a una final en la elite? \u00bfHay culpas? \u00bfQui\u00e9nes son los responsables? \u00bfO a qu\u00e9 factores hay que atribuirle esa responsabilidad?<\/p>\n<\/div>\n<div id=\"element-body-9\" readability=\"57\">\n<p>La comparaci\u00f3n con el resto de la regi\u00f3n debe ser analizada desde varios \u00e1ngulos.<\/p>\n<\/div>\n<div id=\"element-body-11\" readability=\"65\">\n<p>Uno de ellos es el de las especialidades. Y un ejemplo es la marcha: <strong>Brasil <\/strong>tiene una c\u00e9lula de desarrollo de marchistas en Sobradinho y de ah\u00ed, aprovechando todas las condiciones favorables, surgi\u00f3 <strong>Caio Bonfim<\/strong>, campe\u00f3n del mundo y subcampe\u00f3n ol\u00edmpico de los 20 kil\u00f3metros y subcampe\u00f3n del mundo de los 35. Pero tambi\u00e9n hay muy buenas escuelas en <strong>Colombia<\/strong>, <strong>Ecuador<\/strong>, <strong>Per\u00fa <\/strong>y <strong>Bolivia<\/strong>. Argentina no tiene una escuela de marchistas.<\/p>\n<\/div>\n<div id=\"element-body-12\" readability=\"65\">\n<p>Tambi\u00e9n hay que destacar d\u00f3nde se construyen los mejores atletas sudamericanos. Hay un caso testigo. En <strong>Chile <\/strong>est\u00e1n maravillados con <strong>Martina Weil <\/strong>(y no hay raz\u00f3n para no hacerlo). Weil, hija del lanzador de bala Gert Weil y la velocista colombiana Ximena Restrepo -fue bronce en los Juegos Ol\u00edmpicos de Barcelona 1992 y hoy quiere ser la sucesora de Sebastian Coe en World Athletics-, surgi\u00f3 en la gran vidriera con apenas 16 a\u00f1os en el Sudamericano de 2017 realizado en Asunci\u00f3n cuando con apenas un pu\u00f1ado de carreras en 400 metros ya corr\u00eda en los 55 segundos. \u00bfQu\u00e9 hicieron sus padres? <strong>La enviaron al exterior<\/strong>. Primero a una universidad estadounidense y luego a B\u00e9lgica, que tiene una gran 4&#215;400 desde hace varios a\u00f1os. Hoy corre en los 49 segundos y qued\u00f3 a s\u00f3lo una cent\u00e9sima de ser finalista en el Mundial. Si se hubiera quedado en Chile, no ser\u00eda la Weil de hoy. \u00bfQu\u00e9 encontr\u00f3 afuera? Sobre todo competencia permanente. Argentina -y Chile- no tienen mercado interno y en nuestro pa\u00eds juegan en contra su centralismo en Buenos Aires, C\u00f3rdoba y el sur de Santa Fe y su enorme extensi\u00f3n. Por eso la soluci\u00f3n es emigrar.<strong> Aunque no todos los atletas est\u00e1n preparados psicol\u00f3gicamente para hacer el esfuerzo.<\/strong><\/p>\n<\/div>\n<div id=\"element-body-14\" readability=\"65\">\n<p>Una vez que se desarrolla el talento en Argentina ese talento debe estar dispuesto a irse. Y el Estado tiene que estar dispuesto a apoyarlo en el exterior con lo que haya. Pero no todos quieren vivir dos a\u00f1os en Espa\u00f1a o Italia para entrenar y competir durante los 12 meses. <strong>Larregina y Levaggi, por ejemplo, deber\u00edan vivir afuera desde \u00abayer\u00bb<\/strong>. Porque afuera -lamentablemente- est\u00e1 lo mejor y un caso testigo es el de Paternain, la maratonista que compiti\u00f3 en Tokio con los colores uruguayos pero naci\u00f3 en M\u00e9xico y se cri\u00f3 y se form\u00f3 en Inglaterra, cuna de grandes mediofondistas y fondistas que tiene un sistema que funciona. Despu\u00e9s fue invitada a correr para un equipo de Flagstaff, en la altura de Arizona. <strong>Y explot\u00f3<\/strong>.<\/p>\n<\/div>\n<div id=\"element-body-15\" readability=\"64\">\n<p>Otro punto importante para abordar es el de la pobre <strong>infraestructura <\/strong>argentina. Ah\u00ed aparece otro ejemplo que marca a las claras el problema que existe cuando tambi\u00e9n la pol\u00edtica se mete en el deporte: el <strong>Centro de Entrenamiento de Cachi<\/strong>, anunciado durante la gesti\u00f3n de <strong>Mat\u00edas Lammens <\/strong>como ministro de Turismo y Deportes en 2023, todav\u00eda no puede usarse totalmente. Su pista, ubicada a 2.400 metros de altura e ideal para la preparaci\u00f3n de los fondistas y mediofondistas, a\u00fan no fue habilitada para los atletas de alto rendimiento porque la decisi\u00f3n final depende de la municipalidad de esa ciudad salte\u00f1a. En la <strong>Confederaci\u00f3n Argentina De Atletismo <\/strong>conf\u00edan en que finalmente la podr\u00e1n utilizar. Pero hay sospechas de que tambi\u00e9n la podr\u00e1 usar cualquiera que tenga ganas de correr un poco.<\/p>\n<\/div>\n<div id=\"element-body-16\" readability=\"70\">\n<p>El marplatense <strong>Daniel D\u00edaz <\/strong>es el coordinador de Selecciones nacionales de la CADA y ante la situaci\u00f3n actual remarca que \u00abel secreto para construir un atleta no es solamente tener un plan de entrenamiento y seguirlo sino, adem\u00e1s, construir un equipo de trabajo para acompa\u00f1arlo, un ambiente favorable para su desarrollo. Y eso es muy dif\u00edcil de lograr en nuestro pa\u00eds\u00bb. Y agrega: \u00abTenemos grandes talentos, sobre todo en el interior. Pero hay tambi\u00e9n una alta deserci\u00f3n a edades tempranas por muchas razones. \u00bfCu\u00e1les? Las oportunidades de competencia internacional son pocas, las razones econ\u00f3micas los hacen desistir a mitad de camino y hay motivos para elevar la frustraci\u00f3n. Por ejemplo, hay chicos de selecci\u00f3n que no tienen un taco para entrenar o <strong>hay chicos de selecci\u00f3n que en su escuela los aplazan en Educaci\u00f3n F\u00edsica por no asistir a las clases<\/strong>. Hay muchas falencias. Ni hablar de la extensi\u00f3n del pa\u00eds y de la falta de infraestructura. Necesitamos entrenadores bien pagos, comprometidos, equipos de profesionales de m\u00e9dicos, nutricionistas, kinesi\u00f3logos trabajando en el mismo sentido. Es dif\u00edcil motivar a un chico en el atletismo aunque lo que ofrece el deporte es disciplina y capacidad de esfuerzo y de elevar los niveles de sufrimiento; todos son valores muy importantes para la vida. Necesitamos que los mejores talentos lleguen a los 25-26 a\u00f1os y eso no est\u00e1 ocurriendo\u00bb.<\/p>\n<\/div>\n<div id=\"element-body-17\" readability=\"57\">\n<p><strong>-\u00bfC\u00f3mo calific\u00e1s la actuaci\u00f3n argentina en el Mundial de Tokio?<\/strong><\/p>\n<\/div>\n<div id=\"element-body-18\" readability=\"58\">\n<p>-Fue sobresaliente teniendo en cuenta lo que tenemos y lo que llevamos. Pero estamos remando en dulce de leche porque estamos hace d\u00e9cadas retrasados. Y por eso estamos tan lejos de una final.<\/p>\n<\/div>\n","protected":false},"excerpt":{"rendered":"<p>Hubo un pu\u00f1ado de actuaciones aceptables nom\u00e1s. Pero los \u00faltimos rendimientos de los equipos argentinos de atletismo en los torneos sudamericanos y panamericanos de las categor\u00edas juveniles podr\u00edan ser vistos como espasmos, picos de rendimientos positivos que no pueden ocultar una realidad: desde hace mucho a\u00f1os el atletismo nacional no est\u00e1 bien. Nadie puede pasar [&hellip;]<\/p>\n","protected":false},"author":1,"featured_media":170095,"comment_status":"closed","ping_status":"closed","sticky":false,"template":"","format":"standard","meta":[],"categories":[20],"tags":[],"_links":{"self":[{"href":"http:\/\/cordobainforma.info\/index.php\/wp-json\/wp\/v2\/posts\/170094"}],"collection":[{"href":"http:\/\/cordobainforma.info\/index.php\/wp-json\/wp\/v2\/posts"}],"about":[{"href":"http:\/\/cordobainforma.info\/index.php\/wp-json\/wp\/v2\/types\/post"}],"author":[{"embeddable":true,"href":"http:\/\/cordobainforma.info\/index.php\/wp-json\/wp\/v2\/users\/1"}],"replies":[{"embeddable":true,"href":"http:\/\/cordobainforma.info\/index.php\/wp-json\/wp\/v2\/comments?post=170094"}],"version-history":[{"count":0,"href":"http:\/\/cordobainforma.info\/index.php\/wp-json\/wp\/v2\/posts\/170094\/revisions"}],"wp:featuredmedia":[{"embeddable":true,"href":"http:\/\/cordobainforma.info\/index.php\/wp-json\/wp\/v2\/media\/170095"}],"wp:attachment":[{"href":"http:\/\/cordobainforma.info\/index.php\/wp-json\/wp\/v2\/media?parent=170094"}],"wp:term":[{"taxonomy":"category","embeddable":true,"href":"http:\/\/cordobainforma.info\/index.php\/wp-json\/wp\/v2\/categories?post=170094"},{"taxonomy":"post_tag","embeddable":true,"href":"http:\/\/cordobainforma.info\/index.php\/wp-json\/wp\/v2\/tags?post=170094"}],"curies":[{"name":"wp","href":"https:\/\/api.w.org\/{rel}","templated":true}]}}