{"id":170092,"date":"2025-10-01T09:46:18","date_gmt":"2025-10-01T09:46:18","guid":{"rendered":"https:\/\/www.clarin.com\/deportes\/argentina-vs-australia-mundial-sub-20-hora-ver-necesita-clasificar-octavos-final_0_zHVgKcKLPk.html"},"modified":"2025-10-01T09:46:18","modified_gmt":"2025-10-01T09:46:18","slug":"argentina-vs-australia-por-el-mundial-sub-20-a-que-hora-es-donde-ver-y-que-necesita-para-clasificar-a-octavos-de-final","status":"publish","type":"post","link":"http:\/\/cordobainforma.info\/index.php\/2025\/10\/01\/argentina-vs-australia-por-el-mundial-sub-20-a-que-hora-es-donde-ver-y-que-necesita-para-clasificar-a-octavos-de-final\/","title":{"rendered":"Argentina vs Australia, por el Mundial Sub 20: a qu\u00e9 hora es, d\u00f3nde ver y qu\u00e9 necesita para clasificar a octavos de final"},"content":{"rendered":"<p><img src=\"http:\/\/cordobainforma.info\/wp-content\/uploads\/2025\/10\/argentina-vs-australia-por-el-mundial-sub-20-a-que-hora-es-donde-ver-y-que-necesita-para-clasificar-a-octavos-de-final.jpg\"><\/p>\n<div><img src=\"http:\/\/cordobainforma.info\/wp-content\/uploads\/2025\/10\/argentina-vs-australia-por-el-mundial-sub-20-a-que-hora-es-donde-ver-y-que-necesita-para-clasificar-a-octavos-de-final-2.jpg\" class=\"ff-og-image-inserted\"><\/div>\n<div id=\"element-body-0\" readability=\"63\">\n<p><strong>La Selecci\u00f3n Argentina <\/strong>e <strong>Italia <\/strong>pueden asegurar este mi\u00e9rcoles su clasificaci\u00f3n a la segunda fase del <strong>Mundial Sub 20<\/strong> que se desarolla en Chile si les ganan a <strong>Australia <\/strong>y <strong>Cuba<\/strong>, respectivamente. Tras haber debutado con victorias, la Albicleste y la Azzurra sumar\u00edan seis puntos y definir\u00edan el primer puesto en la tercera y \u00faltima fecha del <strong>grupo D,<\/strong> cuando jueguen el s\u00e1bado pr\u00f3ximo.<\/p>\n<\/div>\n<div id=\"element-body-1\" readability=\"61\">\n<p>Clasificar\u00e1n a los octavos de final los dos primeros de cada grupo y los cuatro mejores terceros. Pero ser primero en el grupo garantiza tener en esa instancia un rival de hipot\u00e9ticamente menor poder\u00edo. Por eso, el duelo ante el seleccionado australiano ser\u00e1 de vital importancia para los dirigidos por <strong>Diego Placente.<\/strong><\/p>\n<\/div>\n<div id=\"element-body-2\" readability=\"67\">\n<p>En el estreno, Argentina venci\u00f3 3-1 a <strong>Cuba <\/strong>con doblete de <strong>Alejo Sarco, <\/strong>delantero formado en V\u00e9lez que actualmente juega en el Bayer Leverkusen, y un gol de <strong>Ian Subiabre<\/strong> (River Plate), pero sufri\u00f3 la expulsi\u00f3n de Santiago Fern\u00e1ndez (Talleres), que hoy estar\u00e1 ausente. Italia, por su parte, venci\u00f3 1-0 a Australia.<\/p>\n<\/div>\n<div id=\"element-body-3\" readability=\"62\">\n<p>A las 17:00 (hora argentina), los europeos abrir\u00e1n el fuego ante los cubanos y Argentina jugar\u00e1 desde las 20:00 frente a Australia en el estadio El\u00edas Figueroa, de Valpara\u00edso, con televisaci\u00f3n de <strong>Telef\u00e9 <\/strong>y <strong>DSports<\/strong>.<\/p>\n<\/div>\n<div id=\"element-body-5\" readability=\"62\">\n<p>Placente a\u00fan no decidi\u00f3 qui\u00e9n entrar\u00e1 por el suspendido Fern\u00e1ndez y, aunque el t\u00e9cnico no dio se\u00f1ales sobre los once que ir\u00e1n de arranque, es probable que <strong>Gianluca Prestianni <\/strong>(Benfica) sume minutos, ya sea desde el inicio o desde el banco.<\/p>\n<\/div>\n<div id=\"element-body-6\" readability=\"65\">\n<p>Australia gan\u00f3 la Copa Asi\u00e1tica Sub-20 y disputa un Mundial despu\u00e9s de 12 a\u00f1os. A principios del 2000 era un habitual competidor y, tambi\u00e9n, favorito al t\u00edtulo. Su principal figura es <strong>Paul Okon-Engstler,<\/strong> mediocampista nacido en B\u00e9lgica cuando su padre, exfutbolista y con pasado en la selecci\u00f3n australiana, jugaba en el Ostende.<\/p>\n<\/div>\n<div id=\"element-body-7\" readability=\"62\">\n<p>Argentina apelar\u00e1 a su f\u00f3rmula de control de bal\u00f3n y verticalidad, en tanto que los \u2018socceroos\u2019 apuntan m\u00e1s al contragolpe con <strong>Luka Jovanovic,<\/strong> del Adelaide United de la A-League, que demostr\u00f3 su potencia. <\/p>\n<\/div>\n<div id=\"element-body-8\" readability=\"62\">\n<p>Por el Grupo C, en tanto, en el primer turno jugar\u00e1n Espa\u00f1a-M\u00e9xico y el segundo encuentro ser\u00e1 Brasil-Marruecos. En el estreno, los marroqu\u00edes vencieron 2-0 a los espa\u00f1oles mientras que brasile\u00f1os y mexicanos empataron 2-2.<\/p>\n<\/div>\n","protected":false},"excerpt":{"rendered":"<p>La Selecci\u00f3n Argentina e Italia pueden asegurar este mi\u00e9rcoles su clasificaci\u00f3n a la segunda fase del Mundial Sub 20 que se desarolla en Chile si les ganan a Australia y Cuba, respectivamente. Tras haber debutado con victorias, la Albicleste y la Azzurra sumar\u00edan seis puntos y definir\u00edan el primer puesto en la tercera y \u00faltima [&hellip;]<\/p>\n","protected":false},"author":1,"featured_media":170093,"comment_status":"closed","ping_status":"closed","sticky":false,"template":"","format":"standard","meta":[],"categories":[20],"tags":[],"_links":{"self":[{"href":"http:\/\/cordobainforma.info\/index.php\/wp-json\/wp\/v2\/posts\/170092"}],"collection":[{"href":"http:\/\/cordobainforma.info\/index.php\/wp-json\/wp\/v2\/posts"}],"about":[{"href":"http:\/\/cordobainforma.info\/index.php\/wp-json\/wp\/v2\/types\/post"}],"author":[{"embeddable":true,"href":"http:\/\/cordobainforma.info\/index.php\/wp-json\/wp\/v2\/users\/1"}],"replies":[{"embeddable":true,"href":"http:\/\/cordobainforma.info\/index.php\/wp-json\/wp\/v2\/comments?post=170092"}],"version-history":[{"count":0,"href":"http:\/\/cordobainforma.info\/index.php\/wp-json\/wp\/v2\/posts\/170092\/revisions"}],"wp:featuredmedia":[{"embeddable":true,"href":"http:\/\/cordobainforma.info\/index.php\/wp-json\/wp\/v2\/media\/170093"}],"wp:attachment":[{"href":"http:\/\/cordobainforma.info\/index.php\/wp-json\/wp\/v2\/media?parent=170092"}],"wp:term":[{"taxonomy":"category","embeddable":true,"href":"http:\/\/cordobainforma.info\/index.php\/wp-json\/wp\/v2\/categories?post=170092"},{"taxonomy":"post_tag","embeddable":true,"href":"http:\/\/cordobainforma.info\/index.php\/wp-json\/wp\/v2\/tags?post=170092"}],"curies":[{"name":"wp","href":"https:\/\/api.w.org\/{rel}","templated":true}]}}