{"id":170029,"date":"2025-09-30T14:15:15","date_gmt":"2025-09-30T14:15:15","guid":{"rendered":"http:\/\/cordobainforma.info\/index.php\/2025\/09\/30\/ciudad-de-cordoba-dia-de-san-jeronimo-los-servicios-para-este-martes-30-de-septiembre\/"},"modified":"2025-09-30T14:15:15","modified_gmt":"2025-09-30T14:15:15","slug":"ciudad-de-cordoba-dia-de-san-jeronimo-los-servicios-para-este-martes-30-de-septiembre","status":"publish","type":"post","link":"http:\/\/cordobainforma.info\/index.php\/2025\/09\/30\/ciudad-de-cordoba-dia-de-san-jeronimo-los-servicios-para-este-martes-30-de-septiembre\/","title":{"rendered":"Ciudad de C\u00f3rdoba. D\u00eda de San Jer\u00f3nimo: los servicios para este martes 30 de septiembre"},"content":{"rendered":"<div class=\"field field-name-body field-type-text-with-summary field-label-hidden\">\n<div class=\"field-items\" readability=\"8\">\n<div class=\"field-item even\" property=\"content:encoded\" readability=\"11\">\n<p>La Municipalidad de C\u00f3rdoba inform\u00f3 el cronograma de funcionamiento para el transporte, la recolecci\u00f3n de basura, el estacionamiento y otras dependencias clave. Conoce todos los detalles para organizarte durante el asueto municipal.<\/p>\n<\/div>\n<\/div>\n<\/div>\n<div class=\"field field-name-field-link field-type-link-field field-label-above\" readability=\"4.7894736842105\">\n<p>Lee la nota completa en:&nbsp;<\/p>\n<\/div>\n","protected":false},"excerpt":{"rendered":"<p>La Municipalidad de C\u00f3rdoba inform\u00f3 el cronograma de funcionamiento para el transporte, la recolecci\u00f3n de basura, el estacionamiento y otras dependencias clave. Conoce todos los detalles para organizarte durante el asueto municipal. Lee la nota completa en:&nbsp;<\/p>\n","protected":false},"author":1,"featured_media":170030,"comment_status":"closed","ping_status":"closed","sticky":false,"template":"","format":"standard","meta":[],"categories":[2],"tags":[],"_links":{"self":[{"href":"http:\/\/cordobainforma.info\/index.php\/wp-json\/wp\/v2\/posts\/170029"}],"collection":[{"href":"http:\/\/cordobainforma.info\/index.php\/wp-json\/wp\/v2\/posts"}],"about":[{"href":"http:\/\/cordobainforma.info\/index.php\/wp-json\/wp\/v2\/types\/post"}],"author":[{"embeddable":true,"href":"http:\/\/cordobainforma.info\/index.php\/wp-json\/wp\/v2\/users\/1"}],"replies":[{"embeddable":true,"href":"http:\/\/cordobainforma.info\/index.php\/wp-json\/wp\/v2\/comments?post=170029"}],"version-history":[{"count":0,"href":"http:\/\/cordobainforma.info\/index.php\/wp-json\/wp\/v2\/posts\/170029\/revisions"}],"wp:featuredmedia":[{"embeddable":true,"href":"http:\/\/cordobainforma.info\/index.php\/wp-json\/wp\/v2\/media\/170030"}],"wp:attachment":[{"href":"http:\/\/cordobainforma.info\/index.php\/wp-json\/wp\/v2\/media?parent=170029"}],"wp:term":[{"taxonomy":"category","embeddable":true,"href":"http:\/\/cordobainforma.info\/index.php\/wp-json\/wp\/v2\/categories?post=170029"},{"taxonomy":"post_tag","embeddable":true,"href":"http:\/\/cordobainforma.info\/index.php\/wp-json\/wp\/v2\/tags?post=170029"}],"curies":[{"name":"wp","href":"https:\/\/api.w.org\/{rel}","templated":true}]}}