{"id":170023,"date":"2025-09-30T15:27:03","date_gmt":"2025-09-30T15:27:03","guid":{"rendered":"https:\/\/www.modapunta.com\/noticia\/9941\/moda\/adolfo-dominguez-relanza-su-fundacion-para-impulsar-la-sostenibilidad-rural-y-textil.html"},"modified":"2025-09-30T15:27:03","modified_gmt":"2025-09-30T15:27:03","slug":"adolfo-dominguez-relanza-su-fundacion-para-impulsar-la-sostenibilidad-rural-y-textil","status":"publish","type":"post","link":"http:\/\/cordobainforma.info\/index.php\/2025\/09\/30\/adolfo-dominguez-relanza-su-fundacion-para-impulsar-la-sostenibilidad-rural-y-textil\/","title":{"rendered":"Adolfo Dom\u00ednguez relanza su Fundaci\u00f3n para impulsar la sostenibilidad rural y textil"},"content":{"rendered":"<div class=\"media_block\"><\/div>\n<div><img src=\"http:\/\/cordobainforma.info\/wp-content\/uploads\/2025\/09\/adolfo-dominguez-relanza-su-fundacion-para-impulsar-la-sostenibilidad-rural-y-textil.jpg\" class=\"ff-og-image-inserted\"><\/div>\n<p><strong>Alianza con Oikos y Legados por un textil sostenible. Antonio Roade, nuevo director de la entidad.<\/strong><\/p>\n<p>Adolfo Dom\u00ednguez ha decidido reactivar su Fundaci\u00f3n con el prop\u00f3sito de impulsar proyectos enfocados en el <strong>desarrollo rural<\/strong>, la <strong>innovaci\u00f3n<\/strong> y la <strong>sostenibilidad<\/strong> dentro de la industria textil. En este contexto, la compa\u00f1\u00eda gallega ha establecido una colaboraci\u00f3n con la Universidad Polit\u00e9cnica de Catalunya, reconocida por su liderazgo en ingenier\u00eda y tecnolog\u00eda en Espa\u00f1a, para llevar a cabo investigaciones en el \u00e1mbito de la moda.<\/p>\n<p>Entre las iniciativas programadas se destaca un importante encuentro sobre moda sostenible que tendr\u00e1 lugar el pr\u00f3ximo 15 de octubre en Madrid, titulado <em>Moda y territorio: Nuevas alianzas para el desarrollo rural<\/em>. Este evento se realiza en colaboraci\u00f3n con las entidades ambientales Legados y Oikos Pol\u00edtica y Medio Ambiente.<\/p>\n<h2>Un enfoque hacia la sostenibilidad<\/h2>\n<p>El encuentro tiene como objetivo analizar el papel de la moda en el impulso del territorio rural, as\u00ed como su relaci\u00f3n con la industria y las marcas. Se contar\u00e1 con la presencia de destacados ponentes como Oteyza, Ecoalf, Textil Santanderina y Adriana Dom\u00ednguez, presidenta ejecutiva de Adolfo Dom\u00ednguez.<\/p>\n<p>Adem\u00e1s, la Fundaci\u00f3n participar\u00e1 activamente en el Solidarity Fest 2025, que se celebrar\u00e1 en Cambados (Pontevedra) los d\u00edas 10, 11 y 12 de octubre. Esta participaci\u00f3n se da tras firmar una alianza con la Fundaci\u00f3n Condado de Taboada, cuyo principal objetivo es promover el desarrollo rural sostenible y fomentar la educaci\u00f3n ambiental. Entre sus metas se encuentra la recuperaci\u00f3n y potenciaci\u00f3n de cultivos propios en el campo espa\u00f1ol para relocalizar tejidos naturales y plantas productoras de telas para la industria de la moda.<\/p>\n<h2>Compromiso con la moda consciente<\/h2>\n<p>En l\u00ednea con su compromiso hacia una moda consciente y arraigada al territorio, la Fundaci\u00f3n tambi\u00e9n se ha unido a la Alianza por la Lana. Esta iniciativa, promovida por Madrid Design Festival junto a un grupo de profesionales, busca recuperar la lana producida y trabajada en Espa\u00f1a como un material fundamental para preservar tanto la cultura como el patrimonio econ\u00f3mico del pa\u00eds.<\/p>\n<p><em>\u201cEn un mundo hiperglobalizado es imprescindible crear espacios y apoyar proyectos en los que se reivindiquen la dependencia que existe entre la naturaleza, la creaci\u00f3n art\u00edstica y la artesan\u00eda\u201d<\/em>, se\u00f1ala Antonio Roade, director de la Fundaci\u00f3n Adolfo Dom\u00ednguez.<\/p>\n<p>La misi\u00f3n de esta Fundaci\u00f3n es difundir, promover y preservar <strong>la cultura<\/strong>, <strong>el arte<\/strong> y <strong>el conocimiento<\/strong>, a trav\u00e9s de diversas actividades como exposiciones, talleres, conciertos, conferencias, publicaciones y proyecciones. Al mismo tiempo, busca impulsar proyectos que generen un impacto positivo tanto en el medio ambiente como en el desarrollo rural, especialmente aquellos relacionados con <strong>la industria de la moda<\/strong>.<\/p>\n<h2>La noticia en cifras<\/h2>\n<div class=\"cifras\">\n<table>\n<tbody readability=\"4.5\">\n<tr>\n<th>Descripci\u00f3n<\/th>\n<th>Cifra<\/th>\n<\/tr>\n<tr readability=\"2\">\n<td>Fecha de reactivaci\u00f3n de la Fundaci\u00f3n<\/td>\n<td>29 de septiembre 2025<\/td>\n<\/tr>\n<tr readability=\"2\">\n<td>Fecha del encuentro de moda sostenible<\/td>\n<td>15 de octubre 2025<\/td>\n<\/tr>\n<tr readability=\"5\">\n<td>D\u00edas del Solidarity Fest 2025<\/td>\n<td>10, 11 y 12 de octubre 2025<\/td>\n<\/tr>\n<\/tbody>\n<\/table>\n<\/div>\n<h2> <\/h2>\n<h2>Preguntas sobre la noticia<\/h2>\n<div class=\"faq\" readability=\"33\">\n<h3>\u00bfCu\u00e1l es el objetivo de la reactivaci\u00f3n de la Fundaci\u00f3n Adolfo Dom\u00ednguez?<\/h3>\n<p>El objetivo es poner en marcha proyectos de desarrollo rural, innovaci\u00f3n y sostenibilidad en la industria textil.<\/p>\n<h3>\u00bfCon qui\u00e9n ha formado alianza la Fundaci\u00f3n Adolfo Dom\u00ednguez?<\/h3>\n<p>La Fundaci\u00f3n ha formado alianzas con Oikos y Legados para promover un textil sostenible, as\u00ed como con la Universidad Polit\u00e9cnica de Catalunya para desarrollar proyectos de investigaci\u00f3n en la industria de la moda.<\/p>\n<h3>\u00bfQu\u00e9 actividades est\u00e1n programadas por la Fundaci\u00f3n Adolfo Dom\u00ednguez?<\/h3>\n<p>Entre las actividades programadas se incluye un gran encuentro de moda sostenible el 15 de octubre en Madrid y la participaci\u00f3n en el Solidarity Fest 2025 en Cambados los d\u00edas 10, 11 y 12 de octubre.<\/p>\n<h3>\u00bfCu\u00e1l es uno de los objetivos espec\u00edficos de la Fundaci\u00f3n relacionado con el campo espa\u00f1ol?<\/h3>\n<p>Uno de los objetivos es la recuperaci\u00f3n y potenciaci\u00f3n de cultivos propios en el campo espa\u00f1ol para relocalizar tejidos naturales y plantas de producci\u00f3n de telas para la industria de la moda.<\/p>\n<h3>\u00bfQu\u00e9 iniciativa ha apoyado la Fundaci\u00f3n relacionada con la lana?<\/h3>\n<p>La Fundaci\u00f3n se ha adherido a la Alianza por la Lana, una iniciativa para recuperar la lana producida y trabajada en Espa\u00f1a como material fundamental de cultura, econom\u00eda y patrimonio estatal.<\/p>\n<h3>\u00bfCu\u00e1l es la misi\u00f3n principal de la Fundaci\u00f3n Adolfo Dom\u00ednguez?<\/h3>\n<p>La misi\u00f3n es difundir, promover y preservar la cultura, el arte y el conocimiento, al mismo tiempo que impulsa proyectos que generen un impacto positivo en la naturaleza y el desarrollo rural.<\/p>\n<\/div>\n","protected":false},"excerpt":{"rendered":"<p>Alianza con Oikos y Legados por un textil sostenible. Antonio Roade, nuevo director de la entidad. Adolfo Dom\u00ednguez ha decidido reactivar su Fundaci\u00f3n con el prop\u00f3sito de impulsar proyectos enfocados en el desarrollo rural, la innovaci\u00f3n y la sostenibilidad dentro de la industria textil. En este contexto, la compa\u00f1\u00eda gallega ha establecido una colaboraci\u00f3n con [&hellip;]<\/p>\n","protected":false},"author":1,"featured_media":170024,"comment_status":"open","ping_status":"closed","sticky":false,"template":"","format":"standard","meta":[],"categories":[24],"tags":[],"_links":{"self":[{"href":"http:\/\/cordobainforma.info\/index.php\/wp-json\/wp\/v2\/posts\/170023"}],"collection":[{"href":"http:\/\/cordobainforma.info\/index.php\/wp-json\/wp\/v2\/posts"}],"about":[{"href":"http:\/\/cordobainforma.info\/index.php\/wp-json\/wp\/v2\/types\/post"}],"author":[{"embeddable":true,"href":"http:\/\/cordobainforma.info\/index.php\/wp-json\/wp\/v2\/users\/1"}],"replies":[{"embeddable":true,"href":"http:\/\/cordobainforma.info\/index.php\/wp-json\/wp\/v2\/comments?post=170023"}],"version-history":[{"count":0,"href":"http:\/\/cordobainforma.info\/index.php\/wp-json\/wp\/v2\/posts\/170023\/revisions"}],"wp:featuredmedia":[{"embeddable":true,"href":"http:\/\/cordobainforma.info\/index.php\/wp-json\/wp\/v2\/media\/170024"}],"wp:attachment":[{"href":"http:\/\/cordobainforma.info\/index.php\/wp-json\/wp\/v2\/media?parent=170023"}],"wp:term":[{"taxonomy":"category","embeddable":true,"href":"http:\/\/cordobainforma.info\/index.php\/wp-json\/wp\/v2\/categories?post=170023"},{"taxonomy":"post_tag","embeddable":true,"href":"http:\/\/cordobainforma.info\/index.php\/wp-json\/wp\/v2\/tags?post=170023"}],"curies":[{"name":"wp","href":"https:\/\/api.w.org\/{rel}","templated":true}]}}