{"id":170011,"date":"2025-09-30T13:59:39","date_gmt":"2025-09-30T13:59:39","guid":{"rendered":"http:\/\/cordobainforma.info\/index.php\/2025\/09\/30\/mundo-vecinal-inaugura-nueva-sede-en-arguello\/"},"modified":"2025-09-30T13:59:39","modified_gmt":"2025-09-30T13:59:39","slug":"mundo-vecinal-inaugura-nueva-sede-en-arguello","status":"publish","type":"post","link":"http:\/\/cordobainforma.info\/index.php\/2025\/09\/30\/mundo-vecinal-inaugura-nueva-sede-en-arguello\/","title":{"rendered":"Mundo Vecinal inaugura <b>nueva<\/b> sede en Arg\u00fcello"},"content":{"rendered":"<p>&#8230; <b>nueva<\/b> sede en la zona de Arg\u00fcello, ubicada en Donato &#8230; <b>Cordoba<\/b> Cristina Fern\u00e1ndez de Kirchner <b>C\u00f3rdoba<\/b> Diputados Dolar Donald Trump <b>Economia<\/b>&nbsp;&#8230; <\/p>\n","protected":false},"excerpt":{"rendered":"<p>&#8230; nueva sede en la zona de Arg\u00fcello, ubicada en Donato &#8230; Cordoba Cristina Fern\u00e1ndez de Kirchner C\u00f3rdoba Diputados Dolar Donald Trump Economia&nbsp;&#8230;<\/p>\n","protected":false},"author":1,"featured_media":0,"comment_status":"closed","ping_status":"closed","sticky":false,"template":"","format":"standard","meta":[],"categories":[23],"tags":[],"_links":{"self":[{"href":"http:\/\/cordobainforma.info\/index.php\/wp-json\/wp\/v2\/posts\/170011"}],"collection":[{"href":"http:\/\/cordobainforma.info\/index.php\/wp-json\/wp\/v2\/posts"}],"about":[{"href":"http:\/\/cordobainforma.info\/index.php\/wp-json\/wp\/v2\/types\/post"}],"author":[{"embeddable":true,"href":"http:\/\/cordobainforma.info\/index.php\/wp-json\/wp\/v2\/users\/1"}],"replies":[{"embeddable":true,"href":"http:\/\/cordobainforma.info\/index.php\/wp-json\/wp\/v2\/comments?post=170011"}],"version-history":[{"count":0,"href":"http:\/\/cordobainforma.info\/index.php\/wp-json\/wp\/v2\/posts\/170011\/revisions"}],"wp:attachment":[{"href":"http:\/\/cordobainforma.info\/index.php\/wp-json\/wp\/v2\/media?parent=170011"}],"wp:term":[{"taxonomy":"category","embeddable":true,"href":"http:\/\/cordobainforma.info\/index.php\/wp-json\/wp\/v2\/categories?post=170011"},{"taxonomy":"post_tag","embeddable":true,"href":"http:\/\/cordobainforma.info\/index.php\/wp-json\/wp\/v2\/tags?post=170011"}],"curies":[{"name":"wp","href":"https:\/\/api.w.org\/{rel}","templated":true}]}}