{"id":169972,"date":"2025-09-30T09:00:05","date_gmt":"2025-09-30T09:00:05","guid":{"rendered":"https:\/\/www.clarin.com\/deportes\/meteorico-descenso-arsenal-sarandi-muerte-julio-grondona-titulos-locales-copas-internacionales-volver-tercera-categoria_0_xjxjvfmLAH.html"},"modified":"2025-09-30T09:00:05","modified_gmt":"2025-09-30T09:00:05","slug":"el-meteorico-descenso-de-arsenal-de-sarandi-tras-la-muerte-de-julio-grondona-de-los-titulos-locales-y-las-copas-internacionales-a-volver-a-la-tercera-categoria","status":"publish","type":"post","link":"http:\/\/cordobainforma.info\/index.php\/2025\/09\/30\/el-meteorico-descenso-de-arsenal-de-sarandi-tras-la-muerte-de-julio-grondona-de-los-titulos-locales-y-las-copas-internacionales-a-volver-a-la-tercera-categoria\/","title":{"rendered":"El mete\u00f3rico descenso de Arsenal de Sarand\u00ed, tras la muerte de Julio Grondona: de los t\u00edtulos locales y las copas internacionales a volver a la tercera categor\u00eda"},"content":{"rendered":"<p><img src=\"http:\/\/cordobainforma.info\/wp-content\/uploads\/2025\/09\/el-meteorico-descenso-de-arsenal-de-sarandi-tras-la-muerte-de-julio-grondona-de-los-titulos-locales-y-las-copas-internacionales-a-volver-a-la-tercera-categoria.jpg\"><\/p>\n<div><img src=\"http:\/\/cordobainforma.info\/wp-content\/uploads\/2025\/09\/el-meteorico-descenso-de-arsenal-de-sarandi-tras-la-muerte-de-julio-grondona-de-los-titulos-locales-y-las-copas-internacionales-a-volver-a-la-tercera-categoria-2.jpg\" class=\"ff-og-image-inserted\"><\/div>\n<div id=\"element-body-0\" readability=\"78\">\n<p>Como ahora <strong>Barracas Central<\/strong>, <strong>Riestra<\/strong> y los santiague\u00f1os de <strong>Central C\u00f3rdoba<\/strong>, <strong>Arsenal supo codearse con la \u00e9lite del f\u00fatbol argentino<\/strong>, amparado en el poder de turno. Julio Grondona, uno de sus fundadores, lleg\u00f3 a la presidencia de la AFA en 1979 pero el club humilde de Sarand\u00ed reci\u00e9n ascendi\u00f3 a Primera en 2002. Jug\u00f3 dos d\u00e9cadas, mejor\u00f3 sus ingresos, sus planteles, su infraestructura y fue campe\u00f3n.<strong> Gan\u00f3 la Copa Sudamericana en 2007, la Suruga Bank 2008, el Clausura 2012, la Supercopa Argentina 2012 y la Copa Argentina 2013<\/strong>. En julio de 2014 muri\u00f3 Don Julio. Cuatro a\u00f1os despu\u00e9s, Arsenal descendi\u00f3, ascendi\u00f3, baj\u00f3 otra vez y este domingo, doce a\u00f1os despu\u00e9s de la muerte de su fundador, en 2026 jugar\u00e1, luego de 34 a\u00f1os, en la tercera categor\u00eda.<\/p>\n<\/div>\n<div id=\"element-body-1\" readability=\"79\">\n<p>En Avellaneda hab\u00eda, y hay, dos clubes grandes: Racing e Independiente. Y en la zona, hay muchos clubes de barrio. Muchos centenarios. Sin embargo, un grupo de amigos y vecinos de Sarand\u00ed, decidieron fundar el 11 de enero de 1956 un club. Le pusieron Arsenal. Adem\u00e1s de los hermanos Julio y H\u00e9ctor Grondona, formaron parte de la g\u00e9nesis Roberto Est\u00e9vez, Manuel Andrea, Horacio Montero, Orlando Acosta, Juan Carlos Urtas\u00fan, Eloy de Medio, Jos\u00e9 M. P\u00e9rez, Francisco Ceferino, Arnaldo Pardini, Julio C\u00e9sar Marotti, Jos\u00e9 Berd\u00eda, Gabriel Blanco, Jos\u00e9 Bueno, Am\u00e9rico Besada y Juan Emilio Elena. <strong>Algunos eran de Academia y otros del Rojo<\/strong>. De ah\u00ed sus colores.<\/p>\n<\/div>\n<div id=\"element-body-3\" readability=\"66\">\n<p>El club se afili\u00f3 a la AFA en 1961 y cuatro a\u00f1os despu\u00e9s ya estaba en la m\u00e1xima categor\u00eda de ascenso, la vieja B. De los fundadores, dos fueron protagonistas en el campo de juego. H\u00e9ctor Grondona, centrodelantero, a\u00fan sigue siendo el m\u00e1ximo goleador de la historia. Juan Emilio Elena, en tanto, dirigi\u00f3 al equipo m\u00e1s de una d\u00e9cada. Ambos lideraron los t\u00edtulos de Primera D en 1962 (ascendi\u00f3 a la C) y de Primera C en 1964 (ascendi\u00f3 a la B).<\/p>\n<\/div>\n<div id=\"element-body-4\" readability=\"70\">\n<p><strong>Julio Grondona fue presidente de Arsenal desde 1957 hasta 1976<\/strong> pero nunca descuid\u00f3 su carrera dirigencial en Independiente, club que comand\u00f3 desde 1976 hasta 1979, cuando fue electo presidente de la AFA. Don Julio llevaba cinco a\u00f1os al frente de la AFA (una reelecci\u00f3n) y \u201csu\u201d Arsenal descendi\u00f3 por primera vez, en 1984, de la B a la C. En la reestructuraci\u00f3n de 1986, logr\u00f3 subir a la B Metropolitana a trav\u00e9s del torneo Apertura 86 de la C. Y reci\u00e9n en 1992, obtuvo el ascenso a la Primera B Nacional, a trav\u00e9s del Torneo Zonal Sudeste. En ninguno de los casos fue como campe\u00f3n. En la \u00e9poca en la que no hab\u00eda VAR ni tantas transmisiones televisivas ni redes sociales, hab\u00eda voces, pocas, que denunciaban que algunos arbitrajes beneficiaban al equipo de Don Julio.<\/p>\n<\/div>\n<div id=\"element-body-5\" readability=\"66\">\n<p>Despu\u00e9s de 10 temporadas en la B Nacional, Arsenal lleg\u00f3 a Primera. Le gan\u00f3 al final del Reducido a Gimnasia de Concepci\u00f3n del Uruguay. La ida se jug\u00f3 en Entre R\u00edos y gan\u00f3 el equipo del Viaducto 2 a 1. Luego, el 1-1 en Sarand\u00ed, le asegur\u00f3 el ascenso. Durante dos d\u00e9cadas, tambi\u00e9n se denunci\u00f3, apoyado por las estad\u00edsticas, de un grupo de \u00e1rbitros que recurrentemente dirig\u00edan a Arsenal.<\/p>\n<\/div>\n<div id=\"element-body-6\" readability=\"70\">\n<p>Los Grondona siguieron dominando en el club. H\u00e9ctor, aquel goleador, fue presidente entre 1984 y 1994. Algunos periodistas lo recuerdan ingresando al vestuario tras un partido ganador, en tiempos de la B Metro, repartieron alfajores a los jugadores como premio. Despu\u00e9s, en 2001 y hasta 2024, tom\u00f3 el mando Julio Ricardo Grondona, uno de los hijos del ex titular de AFA. Desde diciembre de 2024, y hasta 2027, la presidenta es Lara, hija de Julito y nieta de Don Julio.<\/p>\n<\/div>\n<div id=\"element-body-8\" readability=\"66\">\n<p>Hay casualidades y causalidades. Desde la muerte de Julio Grondona, el 30 de julio de 2014, al Arse le cost\u00f3 mantener su lugar de privilegio en la \u00e9lite del f\u00fatbol argentino. Pero el \u00faltimo deseo de Don Julio fue el torneo de 30 equipos y nadie se opuso. Entonces, se mantuvo en Primera desde 2015 hasta 2018, cuando baj\u00f3 por promedio. Regres\u00f3 al a\u00f1o siguiente como campe\u00f3n y volvi\u00f3 a bajar en 2023. Y el domingo, tras perder con Deportivo Madryn a una fecha del final del torneo, qued\u00f3 sellada su suerte en la zona y en la categor\u00eda.<\/p>\n<\/div>\n","protected":false},"excerpt":{"rendered":"<p>Como ahora Barracas Central, Riestra y los santiague\u00f1os de Central C\u00f3rdoba, Arsenal supo codearse con la \u00e9lite del f\u00fatbol argentino, amparado en el poder de turno. Julio Grondona, uno de sus fundadores, lleg\u00f3 a la presidencia de la AFA en 1979 pero el club humilde de Sarand\u00ed reci\u00e9n ascendi\u00f3 a Primera en 2002. Jug\u00f3 dos [&hellip;]<\/p>\n","protected":false},"author":1,"featured_media":169973,"comment_status":"closed","ping_status":"closed","sticky":false,"template":"","format":"standard","meta":[],"categories":[20],"tags":[],"_links":{"self":[{"href":"http:\/\/cordobainforma.info\/index.php\/wp-json\/wp\/v2\/posts\/169972"}],"collection":[{"href":"http:\/\/cordobainforma.info\/index.php\/wp-json\/wp\/v2\/posts"}],"about":[{"href":"http:\/\/cordobainforma.info\/index.php\/wp-json\/wp\/v2\/types\/post"}],"author":[{"embeddable":true,"href":"http:\/\/cordobainforma.info\/index.php\/wp-json\/wp\/v2\/users\/1"}],"replies":[{"embeddable":true,"href":"http:\/\/cordobainforma.info\/index.php\/wp-json\/wp\/v2\/comments?post=169972"}],"version-history":[{"count":0,"href":"http:\/\/cordobainforma.info\/index.php\/wp-json\/wp\/v2\/posts\/169972\/revisions"}],"wp:featuredmedia":[{"embeddable":true,"href":"http:\/\/cordobainforma.info\/index.php\/wp-json\/wp\/v2\/media\/169973"}],"wp:attachment":[{"href":"http:\/\/cordobainforma.info\/index.php\/wp-json\/wp\/v2\/media?parent=169972"}],"wp:term":[{"taxonomy":"category","embeddable":true,"href":"http:\/\/cordobainforma.info\/index.php\/wp-json\/wp\/v2\/categories?post=169972"},{"taxonomy":"post_tag","embeddable":true,"href":"http:\/\/cordobainforma.info\/index.php\/wp-json\/wp\/v2\/tags?post=169972"}],"curies":[{"name":"wp","href":"https:\/\/api.w.org\/{rel}","templated":true}]}}