{"id":169966,"date":"2025-09-30T02:40:43","date_gmt":"2025-09-30T02:40:43","guid":{"rendered":"https:\/\/somoscordobeses.com\/2025\/09\/29\/mina-clavero-en-fit-2025-stand-propio-y-clio-williams-en-la-rural\/"},"modified":"2025-09-30T02:40:43","modified_gmt":"2025-09-30T02:40:43","slug":"mina-clavero-en-fit-2025-stand-propio-y-clio-williams-en-la-rural","status":"publish","type":"post","link":"http:\/\/cordobainforma.info\/index.php\/2025\/09\/30\/mina-clavero-en-fit-2025-stand-propio-y-clio-williams-en-la-rural\/","title":{"rendered":"Mina Clavero en FIT 2025: stand propio y Clio Williams en La Rural"},"content":{"rendered":"<div><img src=\"http:\/\/cordobainforma.info\/wp-content\/uploads\/2025\/09\/mina-clavero-en-fit-2025-stand-propio-y-clio-williams-en-la-rural.jpg\" class=\"ff-og-image-inserted\"><\/div>\n<p>Por segundo a\u00f1o consecutivo, Mina Clavero particip\u00f3 con stand propio en la<strong> Feria Internacional de Turismo &nbsp;2025<\/strong>, el principal evento tur\u00edstico de Latinoam\u00e9rica, que se realiz\u00f3 en el predio de La Rural, en la ciudad de Buenos Aires.<\/p>\n<p>El stand duplic\u00f3 su superficie, alcanzando 24 m\u00b2, con tem\u00e1tica de Rally, resaltando a Mina Clavero como <strong>Capital Nacional del Rally<\/strong>.<\/p>\n<figure data-tadevel-template=\"web\/multimedia\" data-type=\"photo\"> <\/figure>\n<p>El gran atractivo para las personas que pudieron pasar por el puesto cordob\u00e9s fue el Clio Williams, veh\u00edculo ic\u00f3nico del Rally Nacional.<\/p>\n<figure data-tadevel-template=\"web\/multimedia\" data-type=\"photo\"> <\/figure>\n<p>Adem\u00e1s se realizaron sorteos de estad\u00edas y acciones promocionales junto a comerciantes y sponsors del sector privado<\/p>\n<p>Los representantes cordobeses formaron parte del Corredor Traslasierra con la presentaci\u00f3n del producto tur\u00edstico &nbsp;\u201cExperiencia Altas Cumbres\u201d.<\/p>\n","protected":false},"excerpt":{"rendered":"<p>Por segundo a\u00f1o consecutivo, Mina Clavero particip\u00f3 con stand propio en la Feria Internacional de Turismo &nbsp;2025, el principal evento tur\u00edstico de Latinoam\u00e9rica, que se realiz\u00f3 en el predio de La Rural, en la ciudad de Buenos Aires. El stand duplic\u00f3 su superficie, alcanzando 24 m\u00b2, con tem\u00e1tica de Rally, resaltando a Mina Clavero como [&hellip;]<\/p>\n","protected":false},"author":1,"featured_media":169967,"comment_status":"closed","ping_status":"closed","sticky":false,"template":"","format":"standard","meta":[],"categories":[2],"tags":[],"_links":{"self":[{"href":"http:\/\/cordobainforma.info\/index.php\/wp-json\/wp\/v2\/posts\/169966"}],"collection":[{"href":"http:\/\/cordobainforma.info\/index.php\/wp-json\/wp\/v2\/posts"}],"about":[{"href":"http:\/\/cordobainforma.info\/index.php\/wp-json\/wp\/v2\/types\/post"}],"author":[{"embeddable":true,"href":"http:\/\/cordobainforma.info\/index.php\/wp-json\/wp\/v2\/users\/1"}],"replies":[{"embeddable":true,"href":"http:\/\/cordobainforma.info\/index.php\/wp-json\/wp\/v2\/comments?post=169966"}],"version-history":[{"count":0,"href":"http:\/\/cordobainforma.info\/index.php\/wp-json\/wp\/v2\/posts\/169966\/revisions"}],"wp:featuredmedia":[{"embeddable":true,"href":"http:\/\/cordobainforma.info\/index.php\/wp-json\/wp\/v2\/media\/169967"}],"wp:attachment":[{"href":"http:\/\/cordobainforma.info\/index.php\/wp-json\/wp\/v2\/media?parent=169966"}],"wp:term":[{"taxonomy":"category","embeddable":true,"href":"http:\/\/cordobainforma.info\/index.php\/wp-json\/wp\/v2\/categories?post=169966"},{"taxonomy":"post_tag","embeddable":true,"href":"http:\/\/cordobainforma.info\/index.php\/wp-json\/wp\/v2\/tags?post=169966"}],"curies":[{"name":"wp","href":"https:\/\/api.w.org\/{rel}","templated":true}]}}