{"id":169933,"date":"2025-09-29T16:20:01","date_gmt":"2025-09-29T16:20:01","guid":{"rendered":"https:\/\/www.escribiendocine.com\/noticias\/2025\/09\/29\/20578-caper-show-2025-inteligencia-artificial-y-contenidos-audiovisuales-ejes-de-la-33-edicion-en-costa-salguero"},"modified":"2025-09-29T16:20:01","modified_gmt":"2025-09-29T16:20:01","slug":"caper-show-2025-inteligencia-artificial-y-contenidos-audiovisuales-ejes-de-la-33a-edicion-en-costa-salguero","status":"publish","type":"post","link":"http:\/\/cordobainforma.info\/index.php\/2025\/09\/29\/caper-show-2025-inteligencia-artificial-y-contenidos-audiovisuales-ejes-de-la-33a-edicion-en-costa-salguero\/","title":{"rendered":"CAPER SHOW 2025: Inteligencia Artificial y contenidos audiovisuales, ejes de la 33\u00aa edici\u00f3n en Costa Salguero"},"content":{"rendered":"<div class=\"media_block\"><\/div>\n<div><img src=\"http:\/\/cordobainforma.info\/wp-content\/uploads\/2025\/09\/caper-show-2025-inteligencia-artificial-y-contenidos-audiovisuales-ejes-de-la-33a-edicion-en-costa-salguero.jpg\" class=\"ff-og-image-inserted\"><\/div>\n<div readability=\"25.972972972973\">\n<div class=\"col-xs-12 col-sm-6 col-md-12 col-lg-3 no-padding col-der\" readability=\"7\">\n<p> <span class=\"fecha\">lunes 29 de septiembre de 2025 <\/span> <\/p>\n<\/p><\/div><\/div>\n<div readability=\"67\">\n<p>Del 7 al 9 de octubre, el Centro Costa Salguero ser\u00e1 escenario de la 33\u00aa edici\u00f3n de CAPER SHOW, una de las ferias m\u00e1s importantes de la industria audiovisual en Argentina. Este a\u00f1o, el eje no pod\u00eda ser otro: la Inteligencia Artificial y su influencia creciente en la radio, la televisi\u00f3n, el streaming y la producci\u00f3n de contenidos.<\/p>\n<p>El encuentro, que se extiende de 12 a 20 horas en los pabellones 1 y 2, ofrecer\u00e1 un programa t\u00e9cnico y acad\u00e9mico con ocho actividades entre workshops, conferencias y mesas redondas, en las que organismos, empresas y especialistas analizar\u00e1n c\u00f3mo las nuevas herramientas reconfiguran el mapa creativo y productivo del sector.<\/p>\n<p>El martes 7, la jornada se abrir\u00e1 con un taller de Solidyne, a cargo de Leonardo Bonello, que mostrar\u00e1 c\u00f3mo la IA empieza a tomar el micr\u00f3fono en la radio y el streaming. Luego, el INTI propondr\u00e1 pensar la IA generativa como aliada creativa, con ejemplos sobre texto, im\u00e1genes y sonido, de la mano de Gabriela Li Puma y Esteban Rosso. El d\u00eda cerrar\u00e1 con la mirada del Ing. Fernando Liste Neira, quien explorar\u00e1 c\u00f3mo agilizar procesos e impulsar creatividad sin descuidar la seguridad y las buenas pr\u00e1cticas.<\/p>\n<p>El mi\u00e9rcoles 8 se abrir\u00e1 el juego al debate colectivo. UNTREF Media reunir\u00e1 a referentes como Marcos Melo (VYCO), Loli Miraglia (The ElevenHub) y Adri\u00e1n Garelik (Flixxo) en una mesa que interrogar\u00e1 las nuevas formas de hacer y ver contenido, atravesadas por pantallas m\u00faltiples, narrativas verticales y herramientas de IA. M\u00e1s tarde, la Sociedad Argentina de Editores Audiovisuales (SAE) propondr\u00e1 discutir el lugar de la inteligencia artificial en la postproducci\u00f3n, con sus promesas y riesgos. El d\u00eda concluir\u00e1 con un workshop de Technology Group, que pondr\u00e1 el foco en el futuro del transporte de TV con redes privadas 5G y an\u00e1lisis de contenidos mediante IA.<\/p>\n<p>El jueves 9, la \u00faltima jornada, comenzar\u00e1 con el IEEE-BTS, que abordar\u00e1 la seguridad en el uso de agentes conversacionales y c\u00f3mo blindar su implementaci\u00f3n en la gesti\u00f3n de contenidos, con la experiencia de la Ing. Marisabel Rodr\u00edguez (Google Cloud). Finalmente, la C\u00e1mara Argentina de Radios Online (CADERO) cerrar\u00e1 la agenda con una mesa dedicada a pensar c\u00f3mo producir contenido de valor en la era de la IA, con experiencias desde la radio universitaria, el podcast y el streaming.<\/p>\n<p>De esta manera, CAPER SHOW 2025 confirma su papel como espacio privilegiado para discutir los cambios de paradigma en la industria audiovisual, en un momento en el que la tecnolog\u00eda avanza tan r\u00e1pido como las preguntas que despierta.<\/p>\n<\/p><\/div>\n","protected":false},"excerpt":{"rendered":"<p>lunes 29 de septiembre de 2025 Del 7 al 9 de octubre, el Centro Costa Salguero ser\u00e1 escenario de la 33\u00aa edici\u00f3n de CAPER SHOW, una de las ferias m\u00e1s importantes de la industria audiovisual en Argentina. Este a\u00f1o, el eje no pod\u00eda ser otro: la Inteligencia Artificial y su influencia creciente en la radio, [&hellip;]<\/p>\n","protected":false},"author":1,"featured_media":169934,"comment_status":"open","ping_status":"closed","sticky":false,"template":"","format":"standard","meta":[],"categories":[21],"tags":[],"_links":{"self":[{"href":"http:\/\/cordobainforma.info\/index.php\/wp-json\/wp\/v2\/posts\/169933"}],"collection":[{"href":"http:\/\/cordobainforma.info\/index.php\/wp-json\/wp\/v2\/posts"}],"about":[{"href":"http:\/\/cordobainforma.info\/index.php\/wp-json\/wp\/v2\/types\/post"}],"author":[{"embeddable":true,"href":"http:\/\/cordobainforma.info\/index.php\/wp-json\/wp\/v2\/users\/1"}],"replies":[{"embeddable":true,"href":"http:\/\/cordobainforma.info\/index.php\/wp-json\/wp\/v2\/comments?post=169933"}],"version-history":[{"count":0,"href":"http:\/\/cordobainforma.info\/index.php\/wp-json\/wp\/v2\/posts\/169933\/revisions"}],"wp:featuredmedia":[{"embeddable":true,"href":"http:\/\/cordobainforma.info\/index.php\/wp-json\/wp\/v2\/media\/169934"}],"wp:attachment":[{"href":"http:\/\/cordobainforma.info\/index.php\/wp-json\/wp\/v2\/media?parent=169933"}],"wp:term":[{"taxonomy":"category","embeddable":true,"href":"http:\/\/cordobainforma.info\/index.php\/wp-json\/wp\/v2\/categories?post=169933"},{"taxonomy":"post_tag","embeddable":true,"href":"http:\/\/cordobainforma.info\/index.php\/wp-json\/wp\/v2\/tags?post=169933"}],"curies":[{"name":"wp","href":"https:\/\/api.w.org\/{rel}","templated":true}]}}