{"id":169931,"date":"2025-09-29T16:40:29","date_gmt":"2025-09-29T16:40:29","guid":{"rendered":"http:\/\/cordobainforma.info\/index.php\/2025\/09\/29\/nicaragua-condenamos-al-estado-de-israel-y-las-politicas-de-las-potencias-imperiales\/"},"modified":"2025-09-29T16:40:29","modified_gmt":"2025-09-29T16:40:29","slug":"nicaragua-condenamos-al-estado-de-israel-y-las-politicas-de-las-potencias-imperiales","status":"publish","type":"post","link":"http:\/\/cordobainforma.info\/index.php\/2025\/09\/29\/nicaragua-condenamos-al-estado-de-israel-y-las-politicas-de-las-potencias-imperiales\/","title":{"rendered":"Nicaragua: \u00abCondenamos al Estado de Israel y las pol\u00edticas de las potencias imperiales\u00bb"},"content":{"rendered":"<p><img src=\"http:\/\/cordobainforma.info\/wp-content\/uploads\/2025\/09\/nicaragua-condenamos-al-estado-de-israel-y-las-politicas-de-las-potencias-imperiales.jpg\"><\/p>\n<p>El ministro de Relaciones Exteriores de Nicaragua, Denis Moncada, conden\u00f3 este lunes a Israel, en consonancia con el repudio de su pa\u00eds&nbsp;contra las&nbsp;\u00abpol\u00edticas y pr\u00e1cticas de las potencias coloniales\u00bb.<\/p>\n<p>Durante su intervenci\u00f3n ante la Asamblea General de la Organizaci\u00f3n de Naciones Unidas (ONU), Moncada expres\u00f3: \u00abCondenamos al Estado de Israel, as\u00ed como hemos condenado y condenamos las pol\u00edticas y <strong>pr\u00e1cticas de las potencias coloniales, imperiales<\/strong>, neocoloniales y fascistas\u00bb.<\/p>\n<p>Del mismo modo, reiter\u00f3 la&nbsp;hist\u00f3rica y permanente condena de Nicaragua al \u00abgenocidio\u00bb contra el pueblo palestino, y la \u00abpol\u00edtica de negaci\u00f3n\u00bb que ha dado lugar a las&nbsp;\u00abbrutales masacres\u00bb que se extienden, \u00aba la vista y paciencia de todo el mundo\u00bb.<\/p>\n<h3>\u00abTerrorismo de Estado\u00bb<\/h3>\n<p>El pa\u00eds centroamericano record\u00f3 que estas pr\u00e1cticas&nbsp;\u00abinhumanas\u00bb son inaceptables e imperdonables a la luz del derecho internacional, por lo que denunci\u00f3 el \u00abinaceptable terrorismo de Estado\u00bb que perpetra cr\u00edmenes de lesa humanidad sin ninguna verg\u00fcenza, \u00abcomo derecho superior de los imperialistas de la Tierra\u00bb.&nbsp;<\/p>\n<p>En esa l\u00ednea, tambi\u00e9n expres\u00f3 el rechazo de Nicaragua al \u00abexilio del bien y todos los ataques a la vida, las libertades, la convivencia y la civilizaci\u00f3n\u00bb, que se cre\u00edan&nbsp;consolidados, pero que est\u00e1n en constante disputa con las potencias coloniales.<\/p>\n<p>\u00abEn estas circunstancias cruciales de la historia humana se repite la disyuntiva, la dualidad eterna, <strong>el conflicto nunca resuelto entre la paz y la guerra<\/strong>, entre la vida y la muerte, entre la pretensi\u00f3n supremacista de aniquilar, someter y apropiarse de nuestras culturas, y nuestro deber de defender nuestros patrimonios espirituales, sociales y materiales\u00bb, manifest\u00f3 el canciller.<strong>&nbsp;<\/strong><\/p>\n<div class=\"ReadMore-root Section-root Section-is1to3-xs_is1to1\" data-widgets=\"ReadMore\">\n<div class=\"Section-container Section-isRow-isTop-isWrap\">\n<article class=\"Card-root Card-is1to1 Card-default \">\n<div class=\"Card-imageWrap\">\n<div class=\"Card-picture\"> <picture class=\"Picture-root Picture-default\"><!--[if IE 9]><video style=\"display: none;\"><![endif]--><source media=\"(-webkit-min-device-pixel-ratio: 2) and (min-resolution: 120dpi)\" srcset=\"http:\/\/cordobainforma.info\/wp-content\/uploads\/2025\/09\/nicaragua-condenamos-al-estado-de-israel-y-las-politicas-de-las-potencias-imperiales-2.jpg 850w, http:\/\/cordobainforma.info\/wp-content\/uploads\/2025\/09\/nicaragua-condenamos-al-estado-de-israel-y-las-politicas-de-las-potencias-imperiales-3.jpg 1960w\"><source srcset=\"http:\/\/cordobainforma.info\/wp-content\/uploads\/2025\/09\/nicaragua-condenamos-al-estado-de-israel-y-las-politicas-de-las-potencias-imperiales-2.jpg, https:\/\/actualidad.rt.com\/actualidad\/460, http:\/\/cordobainforma.info\/wp-content\/uploads\/2025\/09\/nicaragua-condenamos-al-estado-de-israel-y-las-politicas-de-las-potencias-imperiales-3.jpg 980w\"><!--[if IE 9]><\/video><![endif]--><img data-sizes=\"auto\" src=\"http:\/\/cordobainforma.info\/wp-content\/uploads\/2025\/09\/nicaragua-condenamos-al-estado-de-israel-y-las-politicas-de-las-potencias-imperiales-2.jpg\" class=\"Picture-root Picture-default lazyload\" alt=\"Nicaragua habla ante la Asamblea General de la ONU\"><\/picture><!-- noscript pattern --><noscript><img src=\"http:\/\/cordobainforma.info\/wp-content\/uploads\/2025\/09\/nicaragua-condenamos-al-estado-de-israel-y-las-politicas-de-las-potencias-imperiales-3.jpg\" alt=\"Nicaragua habla ante la Asamblea General de la ONU\"><\/noscript> <\/div><\/div>\n<\/article><\/div><\/div>\n<p>Por ese motivo, Moncada inst\u00f3 a los miembros de la ONU a&nbsp;promover \u00abm\u00e1s y m\u00e1s coherencia de la conciencia humana\u00bb y alzar la voz para exigir el respeto a la vida, con el objetivo de evitar que la estancia en el planeta est\u00e9&nbsp;<strong>marcada <\/strong>\u00ab<strong>por la muerte en todas sus formas<\/strong>\u00ab.<\/p>\n<p>Antes de su intervenci\u00f3n, el canciller nicarag\u00fcense ha participado de manera activa en las reuniones de la organizaci\u00f3n para poner sobre la mesa las posiciones de su pa\u00eds en materia de defensa de la soberan\u00eda, el derecho internacional y el desarrollo sostenible.<\/p>\n","protected":false},"excerpt":{"rendered":"<p>El ministro de Relaciones Exteriores de Nicaragua, Denis Moncada, conden\u00f3 este lunes a Israel, en consonancia con el repudio de su pa\u00eds&nbsp;contra las&nbsp;\u00abpol\u00edticas y pr\u00e1cticas de las potencias coloniales\u00bb. Durante su intervenci\u00f3n ante la Asamblea General de la Organizaci\u00f3n de Naciones Unidas (ONU), Moncada expres\u00f3: \u00abCondenamos al Estado de Israel, as\u00ed como hemos condenado y [&hellip;]<\/p>\n","protected":false},"author":1,"featured_media":169932,"comment_status":"closed","ping_status":"closed","sticky":false,"template":"","format":"standard","meta":[],"categories":[22],"tags":[],"_links":{"self":[{"href":"http:\/\/cordobainforma.info\/index.php\/wp-json\/wp\/v2\/posts\/169931"}],"collection":[{"href":"http:\/\/cordobainforma.info\/index.php\/wp-json\/wp\/v2\/posts"}],"about":[{"href":"http:\/\/cordobainforma.info\/index.php\/wp-json\/wp\/v2\/types\/post"}],"author":[{"embeddable":true,"href":"http:\/\/cordobainforma.info\/index.php\/wp-json\/wp\/v2\/users\/1"}],"replies":[{"embeddable":true,"href":"http:\/\/cordobainforma.info\/index.php\/wp-json\/wp\/v2\/comments?post=169931"}],"version-history":[{"count":0,"href":"http:\/\/cordobainforma.info\/index.php\/wp-json\/wp\/v2\/posts\/169931\/revisions"}],"wp:featuredmedia":[{"embeddable":true,"href":"http:\/\/cordobainforma.info\/index.php\/wp-json\/wp\/v2\/media\/169932"}],"wp:attachment":[{"href":"http:\/\/cordobainforma.info\/index.php\/wp-json\/wp\/v2\/media?parent=169931"}],"wp:term":[{"taxonomy":"category","embeddable":true,"href":"http:\/\/cordobainforma.info\/index.php\/wp-json\/wp\/v2\/categories?post=169931"},{"taxonomy":"post_tag","embeddable":true,"href":"http:\/\/cordobainforma.info\/index.php\/wp-json\/wp\/v2\/tags?post=169931"}],"curies":[{"name":"wp","href":"https:\/\/api.w.org\/{rel}","templated":true}]}}