{"id":169927,"date":"2025-09-29T06:11:23","date_gmt":"2025-09-29T06:11:23","guid":{"rendered":"https:\/\/www.mujerhoy.com\/vivir\/decoracion\/muebles-ikea-mitad-precio-mejor-mercadillo-decoracion-segunda-mano-madrid-20250929141047-nt.html"},"modified":"2025-09-29T06:11:23","modified_gmt":"2025-09-29T06:11:23","slug":"muebles-de-ikea-a-mitad-de-precio-mesas-de-marmol-de-carrara-por-60e-y-la-deco-de-las-peliculas-de-netflix-el-mercadillo-que-arrasara-en-madrid","status":"publish","type":"post","link":"http:\/\/cordobainforma.info\/index.php\/2025\/09\/29\/muebles-de-ikea-a-mitad-de-precio-mesas-de-marmol-de-carrara-por-60e-y-la-deco-de-las-peliculas-de-netflix-el-mercadillo-que-arrasara-en-madrid\/","title":{"rendered":"Muebles de IKEA a mitad de precio, mesas de m\u00e1rmol de Carrara por 60\u20ac y la deco de las pel\u00edculas de Netflix: el mercadillo que arrasar\u00e1 en Madrid"},"content":{"rendered":"<div class=\"media_block\"><\/div>\n<p><!-- AUTHOR --><\/p>\n<div class=\"voc-author-timesocial \">\n<!-- AUTHOR --><\/p>\n<div class=\"voc-author-timesocial__signature \">\n<!-- IMAGE AUTHOR -->\n<picture class=\"voc-image-signature\">\n<img class=\"voc-image-signature__img\" src=\"http:\/\/cordobainforma.info\/wp-content\/uploads\/2025\/09\/muebles-de-ikea-a-mitad-de-precio-mesas-de-marmol-de-carrara-por-60e-y-la-deco-de-las-peliculas-de-netflix-el-mercadillo-que-arrasara-en-madrid.jpg\" alt=\"Ana Calvo\">\n<\/picture>\n<!-- INFO AUTHOR --><\/p>\n<div class=\"voc-author-timesocial__info\" data-mrf-recirculation=\"Autor\">\n<div class=\"voc-author-info\">\n<author><br \/>\n<a class=\"voc-author\" href=\"https:\/\/www.mujerhoy.com\/autor\/ana-calvo-1186.html\">Ana Calvo<\/a><br \/>\n<\/author><br \/>\n<!-- TIME --><br \/>\n<time datetime=\"2025-09-29T06:11:23Z\" data-timestamp><br \/>\nPublicado \u00b7 <span data-voc-date-modified-short> 29 de septiembre de 2025, 08:11 h <\/span><br \/>\n<\/time>\n<\/div>\n<\/div>\n<\/div><\/div>\n<p><!-- COMPONENTS --><\/p>\n<p class=\"voc-paragraph\">Lo retro est\u00e1 de moda en nuestro hogar. <strong>Las tendencias que miran al pasado<\/strong> y rebuscan en el desv\u00e1n de la abuela para inspirar la decoraci\u00f3n de nuestra casa cotizan al alza. Han vuelto <a href=\"https:\/\/www.mujerhoy.com\/vivir\/decoracion\/mueble-favorito-abuela-tendencia-decoracion-camareras-bonitas-baratas-20250818140140-nt.html\" data-voc-vtm-id=\"in-text-traffic\" title=\"las camareras\">las camareras<\/a> a los rincones del sal\u00f3n, la mesa se pone bonita con <a href=\"https:\/\/www.mujerhoy.com\/vivir\/decoracion\/donde-comprar-platos-duralex-vajilla-abuela-no-se-rompe-tendencias-deco-mesas-bonitas-20240826103144-nt.html\" data-voc-vtm-id=\"in-text-traffic\" title=\"vajillas de Duralex\" data-mrf-link=\"www.mujerhoy.com\">vajillas de Duralex<\/a> y Zara Home tiene <a href=\"https:\/\/www.mujerhoy.com\/vivir\/decoracion\/zara-home-nuevo-favoritos-marta-ortega-piezas-baratas-cristal-20250924154035-nt.html\" data-voc-vtm-id=\"in-text-traffic\" title=\"lista de espera con una edici\u00f3n especial\">lista de espera con una edici\u00f3n especial<\/a> que ha sacado en colaboraci\u00f3n con la Real F\u00e1brica de Vidrios de La Granja.<\/p>\n<p class=\"voc-paragraph\">En estos <strong>tiempos de revisitar el pasado<\/strong>, hemos vuelto a creer (y crear) en los <a href=\"https:\/\/www.mujerhoy.com\/vivir\/decoracion\/que-son-conversation-pits-tendencia-deco-otono-salones-estilo-retro-20250902135956-nt.html\" data-voc-vtm-id=\"in-text-traffic\" title=\"conversation pits\">conversation pits<\/a>, copiamos como podemos el estilo <a href=\"https:\/\/www.mujerhoy.com\/vivir\/decoracion\/tendencias-deco-que-es-mid-century-modern-estilo-casa-frank-lloyd-wright-20250205075519-nt.html\" data-voc-vtm-id=\"in-text-traffic\" title=\"Mid Century Modern de Frank Lloyd-Wright\" data-mrf-link=\"www.mujerhoy.com\">Mid Century Modern de Frank Lloyd-Wright<\/a> en la casa Weisblat y nos admiramos de las joyas brutalistas de Madrid, inspiradas por <a href=\"https:\/\/www.mujerhoy.com\/vivir\/decoracion\/que-es-brutalismo-claves-decoracion-fascinante-historia-edificio-torres-blancas-madrid-20250129073727-nt.html\" data-voc-vtm-id=\"in-text-traffic\" title=\"las ic\u00f3nicas Torres Blancas\" data-mrf-link=\"www.mujerhoy.com\">las ic\u00f3nicas Torres Blancas<\/a>.<\/p>\n<div class=\"v-c-cmp v-c-cmp--t1 \">\n<div class=\"v-cmp-rld v-cmp-rld--2 \">\n<div class=\"v-cnt-m v-cnt-m--m\">\n<div class=\"v-cnt-m__c\">\n<div class=\"v-cnt-m__w v-cnt-m__w--1\">\n<p class=\"v-cnt-m__t\">\nTAMBI\u00c9N TE INTERESA\n<\/p>\n<\/div>\n<\/div>\n<\/div>\n<div class=\"v-g v-g--2-c v-g--bdr-min-xs\">\n<div class=\"v-g__c \">\n<article class=\"v-a v-a--cmp-rld v-a--cmp-rld-2 v-a--p-l\">\n<div class=\"v-a-img-c\">\n<figure class=\"v-a-fig\">\n<a href=\"https:\/\/www.mujerhoy.com\/vivir\/decoracion\/tendencias-decoracion-otono-2025-que-colores-se-llevan-estilo-casa-bonita-20250825133420-nt.html#vtm_modulosEngag=mod-rel:vivir:noticia:1:cmp:2-not\" class=\"v-a-link\" title=\"Las tendencias deco del oto\u00f1o 2025: qu\u00e9 colores se llevan y el estilo que se inspira en la casa del pueblo de tu abuela\"><br \/>\n<img loading=\"lazy\" class=\"v-a-img\" src=\"http:\/\/cordobainforma.info\/wp-content\/uploads\/2025\/09\/muebles-de-ikea-a-mitad-de-precio-mesas-de-marmol-de-carrara-por-60e-y-la-deco-de-las-peliculas-de-netflix-el-mercadillo-que-arrasara-en-madrid-1.jpg\" alt=\"Las tendencias deco del oto\u00f1o 2025: qu\u00e9 colores se llevan y el estilo que se inspira en la casa del pueblo de tu abuela\"><br \/>\n<\/a><br \/>\n<\/figure>\n<\/div>\n<\/article>\n<\/div>\n<div class=\"v-g__c \">\n<article class=\"v-a v-a--cmp-rld v-a--cmp-rld-2 v-a--p-l\">\n<div class=\"v-a-img-c\">\n<figure class=\"v-a-fig\">\n<a href=\"https:\/\/www.mujerhoy.com\/vivir\/decoracion\/que-es-estilo-demure-copiar-tendencias-decoracion-otono-viral-tiktok-20240829080218-nt.html#vtm_modulosEngag=mod-rel:vivir:noticia:2:cmp:2-not\" class=\"v-a-link\" title=\"Qu\u00e9 es el estilo demure y c\u00f3mo aplicar la tendencia viral del oto\u00f1o a la decoraci\u00f3n de tu casa\"><br \/>\n<img loading=\"lazy\" class=\"v-a-img\" src=\"http:\/\/cordobainforma.info\/wp-content\/uploads\/2025\/09\/muebles-de-ikea-a-mitad-de-precio-mesas-de-marmol-de-carrara-por-60e-y-la-deco-de-las-peliculas-de-netflix-el-mercadillo-que-arrasara-en-madrid-2.jpg\" alt=\"Qu\u00e9 es el estilo demure y c\u00f3mo aplicar la tendencia viral del oto\u00f1o a la decoraci\u00f3n de tu casa\"><br \/>\n<\/a><br \/>\n<\/figure>\n<\/div>\n<\/article>\n<\/div>\n<\/div>\n<\/div>\n<\/div>\n<p class=\"voc-paragraph\">Y es que las mejores joyas para nuestro hogar quiz\u00e1 no est\u00e1n donde pens\u00e1bamos. Quiz\u00e1 esa <a href=\"https:\/\/www.mujerhoy.com\/vivir\/decoracion\/ikea-comoda-mas-vendida-edicion-limitada-hemnes-mueble-precioso-barato-20250812121411-nt.html\" title=\"www.mujerhoy.com\" data-voc-vtm-id=\"in-text-traffic\" data-mrf-link=\"www.mujerhoy.com\">c\u00f3moda de edici\u00f3n limitada de IKEA<\/a> sea una soluci\u00f3n buena, bonita y barata para nuestro sal\u00f3n. Y la nueva colecci\u00f3n de <a href=\"https:\/\/www.mujerhoy.com\/vivir\/decoracion\/primark-home-copia-mueble-mas-vendido-ikea-carrito-cocina-mas-barato-mitad-precio-20250826150241-nt.html\" title=\"www.mujerhoy.com\" data-voc-vtm-id=\"in-text-traffic\" data-mrf-link=\"www.mujerhoy.com\">Primark Home<\/a> una opci\u00f3n con buena relaci\u00f3n calidad-precio para sumarnos a las tendencias del oto\u00f1o. Pero los <strong>tesoros que marcar\u00e1n la diferencia<\/strong> no los encontraremos en las tiendas convencionales ni en el low cost.<\/p>\n<p class=\"voc-paragraph\">A falta de desv\u00e1n de la abuela donde colarnos o ajuar al que recurrir, nos recorremos los mercadillos de segunda mano a la busca y captura de <strong>piezas vintage<\/strong> que pongan esa nota de historia retro a nuestro hogar. Y, de paso, ponemos nuestro granito de arena en la tan necesaria econom\u00eda circular porque, como asegura Paloma Richi, profesional del arte y las antig\u00fcedades detr\u00e1s de Pujar con Arte, \u00abno hay nada m\u00e1s ecol\u00f3gico que consumir algo que ya existe\u00bb.<\/p>\n<p class=\"voc-paragraph\">El Rastro es un cl\u00e1sico de los domingos madrile\u00f1os, como tambi\u00e9n lo es el mercadillo de antig\u00fcedades de Navacerrada. Adem\u00e1s, de un tiempo a esta parte se han puesto de moda las ventas que organizan empresas que se dedican al <strong>vaciado de casas<\/strong> y en las que encontramos muebles, menaje y objetos de decoraci\u00f3n con dise\u00f1o y calidad exquisitos a precios muy asequibles.<\/p>\n<div class=\"v-c-cmp v-c-cmp--s\">\n<div class=\"v-cmp-m \">\n<article class=\"v-a v-a--cmp-m v-c-cmp--m-z\">\n<div class=\"v-a-img-c \">\n<div class=\"v-a-fig\">\n<button class=\"v-a-link\" popovertarget=\"photo-307\"><br \/>\n<img loading=\"lazy\" src=\"http:\/\/cordobainforma.info\/wp-content\/uploads\/2025\/09\/muebles-de-ikea-a-mitad-de-precio-mesas-de-marmol-de-carrara-por-60e-y-la-deco-de-las-peliculas-de-netflix-el-mercadillo-que-arrasara-en-madrid-3.jpg\" class=\"v-a-img\" width=\"650\" height=\"650\" alt data-voc-vtm-id=\"in-text-traffic\"> <\/button><figcaption class=\"v-fc\">\n<span class=\"v-fc__p\"><br \/>\nPEXELS<br \/>\n<\/span><br \/>\n<\/figcaption><\/div>\n<\/div>\n<div id=\"photo-307\" popover class=\"v-mdl v-mdl--fw\">\n<button class=\"v-x\" popovertarget=\"photo-307\" popovertargetaction=\"hide\"><br \/>\n<span class=\"v-i\"><br \/>\n<svg width=\"24\" height=\"23.996\" viewBox=\"0 0 24 23.996\">\n<path data-name=\"Uni\u00f3n 29\" d=\"M12,14.03,2.031,24,0,21.963,9.968,12,0,2.033,2.031,0,12,9.966,21.969,0,24,2.033,14.032,12,24,21.963,21.969,24Z\" \/>\n<\/svg><br \/>\n<\/span><br \/>\n<\/button><\/p>\n<div class=\"v-mdl__c\">\n<div class=\"v-mdl__w\">\n<img loading=\"lazy\" src=\"http:\/\/cordobainforma.info\/wp-content\/uploads\/2025\/09\/muebles-de-ikea-a-mitad-de-precio-mesas-de-marmol-de-carrara-por-60e-y-la-deco-de-las-peliculas-de-netflix-el-mercadillo-que-arrasara-en-madrid-3.jpg\" class=\"v-mdl__img-z\" width=\"650\" height=\"650\" alt>\n<\/div>\n<\/div>\n<\/div>\n<p><span class=\"v-bdp\"><\/span><br \/>\n<\/article>\n<\/div>\n<\/div>\n<p><h3 class=\"v-cmp-suh\">\nEl mejor mercadillo de muebles de segunda mano de Madrid: d\u00f3nde y cu\u00e1ndo es<br \/>\n<\/h3>\n<\/p>\n<p class=\"voc-paragraph\">El \u00faltimo \u00e9xito fue el vaciado de <a href=\"https:\/\/www.mujerhoy.com\/vivir\/decoracion\/mejor-mercadillo-madrid-comprar-muebles-lujo-baratos-venta-decoracion-hotel-me-reina-victoria-100-20250831134100-nt.html\" data-voc-vtm-id=\"in-text-traffic\" title=\"muebles del ic\u00f3nico Hotel ME Reina Victoria\">muebles del ic\u00f3nico Hotel ME Reina Victoria<\/a>, que acab\u00f3 con sus existencias en horas. As\u00ed que si te quedaste sin una silla tipo Eames por menos de 60, tienes una nueva oportunidad. O, mejor dicho, tres, porque <strong>los d\u00edas 18 de octubre, 15 de noviembre y 13 de diciembre<\/strong> se celebra otro mercadillo de muebles de segunda mano en la capital del que ya est\u00e1 hablando todo el mundo en Madrid.<\/p>\n<p class=\"voc-paragraph\">En esta ocasi\u00f3n, la cita es <strong>en el madrile\u00f1o barrio de Villaverde<\/strong>, en el n\u00famero 104 de la calle Eduardo Barreiros (concretamente, en el muelle 21), donde estos tres d\u00edas Solidan\u00e7a Circular aterrizar\u00e1 en la ciudad de la mano de RecuMadrid con moda de segunda mano y, lo que a nosotras nos importa: aut\u00e9nticos chollos en decoraci\u00f3n desde 1 euro.<\/p>\n<p class=\"voc-paragraph\">En este mercadillo de segunda mano podremos encontrar piezas de dise\u00f1o ic\u00f3nico como mesas de Jaime Hayon en <strong>m\u00e1rmol de Carrara por unos 60 euros<\/strong>, conjuntos de comedor antiguos de estilo castellano por 100 euros o sillones isabelinos por 30. Adem\u00e1s, tambi\u00e9n hay muebles de IKEA con descuentos de m\u00e1s del 50% sobre su precio original.<\/p>\n<p class=\"voc-paragraph\">Por si fuera poco, despu\u00e9s de visitarlo podr\u00e1s tener una casa de pel\u00edcula. Literalmente. Y es que, aunque con un precio m\u00e1s elevado, este mercadillo ofrece una curiosa secci\u00f3n de muebles de dise\u00f1o de una recogida que RecuMadrid realiz\u00f3 en los <strong>plat\u00f3s de Netflix<\/strong> (en Tres Cantos) y donde podremos encontrar piezas puede oscilar entre los 45 y los 520 euros.<\/p>\n<div class=\"v-c-cmp v-c-cmp--t1 \">\n<div class=\"v-cmp-rld v-cmp-rld--2 \">\n<div class=\"v-cnt-m v-cnt-m--m\">\n<div class=\"v-cnt-m__c\">\n<div class=\"v-cnt-m__w v-cnt-m__w--1\">\n<p class=\"v-cnt-m__t\">\nTAMBI\u00c9N TE INTERESA\n<\/p>\n<\/div>\n<\/div>\n<\/div>\n<div class=\"v-g v-g--2-c v-g--bdr-min-xs\">\n<div class=\"v-g__c \">\n<article class=\"v-a v-a--cmp-rld v-a--cmp-rld-2 v-a--p-l\">\n<div class=\"v-a-img-c\">\n<figure class=\"v-a-fig\">\n<a href=\"https:\/\/www.mujerhoy.com\/vivir\/decoracion\/ikea-rebaja-dos-muebles-iconicos-sillon-poang-carrito-raskog-muy-baratos-20250916154512-nt.html#vtm_modulosEngag=mod-rel:vivir:noticia:1:cmp:2-not\" class=\"v-a-link\" title=\"IKEA rebaja dos de sus muebles m\u00e1s ic\u00f3nicos: un sill\u00f3n c\u00f3modo con historia y el carrito auxiliar perfecto para casas peque\u00f1as\"><br \/>\n<img loading=\"lazy\" class=\"v-a-img\" src=\"http:\/\/cordobainforma.info\/wp-content\/uploads\/2025\/09\/muebles-de-ikea-a-mitad-de-precio-mesas-de-marmol-de-carrara-por-60e-y-la-deco-de-las-peliculas-de-netflix-el-mercadillo-que-arrasara-en-madrid-4.jpg\" alt=\"IKEA rebaja dos de sus muebles m\u00e1s ic\u00f3nicos: un sill\u00f3n c\u00f3modo con historia y el carrito auxiliar perfecto para casas peque\u00f1as\"><br \/>\n<\/a><br \/>\n<\/figure>\n<\/div>\n<\/article>\n<\/div>\n<div class=\"v-g__c \">\n<article class=\"v-a v-a--cmp-rld v-a--cmp-rld-2 v-a--p-l\">\n<div class=\"v-a-img-c\">\n<figure class=\"v-a-fig\">\n<a href=\"https:\/\/www.mujerhoy.com\/vivir\/decoracion\/consejo-madre-ordenar-armario-ropa-en-perchas-iguales-20250627140500-nt.html#vtm_modulosEngag=mod-rel:vivir:noticia:2:cmp:2-not\" class=\"v-a-link\" title=\"El mejor consejo de orden que me ha dado mi madre: \u00abPon todas las perchas iguales en el armario\u00bb\"><br \/>\n<img loading=\"lazy\" class=\"v-a-img\" src=\"http:\/\/cordobainforma.info\/wp-content\/uploads\/2025\/09\/muebles-de-ikea-a-mitad-de-precio-mesas-de-marmol-de-carrara-por-60e-y-la-deco-de-las-peliculas-de-netflix-el-mercadillo-que-arrasara-en-madrid-5.jpg\" alt=\"El mejor consejo de orden que me ha dado mi madre: \u00abPon todas las perchas iguales en el armario\u00bb\"><br \/>\n<\/a><br \/>\n<\/figure>\n<\/div>\n<\/article>\n<\/div>\n<\/div>\n<\/div>\n<\/div>\n","protected":false},"excerpt":{"rendered":"<p>Ana Calvo Publicado \u00b7 29 de septiembre de 2025, 08:11 h Lo retro est\u00e1 de moda en nuestro hogar. Las tendencias que miran al pasado y rebuscan en el desv\u00e1n de la abuela para inspirar la decoraci\u00f3n de nuestra casa cotizan al alza. Han vuelto las camareras a los rincones del sal\u00f3n, la mesa se [&hellip;]<\/p>\n","protected":false},"author":1,"featured_media":169928,"comment_status":"open","ping_status":"closed","sticky":false,"template":"","format":"standard","meta":[],"categories":[18],"tags":[],"_links":{"self":[{"href":"http:\/\/cordobainforma.info\/index.php\/wp-json\/wp\/v2\/posts\/169927"}],"collection":[{"href":"http:\/\/cordobainforma.info\/index.php\/wp-json\/wp\/v2\/posts"}],"about":[{"href":"http:\/\/cordobainforma.info\/index.php\/wp-json\/wp\/v2\/types\/post"}],"author":[{"embeddable":true,"href":"http:\/\/cordobainforma.info\/index.php\/wp-json\/wp\/v2\/users\/1"}],"replies":[{"embeddable":true,"href":"http:\/\/cordobainforma.info\/index.php\/wp-json\/wp\/v2\/comments?post=169927"}],"version-history":[{"count":0,"href":"http:\/\/cordobainforma.info\/index.php\/wp-json\/wp\/v2\/posts\/169927\/revisions"}],"wp:featuredmedia":[{"embeddable":true,"href":"http:\/\/cordobainforma.info\/index.php\/wp-json\/wp\/v2\/media\/169928"}],"wp:attachment":[{"href":"http:\/\/cordobainforma.info\/index.php\/wp-json\/wp\/v2\/media?parent=169927"}],"wp:term":[{"taxonomy":"category","embeddable":true,"href":"http:\/\/cordobainforma.info\/index.php\/wp-json\/wp\/v2\/categories?post=169927"},{"taxonomy":"post_tag","embeddable":true,"href":"http:\/\/cordobainforma.info\/index.php\/wp-json\/wp\/v2\/tags?post=169927"}],"curies":[{"name":"wp","href":"https:\/\/api.w.org\/{rel}","templated":true}]}}