{"id":169925,"date":"2025-09-29T06:12:48","date_gmt":"2025-09-29T06:12:48","guid":{"rendered":"https:\/\/www.mujerhoy.com\/vivir\/bienestar\/rueda-autocuidado-herramienta-facil-patri-psicologa-saber-que-necesitas-felicidad-20250929003730-nt.html"},"modified":"2025-09-29T06:12:48","modified_gmt":"2025-09-29T06:12:48","slug":"que-es-la-rueda-del-autocuidado-la-herramienta-facil-de-patri-psicologa-para-saber-que-necesitas-para-sentirte-mejor","status":"publish","type":"post","link":"http:\/\/cordobainforma.info\/index.php\/2025\/09\/29\/que-es-la-rueda-del-autocuidado-la-herramienta-facil-de-patri-psicologa-para-saber-que-necesitas-para-sentirte-mejor\/","title":{"rendered":"Qu\u00e9 es la rueda del autocuidado, la herramienta f\u00e1cil de Patri Psic\u00f3loga para saber qu\u00e9 necesitas para sentirte mejor"},"content":{"rendered":"<div class=\"media_block\"><\/div>\n<p><!-- AUTHOR --><\/p>\n<div class=\"voc-author-timesocial \">\n<!-- AUTHOR --><\/p>\n<div class=\"voc-author-timesocial__signature \">\n<!-- IMAGE AUTHOR -->\n<picture class=\"voc-image-signature\">\n<img class=\"voc-image-signature__img\" src=\"http:\/\/cordobainforma.info\/wp-content\/uploads\/2025\/09\/que-es-la-rueda-del-autocuidado-la-herramienta-facil-de-patri-psicologa-para-saber-que-necesitas-para-sentirte-mejor.jpg\" alt=\"Sara Flamenco\">\n<\/picture>\n<!-- INFO AUTHOR --> <\/div><\/div>\n<p><!-- COMPONENTS --><\/p>\n<p class=\"voc-paragraph\">Si nos dedic\u00e1semos a nosotros la mitad del <a href=\"https:\/\/www.mujerhoy.com\/vivir\/psicologia\/complacer-demas-compromisos-sociales-tiempo-patri-psicologa-20241028071918-nt.html\" data-voc-vtm-id=\"in-text-traffic\" title=\"tiempo que empleamos en los dem\u00e1s\" data-mrf-link=\"www.mujerhoy.com\">tiempo que empleamos en los dem\u00e1s<\/a>, ser\u00edamos mucho m\u00e1s felices. Seguro que m\u00e1s de una se ha sentido identificada con esta afirmaci\u00f3n hecha de manera tan gratuita. Y es que si de algo pecamos (sobre todo las mujeres) es en <strong>poner a todo y a todos por delante de nosotras mismas<\/strong>, lo que acaba influyendo negativamente en nuestra salud mental. De ah\u00ed que cada vez sea m\u00e1s importante el autocuidado.<\/p>\n<p class=\"voc-paragraph\">Seg\u00fan explica <a href=\"https:\/\/www.mujerhoy.com\/vivir\/psicologia\/dialogo-interno-negativo-influye-autoestima-psicologa-beatriz-galvan-20240508064141-nt.html\" data-voc-vtm-id=\"in-text-traffic\" title=\"la psic\u00f3loga Beatriz Galv\u00e1n\" data-mrf-link=\"www.mujerhoy.com\">la psic\u00f3loga Beatriz Galv\u00e1n<\/a>, \u00abel autocuidado son las acciones que llevamos a cabo en nuestro d\u00eda a d\u00eda para potenciar <strong>nuestra salud f\u00edsica, emocional, mental y social<\/strong>\u00ab. Como explica la psic\u00f3loga Patricia Ram\u00edrez, conocida en redes sociales como Patri Psic\u00f3loga, el autocuidado poco tiene que ver con poner velas y darte un ba\u00f1o de espuma, aunque puede formar parte del mismo, pero se trata de un concepto psicol\u00f3gico m\u00e1s complejo y completo al que debes prestar atenci\u00f3n.<\/p>\n<div class=\"v-c-cmp v-c-cmp--t1 \">\n<div class=\"v-cmp-rld v-cmp-rld--2 \">\n<div class=\"v-cnt-m v-cnt-m--m\">\n<div class=\"v-cnt-m__c\">\n<div class=\"v-cnt-m__w v-cnt-m__w--1\">\n<p class=\"v-cnt-m__t\">\nTAMBI\u00c9N TE INTERESA\n<\/p>\n<\/div>\n<\/div>\n<\/div>\n<div class=\"v-g v-g--2-c v-g--bdr-min-xs\">\n<div class=\"v-g__c \">\n<article class=\"v-a v-a--cmp-rld v-a--cmp-rld-2 v-a--p-l\">\n<div class=\"v-a-img-c\">\n<figure class=\"v-a-fig\">\n<a href=\"https:\/\/www.mujerhoy.com\/vivir\/bienestar\/fatiga-mental-que-es-como-combatirla-agotamiento-20250209180234-nt.html#vtm_modulosEngag=mod-rel:vivir:noticia:1:cmp:2-not\" class=\"v-a-link\" title=\"Qu\u00e9 es la fatiga mental y c\u00f3mo combatirla: las 10 reglas de oro para acabar con la sensaci\u00f3n de cansancio\"><br \/>\n<img loading=\"lazy\" class=\"v-a-img\" src=\"http:\/\/cordobainforma.info\/wp-content\/uploads\/2025\/09\/que-es-la-rueda-del-autocuidado-la-herramienta-facil-de-patri-psicologa-para-saber-que-necesitas-para-sentirte-mejor-1.jpg\" alt=\"Qu\u00e9 es la fatiga mental y c\u00f3mo combatirla: las 10 reglas de oro para acabar con la sensaci\u00f3n de cansancio\"><br \/>\n<\/a><br \/>\n<\/figure>\n<\/div>\n<\/article>\n<\/div>\n<div class=\"v-g__c \">\n<article class=\"v-a v-a--cmp-rld v-a--cmp-rld-2 v-a--p-l\">\n<div class=\"v-a-img-c\">\n<figure class=\"v-a-fig\">\n<a href=\"https:\/\/www.mujerhoy.com\/vivir\/psicologia\/estrategias-practicas-vencer-pereza-procrastinar-patri-psicologa-20250426133438-nt.html#vtm_modulosEngag=mod-rel:vivir:noticia:2:cmp:2-not\" class=\"v-a-link\" title=\"\u00a1No tengo ganas de hacer nada! Estrategias pr\u00e1cticas de Patri Psic\u00f3loga para vencer la pereza\"><br \/>\n<img loading=\"lazy\" class=\"v-a-img\" src=\"http:\/\/cordobainforma.info\/wp-content\/uploads\/2025\/09\/que-es-la-rueda-del-autocuidado-la-herramienta-facil-de-patri-psicologa-para-saber-que-necesitas-para-sentirte-mejor-2.jpg\" alt=\"\u00a1No tengo ganas de hacer nada! Estrategias pr\u00e1cticas de Patri Psic\u00f3loga para vencer la pereza\"><br \/>\n<\/a><br \/>\n<\/figure>\n<\/div>\n<\/article>\n<\/div>\n<\/div>\n<\/div>\n<\/div>\n<p><h3 class=\"v-cmp-suh\">\nQu\u00e9 es la ruedad del autocuidado<br \/>\n<\/h3>\n<\/p>\n<p class=\"voc-paragraph\">\u00abEl autocuidado es dormir bien, es decir que no, poner l\u00edmites, apagar el correo a tiempo&#8230; El autocuidado es<strong> cuidar de tu salud f\u00edsica y tu salud mental<\/strong>\u00ab, asegura Patri Psic\u00f3loga en uno de los v\u00eddeos que tan frecuentemente publica en sus redes sociales. As\u00ed, sobre el papel, queda todo muy obvio pero trasladarlo a la vida diaria no siempre es f\u00e1cil porque puede que est\u00e9s descudidando ciertas parcelas de tu vida y no te hayas dado ni cuenta.<\/p>\n<p class=\"voc-paragraph\">Eso es precisamente lo que trata de evitar la experta con la herramienta que ha llamado <strong>La rueda del autocuidado<\/strong>. \u00abSe trata de valorar del 1 al 10 c\u00f3mo est\u00e1n las \u00e1reas relacionadas con tu bienestar: la nutrici\u00f3n, el descanso, el ejercicio, la desconexi\u00f3n digital, el ocio y las relaciones personales o familiares. Esto te dar\u00e1 una pista sobre aquello por lo que tienes que empezar a trabajar\u00bb, explica la experta.<\/p>\n<p class=\"voc-paragraph\">Y para que todo sea m\u00e1s visual y, por tanto, seas capaz de detectar a la primera aquello en lo que est\u00e1s fallando, Patricia Ram\u00edrez te propone que lo hagas <strong>en forma de gr\u00e1fico circular<\/strong>, dedicando una porci\u00f3n de la rueda a cada una de esas \u00e1reas. Lo que tienes que hacer es colorear cada una de esas porciones en funci\u00f3n del tiempo que le dediques a cada una de ellas, para que puedas ver enseguida cu\u00e1l es la porci\u00f3n menos coloreada y, por tanto, a la que le prestas menos atenci\u00f3n.<\/p>\n<p class=\"voc-paragraph\">Pero, \u00bfc\u00f3mo sabes que lo est\u00e1s haciendo bien y no te est\u00e1s enga\u00f1ando a ti mismo? Bueno, no siempre es f\u00e1cil. Lo primero es hacer un trabajo de honestidad contigo misma y luego pon\u00e9rtelo f\u00e1cil. \u00abCada \u00e1rea puedes<strong> dividirla en peque\u00f1os pasos<\/strong>\u00ab, aconseja la experta. As\u00ed es m\u00e1s f\u00e1cil ver en qu\u00e9 est\u00e1s fallando o qu\u00e9 parte de tu rueda tienes controlada. <\/p>\n<p class=\"voc-paragraph\">Por ejemplo, puedes dividir la nutrici\u00f3n en desayuno comida y cena; la parte del ejercicio dividirla en entrenamiento diario, pasos andados, pausas activas; el descanso, en las horas dormidas, si te echas siesta o no, los minutos que dedicas a la relajaci\u00f3n o la meditaci\u00f3n&#8230; Al subdividir cada una de estas \u00e1reas en parcelas m\u00e1s peque\u00f1as, <strong>puedes darte cuenta mejor <\/strong>de c\u00f3mo lo est\u00e1s haciendo.<\/p>\n<p class=\"voc-paragraph\">Pero no te tomes esto como una pauta m\u00e1s, que puedes seguir o no dependiendo de si te viene bien. Prestar atenci\u00f3n a tu propio autocuidado puede marcar la diferencia entre sentirte bien, o acabar el d\u00eda pensando que no puedes m\u00e1s con tu vida. \u00abEmpieza hoy con una cosita peque\u00f1a y empieza a cuidar de ti porque el autocuidado <strong>no es cuando te sobre tiempo, es ahora<\/strong>\u00ab, <a href=\"https:\/\/www.mujerhoy.com\/vivir\/psicologia\/delegar-clave-tener-tiempo-para-todo-patri-psicologa-20241109133519-nt.html\" data-voc-vtm-id=\"in-text-traffic\" title=\"insiste Patri Psic\u00f3loga\" data-mrf-link=\"www.mujerhoy.com\">insiste Patri Psic\u00f3loga<\/a>.<\/p>\n<div class=\"v-c-cmp v-c-cmp--t1 \">\n<div class=\"v-cmp-rld v-cmp-rld--2 \">\n<div class=\"v-cnt-m v-cnt-m--m\">\n<div class=\"v-cnt-m__c\">\n<div class=\"v-cnt-m__w v-cnt-m__w--1\">\n<p class=\"v-cnt-m__t\">\nTAMBI\u00c9N TE INTERESA\n<\/p>\n<\/div>\n<\/div>\n<\/div>\n<div class=\"v-g v-g--2-c v-g--bdr-min-xs\">\n<div class=\"v-g__c \">\n<article class=\"v-a v-a--cmp-rld v-a--cmp-rld-2 v-a--p-l\">\n<div class=\"v-a-img-c\">\n<figure class=\"v-a-fig\">\n<a href=\"https:\/\/www.mujerhoy.com\/vivir\/psicologia\/herramienta-psicologica-sobrepensar-pensamientos-negativos-paz-mental-20250106131551-nt.html#vtm_modulosEngag=mod-rel:vivir:noticia:1:cmp:2-not\" class=\"v-a-link\" title=\"La herramienta psicol\u00f3gica, creada por una experta, para dejar de sobrepensar y recuperar la paz mental\"><br \/>\n<img loading=\"lazy\" class=\"v-a-img\" src=\"http:\/\/cordobainforma.info\/wp-content\/uploads\/2025\/09\/que-es-la-rueda-del-autocuidado-la-herramienta-facil-de-patri-psicologa-para-saber-que-necesitas-para-sentirte-mejor-3.jpg\" alt=\"La herramienta psicol\u00f3gica, creada por una experta, para dejar de sobrepensar y recuperar la paz mental\"><br \/>\n<\/a><br \/>\n<\/figure>\n<\/div>\n<\/article>\n<\/div>\n<div class=\"v-g__c \">\n<article class=\"v-a v-a--cmp-rld v-a--cmp-rld-2 v-a--p-l\">\n<div class=\"v-a-img-c\">\n<figure class=\"v-a-fig\">\n<a href=\"https:\/\/www.mujerhoy.com\/vivir\/psicologia\/rueda-vida-herramienta-psicologia-felicidad-20240923064230-nt.html#vtm_modulosEngag=mod-rel:vivir:noticia:2:cmp:2-not\" class=\"v-a-link\" title=\"La rueda de la vida, la herramienta que utilizan los psic\u00f3logos para tener una vida m\u00e1s feliz\"><br \/>\n<img loading=\"lazy\" class=\"v-a-img\" src=\"http:\/\/cordobainforma.info\/wp-content\/uploads\/2025\/09\/que-es-la-rueda-del-autocuidado-la-herramienta-facil-de-patri-psicologa-para-saber-que-necesitas-para-sentirte-mejor-4.jpg\" alt=\"La rueda de la vida, la herramienta que utilizan los psic\u00f3logos para tener una vida m\u00e1s feliz\"><br \/>\n<\/a><br \/>\n<\/figure>\n<\/div>\n<\/article>\n<\/div>\n<\/div>\n<\/div>\n<\/div>\n","protected":false},"excerpt":{"rendered":"<p>Si nos dedic\u00e1semos a nosotros la mitad del tiempo que empleamos en los dem\u00e1s, ser\u00edamos mucho m\u00e1s felices. Seguro que m\u00e1s de una se ha sentido identificada con esta afirmaci\u00f3n hecha de manera tan gratuita. Y es que si de algo pecamos (sobre todo las mujeres) es en poner a todo y a todos por [&hellip;]<\/p>\n","protected":false},"author":1,"featured_media":169926,"comment_status":"open","ping_status":"closed","sticky":false,"template":"","format":"standard","meta":[],"categories":[18],"tags":[],"_links":{"self":[{"href":"http:\/\/cordobainforma.info\/index.php\/wp-json\/wp\/v2\/posts\/169925"}],"collection":[{"href":"http:\/\/cordobainforma.info\/index.php\/wp-json\/wp\/v2\/posts"}],"about":[{"href":"http:\/\/cordobainforma.info\/index.php\/wp-json\/wp\/v2\/types\/post"}],"author":[{"embeddable":true,"href":"http:\/\/cordobainforma.info\/index.php\/wp-json\/wp\/v2\/users\/1"}],"replies":[{"embeddable":true,"href":"http:\/\/cordobainforma.info\/index.php\/wp-json\/wp\/v2\/comments?post=169925"}],"version-history":[{"count":0,"href":"http:\/\/cordobainforma.info\/index.php\/wp-json\/wp\/v2\/posts\/169925\/revisions"}],"wp:featuredmedia":[{"embeddable":true,"href":"http:\/\/cordobainforma.info\/index.php\/wp-json\/wp\/v2\/media\/169926"}],"wp:attachment":[{"href":"http:\/\/cordobainforma.info\/index.php\/wp-json\/wp\/v2\/media?parent=169925"}],"wp:term":[{"taxonomy":"category","embeddable":true,"href":"http:\/\/cordobainforma.info\/index.php\/wp-json\/wp\/v2\/categories?post=169925"},{"taxonomy":"post_tag","embeddable":true,"href":"http:\/\/cordobainforma.info\/index.php\/wp-json\/wp\/v2\/tags?post=169925"}],"curies":[{"name":"wp","href":"https:\/\/api.w.org\/{rel}","templated":true}]}}