{"id":169923,"date":"2025-09-29T15:34:45","date_gmt":"2025-09-29T15:34:45","guid":{"rendered":"https:\/\/www.mujerhoy.com\/moda\/no-te-pierdas\/kate-moss-rosalia-almodovar-zara-invita-artistas-cincuenta-aniversario-20250929171200-nt.html"},"modified":"2025-09-29T15:34:45","modified_gmt":"2025-09-29T15:34:45","slug":"kate-moss-rosalia-almodovar-zara-invita-a-50-artistas-a-crear-una-coleccion-de-objetos-muy-especial","status":"publish","type":"post","link":"http:\/\/cordobainforma.info\/index.php\/2025\/09\/29\/kate-moss-rosalia-almodovar-zara-invita-a-50-artistas-a-crear-una-coleccion-de-objetos-muy-especial\/","title":{"rendered":"Kate Moss, Rosal\u00eda, Almod\u00f3var&#8230; Zara invita a 50 artistas a crear una colecci\u00f3n de objetos muy especial"},"content":{"rendered":"<div class=\"media_block\"><\/div>\n<p><!-- AUTHOR --><\/p>\n<div class=\"voc-author-timesocial \">\n<!-- AUTHOR --><\/p>\n<div class=\"voc-author-timesocial__signature \">\n<!-- IMAGE AUTHOR -->\n<picture class=\"voc-image-signature\">\n<img class=\"voc-image-signature__img\" src=\"http:\/\/cordobainforma.info\/wp-content\/uploads\/2025\/09\/kate-moss-rosalia-almodovar-zara-invita-a-50-artistas-a-crear-una-coleccion-de-objetos-muy-especial.jpg\" alt=\"Paula Pe\u00f1a\">\n<\/picture>\n<!-- INFO AUTHOR --><\/p>\n<div class=\"voc-author-timesocial__info\" data-mrf-recirculation=\"Autor\">\n<div class=\"voc-author-info\">\n<author><br \/>\n<a class=\"voc-author\" href=\"https:\/\/www.mujerhoy.com\/autor\/paula-pena-4730.html\">Paula Pe\u00f1a<\/a><br \/>\n<\/author><br \/>\n<!-- TIME --><br \/>\n<time datetime=\"2025-09-29T15:34:45Z\" data-timestamp><br \/>\nPublicado \u00b7 <span data-voc-date-modified-short> 29 de septiembre de 2025, 17:34 h <\/span><br \/>\n<\/time>\n<\/div>\n<\/div>\n<\/div><\/div>\n<p><!-- COMPONENTS --><\/p>\n<p class=\"voc-paragraph\">Han pasado nada m\u00e1s y nada menos que 50 a\u00f1os desde que <a href=\"https:\/\/www.mujerhoy.com\/celebrities\/marta-ortega-amancio-zara-ataque-millonarios-reino-unido-polemica-impuestos-20250811230219-nt.html\" title=\"www.mujerhoy.com\" data-voc-vtm-id=\"in-text-traffic\" data-mrf-link=\"www.mujerhoy.com\">Amancio Ortega<\/a> fund\u00f3 en <strong>A Coru\u00f1a<\/strong> la firma que cambiar\u00eda sus vidas. Desde 1975, el empresario celebra \u00e9xitos, aperturas, lanzamientos de nuevas firmas y un patrimonio millonario. Ahora, a cargo de su hija <strong>Marta Ortega<\/strong>, <a href=\"https:\/\/www.mujerhoy.com\/moda\/no-te-pierdas\/novedades-zara-blusas-botines-otono-20250901014018-nt.html\" title=\"www.mujerhoy.com\" data-voc-vtm-id=\"in-text-traffic\" data-mrf-link=\"www.mujerhoy.com\">Zara <\/a>vive un momento de vitalidad y emoci\u00f3n en el que las colaboraciones con estrellas de todos los sectores son su hilo conductor.<\/p>\n<p class=\"voc-paragraph\">Como no pod\u00eda ser de otra forma, este especial aniversario era digno de ser celebrado. Entre todas sus acciones, destaca la \u00faltima: una colaboraci\u00f3n de 50 piezas creadas por diferentes celebridades de todo el mundo, que van desde ropa hasta accesorios, pasando por objetos de decoraci\u00f3n e incluso muebles. Todo vale en esta muestra en la que han participado modelos como <strong>Kate Moss<\/strong>, cantantes como <strong>Rosalia<\/strong>, directores de cine como <strong>Pedro Almod\u00f3var<\/strong> o <strong>Luca Guadgnino<\/strong> o fot\u00f3grafos como <strong>David Bailey, David Sims, Annie Leibovitz<\/strong> o <strong>Mario Sorrenti;<\/strong> entre muchos otros creativos.<\/p>\n<div class=\"v-c-cmp v-c-cmp--t1 \">\n<div class=\"v-cmp-rld v-cmp-rld--2 \">\n<div class=\"v-cnt-m v-cnt-m--m\">\n<div class=\"v-cnt-m__c\">\n<div class=\"v-cnt-m__w v-cnt-m__w--1\">\n<p class=\"v-cnt-m__t\">\nTAMBI\u00c9N TE INTERESA\n<\/p>\n<\/div>\n<\/div>\n<\/div>\n<div class=\"v-g v-g--2-c v-g--bdr-min-xs\">\n<div class=\"v-g__c \">\n<article class=\"v-a v-a--cmp-rld v-a--cmp-rld-2 v-a--p-l\">\n<div class=\"v-a-img-c\">\n<figure class=\"v-a-fig\">\n<a href=\"https:\/\/www.mujerhoy.com\/moda\/no-te-pierdas\/zara-nuevo-vestido-camisa-blanca-zapatos-basicos-otono-20250929071709-nt.html#vtm_modulosEngag=mod-rel:moda:noticia:1:cmp:2-not\" class=\"v-a-link\" title=\"Las novedades de Zara de la semana: camisas blancas con encaje, vestidos de estilo oriental y zapatos todoterreno\"><br \/>\n<img loading=\"lazy\" class=\"v-a-img\" src=\"http:\/\/cordobainforma.info\/wp-content\/uploads\/2025\/09\/kate-moss-rosalia-almodovar-zara-invita-a-50-artistas-a-crear-una-coleccion-de-objetos-muy-especial-1.jpg\" alt=\"Las novedades de Zara de la semana: camisas blancas con encaje, vestidos de estilo oriental y zapatos todoterreno\"><br \/>\n<\/a><br \/>\n<\/figure>\n<\/div>\n<\/article>\n<\/div>\n<div class=\"v-g__c \">\n<article class=\"v-a v-a--cmp-rld v-a--cmp-rld-2 v-a--p-l\">\n<div class=\"v-a-img-c\">\n<figure class=\"v-a-fig\">\n<a href=\"https:\/\/www.mujerhoy.com\/vivir\/decoracion\/zara-home-nuevo-favoritos-marta-ortega-piezas-baratas-cristal-20250924154035-nt.html#vtm_modulosEngag=mod-rel:moda:noticia:2:cmp:2-not\" class=\"v-a-link\" title=\"Zara Home lanza la nueva colecci\u00f3n que aman Marta Ortega y tu abuela: de una f\u00e1brica del siglo XVIII y con lista de espera\"><br \/>\n<img loading=\"lazy\" class=\"v-a-img\" src=\"http:\/\/cordobainforma.info\/wp-content\/uploads\/2025\/09\/kate-moss-rosalia-almodovar-zara-invita-a-50-artistas-a-crear-una-coleccion-de-objetos-muy-especial-2.jpg\" alt=\"Zara Home lanza la nueva colecci\u00f3n que aman Marta Ortega y tu abuela: de una f\u00e1brica del siglo XVIII y con lista de espera\"><br \/>\n<\/a><br \/>\n<\/figure>\n<\/div>\n<\/article>\n<\/div>\n<\/div>\n<\/div>\n<\/div>\n<p class=\"voc-paragraph\">\u00abEs un honor que estos artistas hayan elegido celebrar nuestro aniversario con nosotros de esta manera. Cada uno de ellos es referente en su campo por su imaginaci\u00f3n, innovaci\u00f3n e integridad. Comparten las mismas pasiones que Zara ha tenido desde el principio: la calidad y el disfrute por el dise\u00f1o\u00bb, asegura la presidenta no ejecutiva del grupo, <strong>Marta Ortega P\u00e9rez.<\/strong><\/p>\n<p class=\"voc-paragraph\">La lista completa de participantes est\u00e1 compuesta por: Alex de Betak, Anna Sui, Annie Leibovitz, Axel Vervoordt, Beka Gvishiani, C\u00e9dric Grolet, Charlotte Rampling, Christy Turlington, Cindy Crawford, Craig McDean, David Bailey, David Chipperfield, David Sims, Es Devlin, Ezra Petronio, Fabien Baron, Guido Palau, Harry Lambert, Javier Vallhonrat, Karl Templer, Karlie Kloss, Kasing Lung, Kate Moss, Leslie Zhang, Linda Evangelista, Luca Guadagnino, Ludovic de Saint Sernin, M&amp;M Paris, Marc Newson, Mario Sorrenti, Naomi Campbell, Narciso Rodriguez, Nick Knight, Norman Foster, Paolo Roversi, Pat McGrath, Pedro Almod\u00f3var, Philip Treacy, Pierpaolo Piccioli, Pieter Mulier, Ramdane Touhami, Robbie Williams, Rosal\u00eda, Samuel Ross, Sarah Andelman, Sterling Ruby, Steven Meisel, Tim Walker y Vincent Van Duysen.<\/p>\n<p class=\"voc-paragraph\">Sin embargo, m\u00e1s all\u00e1 de ser una colecci\u00f3n m\u00e1s de la firma, est\u00e1 pensada de forma ben\u00e9fica, pues todos los beneficios que surjan de la misma ir\u00e1n destiandos a Women&#8217;s Earth Alliance, una organizaci\u00f3n sin \u00e1nimo de lucro que protege el medioambiente mediante el empoderamiento femenino. La muestra estar\u00e1 disponible a partir del pr\u00f3ximo 6 de octubre, pero aqu\u00ed te dejamos nuestra selecci\u00f3n de favoritos.<\/p>\n<div class=\"v-c-cmp v-c-cmp--s\">\n<div class=\"v-cmp-m \">\n<article class=\"v-a v-a--cmp-m v-c-cmp--m-z\">\n<div class=\"v-a-img-c \">\n<div class=\"v-a-fig\">\n<button class=\"v-a-link\" popovertarget=\"photo-653\"><br \/>\n<img loading=\"lazy\" src=\"http:\/\/cordobainforma.info\/wp-content\/uploads\/2025\/09\/kate-moss-rosalia-almodovar-zara-invita-a-50-artistas-a-crear-una-coleccion-de-objetos-muy-especial-3.jpg\" class=\"v-a-img\" width=\"650\" height=\"650\" alt=\"Ceniceros de Kate Moss para Zara.\" data-voc-vtm-id=\"in-text-traffic\"> <\/button><figcaption class=\"v-fc\">\n<span class=\"v-fc__t\"><br \/>\nCeniceros de Kate Moss para Zara.<br \/>\n<\/span><br \/>\n<span class=\"v-fc__p\"><br \/>\nD.R.<br \/>\n<\/span><br \/>\n<\/figcaption><\/div>\n<\/div>\n<div id=\"photo-653\" popover class=\"v-mdl v-mdl--fw\">\n<button class=\"v-x\" popovertarget=\"photo-653\" popovertargetaction=\"hide\"><br \/>\n<span class=\"v-i\"><br \/>\n<svg width=\"24\" height=\"23.996\" viewBox=\"0 0 24 23.996\">\n<path data-name=\"Uni\u00f3n 29\" d=\"M12,14.03,2.031,24,0,21.963,9.968,12,0,2.033,2.031,0,12,9.966,21.969,0,24,2.033,14.032,12,24,21.963,21.969,24Z\" \/>\n<\/svg><br \/>\n<\/span><br \/>\n<\/button><\/p>\n<div class=\"v-mdl__c\">\n<div class=\"v-mdl__w\">\n<img loading=\"lazy\" src=\"http:\/\/cordobainforma.info\/wp-content\/uploads\/2025\/09\/kate-moss-rosalia-almodovar-zara-invita-a-50-artistas-a-crear-una-coleccion-de-objetos-muy-especial-3.jpg\" class=\"v-mdl__img-z\" width=\"650\" height=\"650\" alt>\n<\/div>\n<\/div>\n<\/div>\n<p><span class=\"v-bdp\"><\/span><br \/>\n<\/article>\n<\/div>\n<\/div>\n<p><h3 class=\"v-cmp-suh\">\nKate Moss<br \/>\n<\/h3>\n<\/p>\n<p class=\"voc-paragraph\">La supermodelo brit\u00e1nica no solo ha desfilado para las firmas m\u00e1s prestigiosas de la industria o dise\u00f1ado junto a Zara la colecci\u00f3n m\u00e1s boho. Tambi\u00e9n ha creado los ceniceros de inspiraci\u00f3n vintage m\u00e1s exquisitos que cualquier amante de lo antiguo y del buen gusto deear\u00eda tener en casa.<\/p>\n<div class=\"v-c-cmp v-c-cmp--s\">\n<div class=\"v-cmp-m \">\n<article class=\"v-a v-a--cmp-m v-c-cmp--m-z\">\n<div class=\"v-a-img-c \">\n<div class=\"v-a-fig\">\n<button class=\"v-a-link\" popovertarget=\"photo-605\"><br \/>\n<img loading=\"lazy\" src=\"http:\/\/cordobainforma.info\/wp-content\/uploads\/2025\/09\/kate-moss-rosalia-almodovar-zara-invita-a-50-artistas-a-crear-una-coleccion-de-objetos-muy-especial-4.jpg\" class=\"v-a-img\" width=\"650\" height=\"650\" alt=\"Zapatillas de pelo de Rosal\u00eda.\" data-voc-vtm-id=\"in-text-traffic\"> <\/button><figcaption class=\"v-fc\">\n<span class=\"v-fc__t\"><br \/>\nZapatillas de pelo de Rosal\u00eda.<br \/>\n<\/span><br \/>\n<span class=\"v-fc__p\"><br \/>\nD.R.<br \/>\n<\/span><br \/>\n<\/figcaption><\/div>\n<\/div>\n<div id=\"photo-605\" popover class=\"v-mdl v-mdl--fw\">\n<button class=\"v-x\" popovertarget=\"photo-605\" popovertargetaction=\"hide\"><br \/>\n<span class=\"v-i\"><br \/>\n<svg width=\"24\" height=\"23.996\" viewBox=\"0 0 24 23.996\">\n<path data-name=\"Uni\u00f3n 29\" d=\"M12,14.03,2.031,24,0,21.963,9.968,12,0,2.033,2.031,0,12,9.966,21.969,0,24,2.033,14.032,12,24,21.963,21.969,24Z\" \/>\n<\/svg><br \/>\n<\/span><br \/>\n<\/button><\/p>\n<div class=\"v-mdl__c\">\n<div class=\"v-mdl__w\">\n<img loading=\"lazy\" src=\"http:\/\/cordobainforma.info\/wp-content\/uploads\/2025\/09\/kate-moss-rosalia-almodovar-zara-invita-a-50-artistas-a-crear-una-coleccion-de-objetos-muy-especial-4.jpg\" class=\"v-mdl__img-z\" width=\"650\" height=\"650\" alt>\n<\/div>\n<\/div>\n<\/div>\n<p><span class=\"v-bdp\"><\/span><br \/>\n<\/article>\n<\/div>\n<\/div>\n<p><h3 class=\"v-cmp-suh\">\nRosal\u00eda<br \/>\n<\/h3>\n<\/p>\n<p class=\"voc-paragraph\">La cantante espa\u00f1ola adora las prendas exc\u00e9ntricas y el exceso, por eso unas zapatillas de pelo no pod\u00edan ser mejor idea en esta colecci\u00f3n que permite la libertad por encima de todas las cosas. Celebrar el 50\u00ba aniversario de Zara, s\u00ed, siempre y cuando te sientas como en casa.<\/p>\n<div class=\"v-c-cmp v-c-cmp--s\">\n<div class=\"v-cmp-m \">\n<article class=\"v-a v-a--cmp-m v-c-cmp--m-z\">\n<div class=\"v-a-img-c \">\n<div class=\"v-a-fig\">\n<button class=\"v-a-link\" popovertarget=\"photo-107\"><br \/>\n<img loading=\"lazy\" src=\"http:\/\/cordobainforma.info\/wp-content\/uploads\/2025\/09\/kate-moss-rosalia-almodovar-zara-invita-a-50-artistas-a-crear-una-coleccion-de-objetos-muy-especial-5.jpg\" class=\"v-a-img\" width=\"650\" height=\"650\" alt=\"Camiseta de Almod\u00f3var para Zara.\" data-voc-vtm-id=\"in-text-traffic\"> <\/button><figcaption class=\"v-fc\">\n<span class=\"v-fc__t\"><br \/>\nCamiseta de Almod\u00f3var para Zara.<br \/>\n<\/span><br \/>\n<span class=\"v-fc__p\"><br \/>\nD.R.<br \/>\n<\/span><br \/>\n<\/figcaption><\/div>\n<\/div>\n<div id=\"photo-107\" popover class=\"v-mdl v-mdl--fw\">\n<button class=\"v-x\" popovertarget=\"photo-107\" popovertargetaction=\"hide\"><br \/>\n<span class=\"v-i\"><br \/>\n<svg width=\"24\" height=\"23.996\" viewBox=\"0 0 24 23.996\">\n<path data-name=\"Uni\u00f3n 29\" d=\"M12,14.03,2.031,24,0,21.963,9.968,12,0,2.033,2.031,0,12,9.966,21.969,0,24,2.033,14.032,12,24,21.963,21.969,24Z\" \/>\n<\/svg><br \/>\n<\/span><br \/>\n<\/button><\/p>\n<div class=\"v-mdl__c\">\n<div class=\"v-mdl__w\">\n<img loading=\"lazy\" src=\"http:\/\/cordobainforma.info\/wp-content\/uploads\/2025\/09\/kate-moss-rosalia-almodovar-zara-invita-a-50-artistas-a-crear-una-coleccion-de-objetos-muy-especial-5.jpg\" class=\"v-mdl__img-z\" width=\"650\" height=\"650\" alt>\n<\/div>\n<\/div>\n<\/div>\n<p><span class=\"v-bdp\"><\/span><br \/>\n<\/article>\n<\/div>\n<\/div>\n<p><h3 class=\"v-cmp-suh\">\nPedro Almod\u00f3var<br \/>\n<\/h3>\n<\/p>\n<p class=\"voc-paragraph\">Si junt\u00e1ramos todas las portadas de las pel\u00edculas del reconocido director de cine espa\u00f1ol y las convirti\u00e9ramos en un dibujo en una camiseta, probablemente saldr\u00eda siempre algo muy parecido a la que Almod\u00f3var acaba de lanzar junto a Zara. Simplemente kitsch.<\/p>\n<div class=\"v-c-cmp v-c-cmp--s\">\n<div class=\"v-cmp-m \">\n<article class=\"v-a v-a--cmp-m v-c-cmp--m-z\">\n<div class=\"v-a-img-c \">\n<div class=\"v-a-fig\">\n<button class=\"v-a-link\" popovertarget=\"photo-808\"><br \/>\n<img loading=\"lazy\" src=\"http:\/\/cordobainforma.info\/wp-content\/uploads\/2025\/09\/kate-moss-rosalia-almodovar-zara-invita-a-50-artistas-a-crear-una-coleccion-de-objetos-muy-especial-6.jpg\" class=\"v-a-img\" width=\"650\" height=\"650\" alt=\"Jersey de Zara con dise\u00f1o de Luca Guadagnino.\" data-voc-vtm-id=\"in-text-traffic\"> <\/button><figcaption class=\"v-fc\">\n<span class=\"v-fc__t\"><br \/>\nJersey de Zara con dise\u00f1o de Luca Guadagnino.<br \/>\n<\/span><br \/>\n<span class=\"v-fc__p\"><br \/>\nD.R.<br \/>\n<\/span><br \/>\n<\/figcaption><\/div>\n<\/div>\n<div id=\"photo-808\" popover class=\"v-mdl v-mdl--fw\">\n<button class=\"v-x\" popovertarget=\"photo-808\" popovertargetaction=\"hide\"><br \/>\n<span class=\"v-i\"><br \/>\n<svg width=\"24\" height=\"23.996\" viewBox=\"0 0 24 23.996\">\n<path data-name=\"Uni\u00f3n 29\" d=\"M12,14.03,2.031,24,0,21.963,9.968,12,0,2.033,2.031,0,12,9.966,21.969,0,24,2.033,14.032,12,24,21.963,21.969,24Z\" \/>\n<\/svg><br \/>\n<\/span><br \/>\n<\/button><\/p>\n<div class=\"v-mdl__c\">\n<div class=\"v-mdl__w\">\n<img loading=\"lazy\" src=\"http:\/\/cordobainforma.info\/wp-content\/uploads\/2025\/09\/kate-moss-rosalia-almodovar-zara-invita-a-50-artistas-a-crear-una-coleccion-de-objetos-muy-especial-6.jpg\" class=\"v-mdl__img-z\" width=\"650\" height=\"650\" alt>\n<\/div>\n<\/div>\n<\/div>\n<p><span class=\"v-bdp\"><\/span><br \/>\n<\/article>\n<\/div>\n<\/div>\n<p><h3 class=\"v-cmp-suh\">\nLuca Guadagnino<br \/>\n<\/h3>\n<\/p>\n<p class=\"voc-paragraph\">Entre cineastas internacionales, Luca Guadagnino no pod\u00eda faltar: el italiano ha inmortalizado un perro adorable en su apuesta para el 50\u00ba aniversario de Zara y es imposible que no conquiste a todos los amantes de los animales.<\/p>\n<div class=\"v-c-cmp v-c-cmp--s\">\n<div class=\"v-cmp-m \">\n<article class=\"v-a v-a--cmp-m v-c-cmp--m-z\">\n<div class=\"v-a-img-c \">\n<div class=\"v-a-fig\">\n<button class=\"v-a-link\" popovertarget=\"photo-780\"><br \/>\n<img loading=\"lazy\" src=\"http:\/\/cordobainforma.info\/wp-content\/uploads\/2025\/09\/kate-moss-rosalia-almodovar-zara-invita-a-50-artistas-a-crear-una-coleccion-de-objetos-muy-especial-7.jpg\" class=\"v-a-img\" width=\"650\" height=\"650\" alt=\"Neceser de Karlie Kloss para Zara.\" data-voc-vtm-id=\"in-text-traffic\"> <\/button><figcaption class=\"v-fc\">\n<span class=\"v-fc__t\"><br \/>\nNeceser de Karlie Kloss para Zara.<br \/>\n<\/span><br \/>\n<span class=\"v-fc__p\"><br \/>\nD.R.<br \/>\n<\/span><br \/>\n<\/figcaption><\/div>\n<\/div>\n<div id=\"photo-780\" popover class=\"v-mdl v-mdl--fw\">\n<button class=\"v-x\" popovertarget=\"photo-780\" popovertargetaction=\"hide\"><br \/>\n<span class=\"v-i\"><br \/>\n<svg width=\"24\" height=\"23.996\" viewBox=\"0 0 24 23.996\">\n<path data-name=\"Uni\u00f3n 29\" d=\"M12,14.03,2.031,24,0,21.963,9.968,12,0,2.033,2.031,0,12,9.966,21.969,0,24,2.033,14.032,12,24,21.963,21.969,24Z\" \/>\n<\/svg><br \/>\n<\/span><br \/>\n<\/button><\/p>\n<div class=\"v-mdl__c\">\n<div class=\"v-mdl__w\">\n<img loading=\"lazy\" src=\"http:\/\/cordobainforma.info\/wp-content\/uploads\/2025\/09\/kate-moss-rosalia-almodovar-zara-invita-a-50-artistas-a-crear-una-coleccion-de-objetos-muy-especial-7.jpg\" class=\"v-mdl__img-z\" width=\"650\" height=\"650\" alt>\n<\/div>\n<\/div>\n<\/div>\n<p><span class=\"v-bdp\"><\/span><br \/>\n<\/article>\n<\/div>\n<\/div>\n<p><h3 class=\"v-cmp-suh\">\nKarlie Kloss<br \/>\n<\/h3>\n<\/p>\n<p class=\"voc-paragraph\">Una de las modelos con mayor perspicacia en esta colecci\u00f3n ha sido Karlie Kloss, que ha reinventado en un neceser la frase &#8216;en caso de emergencia&#8217;, a trav\u00e9s de un juego de palabras con su apellido. Seguro que en ese neceser puedes llevar todo lo necesario en caso de emergencia.<\/p>\n<div class=\"v-c-cmp v-c-cmp--s\">\n<div class=\"v-cmp-m \">\n<article class=\"v-a v-a--cmp-m v-c-cmp--m-z\">\n<div class=\"v-a-img-c \">\n<div class=\"v-a-fig\">\n<button class=\"v-a-link\" popovertarget=\"photo-625\"><br \/>\n<img loading=\"lazy\" src=\"http:\/\/cordobainforma.info\/wp-content\/uploads\/2025\/09\/kate-moss-rosalia-almodovar-zara-invita-a-50-artistas-a-crear-una-coleccion-de-objetos-muy-especial-8.jpg\" class=\"v-a-img\" width=\"650\" height=\"650\" alt=\"Tabla de Surf de Pierpaolo Piccioli para Zara.\" data-voc-vtm-id=\"in-text-traffic\"> <\/button><figcaption class=\"v-fc\">\n<span class=\"v-fc__t\"><br \/>\nTabla de Surf de Pierpaolo Piccioli para Zara.<br \/>\n<\/span><br \/>\n<span class=\"v-fc__p\"><br \/>\nD.R.<br \/>\n<\/span><br \/>\n<\/figcaption><\/div>\n<\/div>\n<div id=\"photo-625\" popover class=\"v-mdl v-mdl--fw\">\n<button class=\"v-x\" popovertarget=\"photo-625\" popovertargetaction=\"hide\"><br \/>\n<span class=\"v-i\"><br \/>\n<svg width=\"24\" height=\"23.996\" viewBox=\"0 0 24 23.996\">\n<path data-name=\"Uni\u00f3n 29\" d=\"M12,14.03,2.031,24,0,21.963,9.968,12,0,2.033,2.031,0,12,9.966,21.969,0,24,2.033,14.032,12,24,21.963,21.969,24Z\" \/>\n<\/svg><br \/>\n<\/span><br \/>\n<\/button><\/p>\n<div class=\"v-mdl__c\">\n<div class=\"v-mdl__w\">\n<img loading=\"lazy\" src=\"http:\/\/cordobainforma.info\/wp-content\/uploads\/2025\/09\/kate-moss-rosalia-almodovar-zara-invita-a-50-artistas-a-crear-una-coleccion-de-objetos-muy-especial-8.jpg\" class=\"v-mdl__img-z\" width=\"650\" height=\"650\" alt>\n<\/div>\n<\/div>\n<\/div>\n<p><span class=\"v-bdp\"><\/span><br \/>\n<\/article>\n<\/div>\n<\/div>\n<p><h3 class=\"v-cmp-suh\">\nPierpaolo Piccioli<br \/>\n<\/h3>\n<\/p>\n<p class=\"voc-paragraph\">Adem\u00e1s de dise\u00f1ar el vestido de novia de Marta Ortega, haber revitalizado Valentino y ahora liderar la creatividad de la casa Balenciaga, Pierpaolo Piccioli tambi\u00e9n dise\u00f1a para Zara. Su propuesta es una tabla de surf en rosa chill\u00f3n, tal vez en homenaje a aquel desfile que dise\u00f1\u00f3 para Valentino por completo en el mismo rosa.<\/p>\n<div class=\"v-c-cmp v-c-cmp--s\">\n<div class=\"v-cmp-m \">\n<article class=\"v-a v-a--cmp-m v-c-cmp--m-z\">\n<div class=\"v-a-img-c \">\n<div class=\"v-a-fig\">\n<button class=\"v-a-link\" popovertarget=\"photo-546\"><br \/>\n<img loading=\"lazy\" src=\"http:\/\/cordobainforma.info\/wp-content\/uploads\/2025\/09\/kate-moss-rosalia-almodovar-zara-invita-a-50-artistas-a-crear-una-coleccion-de-objetos-muy-especial-9.jpg\" class=\"v-a-img\" width=\"650\" height=\"650\" alt=\"Espejo de Robbie Williams para Zara.\" data-voc-vtm-id=\"in-text-traffic\"> <\/button><figcaption class=\"v-fc\">\n<span class=\"v-fc__t\"><br \/>\nEspejo de Robbie Williams para Zara.<br \/>\n<\/span><br \/>\n<span class=\"v-fc__p\"><br \/>\nD.R.<br \/>\n<\/span><br \/>\n<\/figcaption><\/div>\n<\/div>\n<div id=\"photo-546\" popover class=\"v-mdl v-mdl--fw\">\n<button class=\"v-x\" popovertarget=\"photo-546\" popovertargetaction=\"hide\"><br \/>\n<span class=\"v-i\"><br \/>\n<svg width=\"24\" height=\"23.996\" viewBox=\"0 0 24 23.996\">\n<path data-name=\"Uni\u00f3n 29\" d=\"M12,14.03,2.031,24,0,21.963,9.968,12,0,2.033,2.031,0,12,9.966,21.969,0,24,2.033,14.032,12,24,21.963,21.969,24Z\" \/>\n<\/svg><br \/>\n<\/span><br \/>\n<\/button><\/p>\n<div class=\"v-mdl__c\">\n<div class=\"v-mdl__w\">\n<img loading=\"lazy\" src=\"http:\/\/cordobainforma.info\/wp-content\/uploads\/2025\/09\/kate-moss-rosalia-almodovar-zara-invita-a-50-artistas-a-crear-una-coleccion-de-objetos-muy-especial-9.jpg\" class=\"v-mdl__img-z\" width=\"650\" height=\"650\" alt>\n<\/div>\n<\/div>\n<\/div>\n<p><span class=\"v-bdp\"><\/span><br \/>\n<\/article>\n<\/div>\n<\/div>\n<p><h3 class=\"v-cmp-suh\">\nRobbie Williams<br \/>\n<\/h3>\n<\/p>\n<p class=\"voc-paragraph\">El rey del positivismo es el cantante Robbie Williams y lo demuestra con este espejo en el que plasma la frase: \u00abpuedes, debes y lo conseguir\u00e1s\u00bb. No podemos estar m\u00e1s de acuerdo con \u00e9l.<\/p>\n<div class=\"v-c-cmp v-c-cmp--s\">\n<div class=\"v-cmp-m \">\n<article class=\"v-a v-a--cmp-m v-c-cmp--m-z\">\n<div class=\"v-a-img-c \">\n<div class=\"v-a-fig\">\n<button class=\"v-a-link\" popovertarget=\"photo-341\"><br \/>\n<img loading=\"lazy\" src=\"http:\/\/cordobainforma.info\/wp-content\/uploads\/2025\/09\/kate-moss-rosalia-almodovar-zara-invita-a-50-artistas-a-crear-una-coleccion-de-objetos-muy-especial-10.jpg\" class=\"v-a-img\" width=\"650\" height=\"650\" alt=\"Silla de Ludovic de Saint Sernin para Zara.\" data-voc-vtm-id=\"in-text-traffic\"> <\/button><figcaption class=\"v-fc\">\n<span class=\"v-fc__t\"><br \/>\nSilla de Ludovic de Saint Sernin para Zara.<br \/>\n<\/span><br \/>\n<span class=\"v-fc__p\"><br \/>\nD.R.<br \/>\n<\/span><br \/>\n<\/figcaption><\/div>\n<\/div>\n<div id=\"photo-341\" popover class=\"v-mdl v-mdl--fw\">\n<button class=\"v-x\" popovertarget=\"photo-341\" popovertargetaction=\"hide\"><br \/>\n<span class=\"v-i\"><br \/>\n<svg width=\"24\" height=\"23.996\" viewBox=\"0 0 24 23.996\">\n<path data-name=\"Uni\u00f3n 29\" d=\"M12,14.03,2.031,24,0,21.963,9.968,12,0,2.033,2.031,0,12,9.966,21.969,0,24,2.033,14.032,12,24,21.963,21.969,24Z\" \/>\n<\/svg><br \/>\n<\/span><br \/>\n<\/button><\/p>\n<div class=\"v-mdl__c\">\n<div class=\"v-mdl__w\">\n<img loading=\"lazy\" src=\"http:\/\/cordobainforma.info\/wp-content\/uploads\/2025\/09\/kate-moss-rosalia-almodovar-zara-invita-a-50-artistas-a-crear-una-coleccion-de-objetos-muy-especial-10.jpg\" class=\"v-mdl__img-z\" width=\"650\" height=\"650\" alt>\n<\/div>\n<\/div>\n<\/div>\n<p><span class=\"v-bdp\"><\/span><br \/>\n<\/article>\n<\/div>\n<\/div>\n<p><h3 class=\"v-cmp-suh\">\nLudovic de Saint Sernin<br \/>\n<\/h3>\n<\/p>\n<p class=\"voc-paragraph\">El creativo Ludovic de Saint Sernin se pasa de la moda a la decoraci\u00f3n y propone esta silla que es digna de descansar en el sal\u00f3n de un arquitecto franc\u00e9s o en el despacho de un dise\u00f1ador en Nueva York.<\/p>\n<div class=\"v-c-cmp v-c-cmp--s\">\n<div class=\"v-cmp-m \">\n<article class=\"v-a v-a--cmp-m v-c-cmp--m-z\">\n<div class=\"v-a-img-c \">\n<div class=\"v-a-fig\">\n<button class=\"v-a-link\" popovertarget=\"photo-299\"><br \/>\n<img loading=\"lazy\" src=\"http:\/\/cordobainforma.info\/wp-content\/uploads\/2025\/09\/kate-moss-rosalia-almodovar-zara-invita-a-50-artistas-a-crear-una-coleccion-de-objetos-muy-especial-11.jpg\" class=\"v-a-img\" width=\"650\" height=\"650\" alt=\"Vestido de Narciso Rodr\u00edguez para Zara.\" data-voc-vtm-id=\"in-text-traffic\"> <\/button><figcaption class=\"v-fc\">\n<span class=\"v-fc__t\"><br \/>\nVestido de Narciso Rodr\u00edguez para Zara.<br \/>\n<\/span><br \/>\n<span class=\"v-fc__p\"><br \/>\nD.R.<br \/>\n<\/span><br \/>\n<\/figcaption><\/div>\n<\/div>\n<div id=\"photo-299\" popover class=\"v-mdl v-mdl--fw\">\n<button class=\"v-x\" popovertarget=\"photo-299\" popovertargetaction=\"hide\"><br \/>\n<span class=\"v-i\"><br \/>\n<svg width=\"24\" height=\"23.996\" viewBox=\"0 0 24 23.996\">\n<path data-name=\"Uni\u00f3n 29\" d=\"M12,14.03,2.031,24,0,21.963,9.968,12,0,2.033,2.031,0,12,9.966,21.969,0,24,2.033,14.032,12,24,21.963,21.969,24Z\" \/>\n<\/svg><br \/>\n<\/span><br \/>\n<\/button><\/p>\n<div class=\"v-mdl__c\">\n<div class=\"v-mdl__w\">\n<img loading=\"lazy\" src=\"http:\/\/cordobainforma.info\/wp-content\/uploads\/2025\/09\/kate-moss-rosalia-almodovar-zara-invita-a-50-artistas-a-crear-una-coleccion-de-objetos-muy-especial-11.jpg\" class=\"v-mdl__img-z\" width=\"650\" height=\"650\" alt>\n<\/div>\n<\/div>\n<\/div>\n<p><span class=\"v-bdp\"><\/span><br \/>\n<\/article>\n<\/div>\n<\/div>\n<p><h3 class=\"v-cmp-suh\">\nNarciso Rodr\u00edguez<br \/>\n<\/h3>\n<\/p>\n<p class=\"voc-paragraph\">El vestido de novia de Carolyn Bessette-Kennedy, una colecci\u00f3n completa de inspiraci\u00f3n nupcial para Zara, millones de perfumes vendidos y, ahora, un dise\u00f1o que grita minimalismo noventero para una celebraci\u00f3n por todo lo alto. Narciso Rodr\u00edguez siempre ha sabido hacerlo.<\/p>\n<div class=\"v-c-cmp v-c-cmp--s\">\n<div class=\"v-cmp-m \">\n<article class=\"v-a v-a--cmp-m v-c-cmp--m-z\">\n<div class=\"v-a-img-c \">\n<div class=\"v-a-fig\">\n<button class=\"v-a-link\" popovertarget=\"photo-790\"><br \/>\n<img loading=\"lazy\" src=\"http:\/\/cordobainforma.info\/wp-content\/uploads\/2025\/09\/kate-moss-rosalia-almodovar-zara-invita-a-50-artistas-a-crear-una-coleccion-de-objetos-muy-especial-12.jpg\" class=\"v-a-img\" width=\"650\" height=\"650\" alt=\"Colcha de David Sims para Zara.\" data-voc-vtm-id=\"in-text-traffic\"> <\/button><figcaption class=\"v-fc\">\n<span class=\"v-fc__t\"><br \/>\nColcha de David Sims para Zara.<br \/>\n<\/span><br \/>\n<span class=\"v-fc__p\"><br \/>\nD.R.<br \/>\n<\/span><br \/>\n<\/figcaption><\/div>\n<\/div>\n<div id=\"photo-790\" popover class=\"v-mdl v-mdl--fw\">\n<button class=\"v-x\" popovertarget=\"photo-790\" popovertargetaction=\"hide\"><br \/>\n<span class=\"v-i\"><br \/>\n<svg width=\"24\" height=\"23.996\" viewBox=\"0 0 24 23.996\">\n<path data-name=\"Uni\u00f3n 29\" d=\"M12,14.03,2.031,24,0,21.963,9.968,12,0,2.033,2.031,0,12,9.966,21.969,0,24,2.033,14.032,12,24,21.963,21.969,24Z\" \/>\n<\/svg><br \/>\n<\/span><br \/>\n<\/button><\/p>\n<div class=\"v-mdl__c\">\n<div class=\"v-mdl__w\">\n<img loading=\"lazy\" src=\"http:\/\/cordobainforma.info\/wp-content\/uploads\/2025\/09\/kate-moss-rosalia-almodovar-zara-invita-a-50-artistas-a-crear-una-coleccion-de-objetos-muy-especial-12.jpg\" class=\"v-mdl__img-z\" width=\"650\" height=\"650\" alt>\n<\/div>\n<\/div>\n<\/div>\n<p><span class=\"v-bdp\"><\/span><br \/>\n<\/article>\n<\/div>\n<\/div>\n<p><h3 class=\"v-cmp-suh\">\nDavid Sims<br \/>\n<\/h3>\n<\/p>\n<p class=\"voc-paragraph\">Dormir en las nubes. Probablemente en eso estaba pensando el fot\u00f3grafo de moda brit\u00e1nico cuando Zara le propuso crear cualquier cosa para esta colecci\u00f3n tan especial. El resultado son dos juegos de s\u00e1banas inspirados en las nubes que invitan a dormir en cualquier momento del d\u00eda.<\/p>\n<div class=\"v-c-cmp v-c-cmp--t1 \">\n<div class=\"v-cmp-rld v-cmp-rld--2 \">\n<div class=\"v-cnt-m v-cnt-m--m\">\n<div class=\"v-cnt-m__c\">\n<div class=\"v-cnt-m__w v-cnt-m__w--1\">\n<p class=\"v-cnt-m__t\">\nTAMBI\u00c9N TE INTERESA\n<\/p>\n<\/div>\n<\/div>\n<\/div>\n<div class=\"v-g v-g--2-c v-g--bdr-min-xs\">\n<div class=\"v-g__c \">\n<article class=\"v-a v-a--cmp-rld v-a--cmp-rld-2 v-a--p-l\">\n<div class=\"v-a-img-c\">\n<figure class=\"v-a-fig\">\n<a href=\"https:\/\/www.mujerhoy.com\/moda\/no-te-pierdas\/basicos-zara-vestido-midi-camisa-blanca-nuevo-20250818014111-nt.html#vtm_modulosEngag=mod-rel:moda:noticia:1:cmp:2-not\" class=\"v-a-link\" title=\"Las compras de Zara de la semana: vestidos espectaculares, bolsos de hombro y otras compras de entretiempo\"><br \/>\n<img loading=\"lazy\" class=\"v-a-img\" src=\"http:\/\/cordobainforma.info\/wp-content\/uploads\/2025\/09\/kate-moss-rosalia-almodovar-zara-invita-a-50-artistas-a-crear-una-coleccion-de-objetos-muy-especial-13.jpg\" alt=\"Las compras de Zara de la semana: vestidos espectaculares, bolsos de hombro y otras compras de entretiempo\"><br \/>\n<\/a><br \/>\n<\/figure>\n<\/div>\n<\/article>\n<\/div>\n<div class=\"v-g__c \">\n<article class=\"v-a v-a--cmp-rld v-a--cmp-rld-2 v-a--p-l\">\n<div class=\"v-a-img-c\">\n<figure class=\"v-a-fig\">\n<a href=\"https:\/\/www.mujerhoy.com\/moda\/no-te-pierdas\/zara-rebaja-blusa-llevaran-madrilenas-trabajo-septiembre-20250830095033-nt.html#vtm_modulosEngag=mod-rel:moda:noticia:2:cmp:2-not\" class=\"v-a-link\" title=\"Zara rebaja la blusa que llevar\u00e1n las madrile\u00f1as al trabajo en septiembre\"><br \/>\n<img loading=\"lazy\" class=\"v-a-img\" src=\"http:\/\/cordobainforma.info\/wp-content\/uploads\/2025\/09\/kate-moss-rosalia-almodovar-zara-invita-a-50-artistas-a-crear-una-coleccion-de-objetos-muy-especial-14.jpg\" alt=\"Zara rebaja la blusa que llevar\u00e1n las madrile\u00f1as al trabajo en septiembre\"><br \/>\n<\/a><br \/>\n<\/figure>\n<\/div>\n<\/article>\n<\/div>\n<\/div>\n<\/div>\n<\/div>\n","protected":false},"excerpt":{"rendered":"<p>Paula Pe\u00f1a Publicado \u00b7 29 de septiembre de 2025, 17:34 h Han pasado nada m\u00e1s y nada menos que 50 a\u00f1os desde que Amancio Ortega fund\u00f3 en A Coru\u00f1a la firma que cambiar\u00eda sus vidas. Desde 1975, el empresario celebra \u00e9xitos, aperturas, lanzamientos de nuevas firmas y un patrimonio millonario. Ahora, a cargo de su [&hellip;]<\/p>\n","protected":false},"author":1,"featured_media":169924,"comment_status":"closed","ping_status":"closed","sticky":false,"template":"","format":"standard","meta":[],"categories":[24],"tags":[],"_links":{"self":[{"href":"http:\/\/cordobainforma.info\/index.php\/wp-json\/wp\/v2\/posts\/169923"}],"collection":[{"href":"http:\/\/cordobainforma.info\/index.php\/wp-json\/wp\/v2\/posts"}],"about":[{"href":"http:\/\/cordobainforma.info\/index.php\/wp-json\/wp\/v2\/types\/post"}],"author":[{"embeddable":true,"href":"http:\/\/cordobainforma.info\/index.php\/wp-json\/wp\/v2\/users\/1"}],"replies":[{"embeddable":true,"href":"http:\/\/cordobainforma.info\/index.php\/wp-json\/wp\/v2\/comments?post=169923"}],"version-history":[{"count":0,"href":"http:\/\/cordobainforma.info\/index.php\/wp-json\/wp\/v2\/posts\/169923\/revisions"}],"wp:featuredmedia":[{"embeddable":true,"href":"http:\/\/cordobainforma.info\/index.php\/wp-json\/wp\/v2\/media\/169924"}],"wp:attachment":[{"href":"http:\/\/cordobainforma.info\/index.php\/wp-json\/wp\/v2\/media?parent=169923"}],"wp:term":[{"taxonomy":"category","embeddable":true,"href":"http:\/\/cordobainforma.info\/index.php\/wp-json\/wp\/v2\/categories?post=169923"},{"taxonomy":"post_tag","embeddable":true,"href":"http:\/\/cordobainforma.info\/index.php\/wp-json\/wp\/v2\/tags?post=169923"}],"curies":[{"name":"wp","href":"https:\/\/api.w.org\/{rel}","templated":true}]}}