{"id":169911,"date":"2025-09-29T14:41:40","date_gmt":"2025-09-29T14:41:40","guid":{"rendered":"http:\/\/cordobainforma.info\/index.php\/2025\/09\/29\/gustavo-valdes-viaja-a-chubut-para-iniciar-la-campana-electoral-con-el-bloque-provincias-unidas\/"},"modified":"2025-09-29T14:41:40","modified_gmt":"2025-09-29T14:41:40","slug":"gustavo-valdes-viaja-a-chubut-para-iniciar-la-campana-electoral-con-el-bloque-provincias-unidas","status":"publish","type":"post","link":"http:\/\/cordobainforma.info\/index.php\/2025\/09\/29\/gustavo-valdes-viaja-a-chubut-para-iniciar-la-campana-electoral-con-el-bloque-provincias-unidas\/","title":{"rendered":"Gustavo Vald\u00e9s viaja a Chubut para iniciar la campa\u00f1a electoral con el bloque \u00abProvincias Unidas\u00bb"},"content":{"rendered":"<div class=\"media_block\"><\/div>\n<div><img src=\"http:\/\/cordobainforma.info\/wp-content\/uploads\/2025\/09\/gustavo-valdes-viaja-a-chubut-para-iniciar-la-campana-electoral-con-el-bloque-provincias-unidas.jpg\" class=\"ff-og-image-inserted\"><\/div>\n<p>El gobernador de <strong>Corrientes<\/strong>, <strong>Gustavo Vald\u00e9s<\/strong>, viajar\u00e1 despu\u00e9s del mediod\u00eda de este lunes a <strong>Chubut<\/strong> para participar de un nuevo encuentro del bloque \u00abProvincias Unidas\u00bb. La reuni\u00f3n, que se llevar\u00e1 a cabo el martes en Puerto Madryn, marca el inicio de la campa\u00f1a de un espacio que busca posicionarse como una fuerte <strong>oposici\u00f3n<\/strong> a las pol\u00edticas del Gobierno nacional.<\/p>\n<p class=\"destacadoNota\"><a target=\"_blank\" href=\"https:\/\/www.perfil.com\/noticias\/nea\/gustavo-valdes-con-provincias-unidas-estoy-cansado-de-que-me-atiendan-funcionarios-de-tercera-linea-en-buenos-aires.phtml\" rel=\"noopener noreferrer\"><strong>Gustavo Vald\u00e9s, con \u00abProvincias Unidas\u00bb: \u00abQueremos respuestas concretas y una Argentina diferente\u201d<\/strong><\/a><\/p>\n<p>El encuentro ser\u00e1 con el gobernador anfitri\u00f3n, <strong>Ignacio Torres<\/strong>, y contar\u00e1 con la presencia de <strong>Carlos Sadir<\/strong> (Jujuy), <strong>Maximiliano Pullaro<\/strong> (Santa Fe) y <strong>Mart\u00edn Llaryora<\/strong> (C\u00f3rdoba). Asimismo, participar\u00e1 <strong>Juan Schiaretti<\/strong>, se\u00f1alado como uno de los principales impulsores del bloque, mientras que el gobernador de Santa Cruz, Claudio Vidal, no ser\u00e1 parte de esta instancia.<\/p>\n<h2><strong>Una agenda federal con miras a la polarizaci\u00f3n<\/strong><\/h2>\n<p>La agenda de \u00abProvincias Unidas\u00bb busca consolidar un espacio pluralista y con un marcado <strong>sello federal<\/strong>. El objetivo es atraer a vertientes pol\u00edticas que manifiesten su desacuerdo con las decisiones de Naci\u00f3n, a la vez que se exhiben como una opci\u00f3n real y diferente a la polarizaci\u00f3n entre el kirchnerismo y <strong>La Libertad Avanza<\/strong>.<\/p>\n<p>La jornada del martes comenzar\u00e1 a las 11 en el edificio del boulevard Almirante Brown, seguida de un acto central a las 11.30 en el Hotel Rayentray. Est\u00e1 prevista una conferencia de prensa con transmisi\u00f3n en vivo y un posterior almuerzo privado entre los mandatarios.<\/p>\n<p class=\"destacadoNota\"><a target=\"_blank\" href=\"https:\/\/www.perfil.com\/noticias\/nea\/eduardo-vischi-adelanto-una-posible-visita-del-ministro-del-interior-a-corrientes-para-recomponer-la-relacion-con-nacion.phtml\" rel=\"noopener noreferrer\"><strong>Eduardo Vischi adelant\u00f3 una posible visita del ministro del Interior a Corrientes para \u00abrecomponer la relaci\u00f3n\u00bb con Naci\u00f3n<\/strong><\/a><\/p>\n<p>Adem\u00e1s, los gobernadores visitar\u00e1n la planta de <strong>Aluar<\/strong>, donde conversar\u00e1n con las autoridades. El bloque busca, de acuerdo a lo expresado por <strong>Ignacio Torres<\/strong>, defender la <strong>industria nacional<\/strong> con ideas desarrollistas.<\/p>\n<h2><strong>El desaf\u00edo de seducir a otros actores<\/strong><\/h2>\n<p>\u00abProvincias Unidas\u00bb tiene en agenda futuros encuentros en <strong>Jujuy<\/strong> y en la Ciudad Aut\u00f3noma de Buenos Aires, con el objetivo de reforzar su territorialidad y captar la atenci\u00f3n de otros actores pol\u00edticos. La consolidaci\u00f3n de este espacio depender\u00e1 en gran medida del resultado de las pr\u00f3ximas elecciones de octubre.<\/p>\n<div class=\"article__tags\">\n<p>En esta Nota<\/p>\n<\/p><\/div>\n","protected":false},"excerpt":{"rendered":"<p>El gobernador de Corrientes, Gustavo Vald\u00e9s, viajar\u00e1 despu\u00e9s del mediod\u00eda de este lunes a Chubut para participar de un nuevo encuentro del bloque \u00abProvincias Unidas\u00bb. La reuni\u00f3n, que se llevar\u00e1 a cabo el martes en Puerto Madryn, marca el inicio de la campa\u00f1a de un espacio que busca posicionarse como una fuerte oposici\u00f3n a las [&hellip;]<\/p>\n","protected":false},"author":1,"featured_media":169912,"comment_status":"closed","ping_status":"closed","sticky":false,"template":"","format":"standard","meta":[],"categories":[2],"tags":[],"_links":{"self":[{"href":"http:\/\/cordobainforma.info\/index.php\/wp-json\/wp\/v2\/posts\/169911"}],"collection":[{"href":"http:\/\/cordobainforma.info\/index.php\/wp-json\/wp\/v2\/posts"}],"about":[{"href":"http:\/\/cordobainforma.info\/index.php\/wp-json\/wp\/v2\/types\/post"}],"author":[{"embeddable":true,"href":"http:\/\/cordobainforma.info\/index.php\/wp-json\/wp\/v2\/users\/1"}],"replies":[{"embeddable":true,"href":"http:\/\/cordobainforma.info\/index.php\/wp-json\/wp\/v2\/comments?post=169911"}],"version-history":[{"count":0,"href":"http:\/\/cordobainforma.info\/index.php\/wp-json\/wp\/v2\/posts\/169911\/revisions"}],"wp:featuredmedia":[{"embeddable":true,"href":"http:\/\/cordobainforma.info\/index.php\/wp-json\/wp\/v2\/media\/169912"}],"wp:attachment":[{"href":"http:\/\/cordobainforma.info\/index.php\/wp-json\/wp\/v2\/media?parent=169911"}],"wp:term":[{"taxonomy":"category","embeddable":true,"href":"http:\/\/cordobainforma.info\/index.php\/wp-json\/wp\/v2\/categories?post=169911"},{"taxonomy":"post_tag","embeddable":true,"href":"http:\/\/cordobainforma.info\/index.php\/wp-json\/wp\/v2\/tags?post=169911"}],"curies":[{"name":"wp","href":"https:\/\/api.w.org\/{rel}","templated":true}]}}