{"id":169857,"date":"2025-09-29T08:11:55","date_gmt":"2025-09-29T08:11:55","guid":{"rendered":"https:\/\/www.clarin.com\/deportes\/alex-barrena-mayor-ascenso-ano-ranking-atp-profesionales-pegan-bien-pelota-cambia-cabeza_0_lSnWntgWOJ.html"},"modified":"2025-09-29T08:11:55","modified_gmt":"2025-09-29T08:11:55","slug":"alex-barrena-el-mayor-ascenso-del-ano-en-el-ranking-atp-todos-los-profesionales-le-pegan-bien-a-la-pelota-lo-que-cambia-es-la-cabeza","status":"publish","type":"post","link":"http:\/\/cordobainforma.info\/index.php\/2025\/09\/29\/alex-barrena-el-mayor-ascenso-del-ano-en-el-ranking-atp-todos-los-profesionales-le-pegan-bien-a-la-pelota-lo-que-cambia-es-la-cabeza\/","title":{"rendered":"Alex Barrena, el mayor ascenso del a\u00f1o en el ranking ATP: \u00abTodos los profesionales le pegan bien a la pelota, lo que cambia es la cabeza\u00bb"},"content":{"rendered":"<p><img src=\"http:\/\/cordobainforma.info\/wp-content\/uploads\/2025\/09\/alex-barrena-el-mayor-ascenso-del-ano-en-el-ranking-atp-todos-los-profesionales-le-pegan-bien-a-la-pelota-lo-que-cambia-es-la-cabeza.jpg\"><\/p>\n<div class=\"sc-45461e9c-0 eqiBeF container-text text-embed \" id=\"element-body-0\" readability=\"61\">\n<p>La derrota de <strong>Alex Barrena<\/strong> ante<strong> Rom\u00e1n Burruchaga<\/strong> (7-6 [4] y 6-3 en una hora y 43 minutos) en la final del <strong>Challenger de Buenos Aires <\/strong>no apaga el veloz ascenso de este joven de 22 a\u00f1os, quien cumplir\u00e1 los 23 el pr\u00f3ximo 10 de octubre y ven\u00eda de caer en la definici\u00f3n del torneo de Villa Mar\u00eda. Es el hombre del momento en el circuito que conforma el segundo escal\u00f3n del ATP <em>tour<\/em>.<\/p>\n<\/div>\n<div class=\"sc-45461e9c-0 eqiBeF container-text text-embed \" id=\"element-body-1\" readability=\"63\">\n<p>Consigui\u00f3 este a\u00f1o 28 de las 35 victorias que lleva acumuladas en su carrera, se alz\u00f3 con el t\u00edtulo tambi\u00e9n en los torneos de San Miguel de Tucum\u00e1n (abril) y Santa Cruz de la Sierra (junio) y <strong>subi\u00f3 ya 395 lugares en el ranking esta temporada,<\/strong> m\u00e1s que ning\u00fan otro tenista que haya arrancado el 2025 entre los 600 primeros del mundo, para instalarse en el <strong>puesto 170<\/strong>. Est\u00e1 en el mejor momento de su vida ten\u00edstica. No hace falta pregunt\u00e1rselo.<\/p>\n<\/div>\n<div class=\"sc-45461e9c-0 eqiBeF container-text text-embed \" id=\"element-body-2\" readability=\"57\">\n<p><strong>-\u00bfC\u00f3mo se explica semejante salto en tu carrera?<\/strong><\/p>\n<\/div>\n<div class=\"sc-45461e9c-0 eqiBeF container-text text-embed \" id=\"element-body-3\" readability=\"68\">\n<p>-Mejor\u00e9 mucho el saque, me estoy moviendo mejor, estoy m\u00e1s encima de la bola, que es muy importante. Pero todo pasa por lo mental, sin dudas. Los golpes ya los ten\u00eda. Todos los profesionales juegan bien, todos le pegan bien a la pelota. Lo que cambia es la cabeza y cuando est\u00e1s bien de la cabeza, los resultados se empiezan a dar. Tambi\u00e9n hay un tema de maduraci\u00f3n. Se trabajan muchas cosas con el psic\u00f3logo, que es muy importante, pero a la vez es un proceso madurativo que a unos les lleva m\u00e1s tiempo que a otros.<\/p>\n<\/div>\n<p><iframe width=\"560\" height=\"315\" src=\"https:\/\/www.youtube.com\/embed\/7Ndy9M_S55w?si=kRqVJjt_uc7CVdiE\" title=\"YouTube video player\" frameborder=\"0\" allow=\"accelerometer; autoplay; clipboard-write; encrypted-media; gyroscope; picture-in-picture; web-share\" referrerpolicy=\"strict-origin-when-cross-origin\" allowfullscreen>[embedded content]<\/iframe><\/p>\n<div class=\"sc-45461e9c-0 eqiBeF container-text text-embed \" id=\"element-body-5\" readability=\"57\">\n<p><strong>-\u00bfY en qu\u00e9 aspecto cre\u00e9s que todav\u00eda ten\u00e9s mucho por mejorar para seguir escalando?<\/strong><\/p>\n<\/div>\n<div class=\"sc-45461e9c-0 eqiBeF container-text text-embed \" id=\"element-body-6\" readability=\"65\">\n<p>-La regularidad. Quiero tratar de ser m\u00e1s estable, no tener tantos altibajos. Muchas veces juego un set muy bueno y despu\u00e9s tengo dos o tres <em>games <\/em>en los que bajo. Es importante mantener la constancia durante tres horas, por lo menos, para lograr los resultados que uno quiere. \u00bfC\u00f3mo se logra eso? Es enfocarse en uno, pensar qu\u00e9 est\u00e1 haciendo mal y qu\u00e9 puede mejorar para salir de ese bucle negativo, no estar todo el tiempo pensando en el rival.<\/p>\n<\/div>\n<div class=\"sc-45461e9c-0 eqiBeF container-text text-embed \" id=\"element-body-7\" readability=\"59\">\n<p><strong>-Se suele decir que lo m\u00e1s importante no es llegar, sino sostenerse. \u00bfEsa regularidad es lo m\u00e1s dif\u00edcil de conseguir para un tenista?<\/strong><\/p>\n<\/div>\n<div class=\"sc-45461e9c-0 eqiBeF container-text text-embed \" id=\"element-body-8\" readability=\"65\">\n<p>-S\u00ed, porque est\u00e1 muy parejo todo. Los Challenger, especialmente, son muy parejos. Cualquiera le puede ganar a cualquiera, cualquiera puede perder en primera. Eso es lo m\u00e1s duro de este nivel. Igual, tambi\u00e9n pasa en ATP. A veces se ven resultados at\u00edpicos por el hecho de que est\u00e1 muy parejo el nivel.<\/p>\n<\/div>\n<div class=\"sc-45461e9c-0 eqiBeF container-text text-embed \" id=\"element-body-9\" readability=\"57\">\n<p><strong>-Te est\u00e1s acercando al <em>top <\/em>100. \u00bfSuperaste las expectativas que ten\u00edas para este a\u00f1o?<\/strong><\/p>\n<\/div>\n<div class=\"sc-45461e9c-0 eqiBeF container-text text-embed \" id=\"element-body-10\" readability=\"63\">\n<p>-Este crecimiento es algo que nos propusimos con mi equipo de trabajo a principio de a\u00f1o, pero el objetivo no era terminar dentro del <em>top <\/em>100, sino jugar todo un a\u00f1o sano, que no lo pude hacer nunca en mi carrera. Eso es lo m\u00e1s positivo de esta temporada, m\u00e1s all\u00e1 de los resultados.<\/p>\n<\/div>\n<div class=\"sc-45461e9c-0 eqiBeF container-text text-embed \" id=\"element-body-11\" readability=\"57\">\n<p><strong>-\u00bfCu\u00e1les fueron las lesiones m\u00e1s importantes que tuviste?<\/strong><\/p>\n<\/div>\n<div class=\"sc-45461e9c-0 eqiBeF container-text text-embed \" id=\"element-body-12\" readability=\"60\">\n<p>-Entre fines del 2021 y principios del 2022 estuve ocho meses sin jugar porque me hab\u00eda salido un edema entre la costilla y el cart\u00edlago. Despu\u00e9s, el a\u00f1o pasado estuve fracturado de la espalda y qued\u00e9 seis meses afuera. Tambi\u00e9n me fisur\u00e9 una costilla. Todas lesiones por estr\u00e9s.<\/p>\n<\/div>\n<div class=\"sc-45461e9c-0 eqiBeF container-text text-embed \" id=\"element-body-13\" readability=\"60\">\n<p><strong>-Hablabas antes de un cambio que hiciste a nivel mental: \u00bfte ayud\u00f3 tambi\u00e9n a evitar este tipo de lesiones generadas, como vos dec\u00eds, por estr\u00e9s y as\u00ed poder jugar con mayor regularidad?<\/strong><\/p>\n<\/div>\n<div class=\"sc-45461e9c-0 eqiBeF container-text text-embed \" id=\"element-body-14\" readability=\"61\">\n<p>-Si, obvio. Estar m\u00e1s tranquilo de cabeza le hace bien al cuerpo. Hace tiempo que estoy con mi psic\u00f3logo, pero ahora particularmente estamos trabajando en intentar estar tranquilo afuera de la cancha. Eso es importante y se traslada a lo que pasa adentro.<\/p>\n<\/div>\n<div class=\"sc-98b114a2-0 bkqiHH image-embed image-embed \" id=\"element-body-15\"><picture class=\"sc-98b114a2-1 jRUlDm\"><source media=\"(min-width: 975px)\" width=\"720\" height=\"480\" srcset=\"http:\/\/cordobainforma.info\/wp-content\/uploads\/2025\/09\/alex-barrena-el-mayor-ascenso-del-ano-en-el-ranking-atp-todos-los-profesionales-le-pegan-bien-a-la-pelota-lo-que-cambia-es-la-cabeza-2.jpg\"><img alt=\"Alex Barrena disput\u00f3 por primera vez el cuadro principal del Challenger de Bs. As. Foto: Gonzalo Collini\" loading=\"eager\" width=\"720\" height=\"480\" decoding=\"async\" data-nimg=\"1\" src=\"http:\/\/cordobainforma.info\/wp-content\/uploads\/2025\/09\/alex-barrena-el-mayor-ascenso-del-ano-en-el-ranking-atp-todos-los-profesionales-le-pegan-bien-a-la-pelota-lo-que-cambia-es-la-cabeza-2.jpg\"><span class=\"epigraphe\">Alex Barrena disput\u00f3 por primera vez el cuadro principal del Challenger de Bs. As. Foto: Gonzalo Collini<\/span><span class=\"picture-open\"><button class=\"open-image\" aria-label=\"Open Image\"><\/button><\/span><\/picture><\/div>\n<div class=\"sc-45461e9c-0 eqiBeF container-text text-embed \" id=\"element-body-16\" readability=\"62\">\n<p>No se van a encontrar videos de <strong>Alex Barrena<\/strong> golpeando la pelota de ni\u00f1o en alg\u00fan club de la Ciudad de Buenos Aires, donde naci\u00f3 y se cri\u00f3, ni tampoco el testimonio de alg\u00fan viejo entrenador de la infancia refiri\u00e9ndose a \u00e9l como una futura estrella del tenis o como un talento especial. Simplemente eso no existe.<\/p>\n<\/div>\n<div class=\"sc-45461e9c-0 eqiBeF container-text text-embed \" id=\"element-body-17\" readability=\"66\">\n<p><strong>\u201cArranqu\u00e9 a jugar de muy chico, cuando ten\u00eda 14 meses, pero no me lo tom\u00e9 como algo profesional hasta los 18 a\u00f1os. <\/strong>Jugaba dos veces por semana, tambi\u00e9n hac\u00eda f\u00fatbol, me divert\u00eda. Nada m\u00e1s.<strong> <\/strong>Despu\u00e9s, s\u00ed tom\u00e9 la decisi\u00f3n de empezar a jugar profesionalmente\u201d, detall\u00f3 quien se form\u00f3 en el club <strong>Gimnasia y Esgrima de Buenos Aires<\/strong> (GEBA). Su participaci\u00f3n en los torneos de Menores de la Asociaci\u00f3n Argentina de Tenis (AAT) era recurrente y sum\u00f3 \u00e9xitos en la etapa juvenil que lo llev\u00f3 hasta los cuartos de final de <strong>Roland Garros <\/strong>Junior en 2020.<\/p>\n<\/div>\n<div class=\"sc-45461e9c-0 eqiBeF container-text text-embed \" id=\"element-body-18\" readability=\"57\">\n<p><strong>-\u00bfQu\u00e9 recuerdos guard\u00e1s de Roland Garros? \u00bfFue ah\u00ed cuando te sentiste tenista por primera vez?<\/strong><\/p>\n<\/div>\n<div class=\"sc-45461e9c-0 eqiBeF container-text text-embed \" id=\"element-body-19\" readability=\"62\">\n<p>-Si, obvio, est\u00e1s ah\u00ed con todos los jugadores y es hermoso. Tambi\u00e9n fue un poco raro porque me toc\u00f3 en el a\u00f1o de la pandemia y nos hac\u00edan testeos todo el tiempo. Era complicado, pero a la vez el torneo estuvo muy lindo.<\/p>\n<\/div>\n<div class=\"sc-45461e9c-0 eqiBeF container-text text-embed \" id=\"element-body-20\">\n<p><strong>-\u00bfY el US Open?<\/strong><\/p>\n<\/div>\n<div class=\"sc-45461e9c-0 eqiBeF container-text text-embed \" id=\"element-body-21\" readability=\"64\">\n<p>-Una locura. Fue una emoci\u00f3n muy grande la de jugar mi primer <em>qualy <\/em>de Grand Slam (NdR: perdi\u00f3 en el debut ante el belga Kimmer Coppejans por 6-4, 6-7 y 6-3) con toda la gente apoyando, el estadio explotado. A eso no hay con que darle. Muy t\u00edpico de Estados Unidos todo el show, el ruido, toda la gente gritando. Hermoso realmente.<\/p>\n<\/div>\n<div class=\"sc-45461e9c-0 eqiBeF container-text text-embed \" id=\"element-body-22\" readability=\"58\">\n<p><strong>-\u00bfSo\u00f1\u00e1s con volver ah\u00ed, a esos grandes torneos y que se haga algo frecuente para vos?<\/strong><\/p>\n<\/div>\n<div class=\"sc-45461e9c-0 eqiBeF container-text text-embed \" id=\"element-body-23\" readability=\"65\">\n<p>-Si, pero voy de a poco. Primero, quiero terminar bien el a\u00f1o. Quedan un par de torneos, sobre todo de la gira de Sudam\u00e9rica, que es la m\u00e1s linda (NdR: se presentar\u00e1 esta semana en el Challenger de Antofagasta, Chile). Creo que pude hacer un muy buen papel hasta ahora en el a\u00f1o y espero seguir de esa manera.<\/p>\n<\/div>\n<div class=\"sc-45461e9c-0 eqiBeF container-text text-embed \" id=\"element-body-24\" readability=\"57\">\n<p><strong>-\u00bfY para el a\u00f1o que viene?<\/strong><\/p>\n<\/div>\n<div class=\"sc-45461e9c-0 eqiBeF container-text text-embed \" id=\"element-body-25\" readability=\"64\">\n<p>-Como dije, el principal objetivo es poder jugar todos los torneos, como este a\u00f1o, y no tener ning\u00fan tipo de lesi\u00f3n. Obviamente que me gustar\u00eda saltar al <em>top <\/em>100, competir en ATP, pero no me pongo objetivo de ranking actualmente. Paso a paso.<\/p>\n<\/div>\n","protected":false},"excerpt":{"rendered":"<p>La derrota de Alex Barrena ante Rom\u00e1n Burruchaga (7-6 [4] y 6-3 en una hora y 43 minutos) en la final del Challenger de Buenos Aires no apaga el veloz ascenso de este joven de 22 a\u00f1os, quien cumplir\u00e1 los 23 el pr\u00f3ximo 10 de octubre y ven\u00eda de caer en la definici\u00f3n del torneo [&hellip;]<\/p>\n","protected":false},"author":1,"featured_media":169858,"comment_status":"closed","ping_status":"closed","sticky":false,"template":"","format":"standard","meta":[],"categories":[20],"tags":[],"_links":{"self":[{"href":"http:\/\/cordobainforma.info\/index.php\/wp-json\/wp\/v2\/posts\/169857"}],"collection":[{"href":"http:\/\/cordobainforma.info\/index.php\/wp-json\/wp\/v2\/posts"}],"about":[{"href":"http:\/\/cordobainforma.info\/index.php\/wp-json\/wp\/v2\/types\/post"}],"author":[{"embeddable":true,"href":"http:\/\/cordobainforma.info\/index.php\/wp-json\/wp\/v2\/users\/1"}],"replies":[{"embeddable":true,"href":"http:\/\/cordobainforma.info\/index.php\/wp-json\/wp\/v2\/comments?post=169857"}],"version-history":[{"count":0,"href":"http:\/\/cordobainforma.info\/index.php\/wp-json\/wp\/v2\/posts\/169857\/revisions"}],"wp:featuredmedia":[{"embeddable":true,"href":"http:\/\/cordobainforma.info\/index.php\/wp-json\/wp\/v2\/media\/169858"}],"wp:attachment":[{"href":"http:\/\/cordobainforma.info\/index.php\/wp-json\/wp\/v2\/media?parent=169857"}],"wp:term":[{"taxonomy":"category","embeddable":true,"href":"http:\/\/cordobainforma.info\/index.php\/wp-json\/wp\/v2\/categories?post=169857"},{"taxonomy":"post_tag","embeddable":true,"href":"http:\/\/cordobainforma.info\/index.php\/wp-json\/wp\/v2\/tags?post=169857"}],"curies":[{"name":"wp","href":"https:\/\/api.w.org\/{rel}","templated":true}]}}