{"id":169853,"date":"2025-09-29T08:53:47","date_gmt":"2025-09-29T08:53:47","guid":{"rendered":"https:\/\/somoscordobeses.com\/2025\/09\/29\/montse-tome-tras-su-cese-en-la-seleccion-siento-tranquilidad-porque-se-que-por-mi-rendimiento-en-el-trabajo-no-ha-sido\/"},"modified":"2025-09-29T08:53:47","modified_gmt":"2025-09-29T08:53:47","slug":"montse-tome-tras-su-cese-en-la-seleccion-siento-tranquilidad-porque-se-que-por-mi-rendimiento-en-el-trabajo-no-ha-sido","status":"publish","type":"post","link":"http:\/\/cordobainforma.info\/index.php\/2025\/09\/29\/montse-tome-tras-su-cese-en-la-seleccion-siento-tranquilidad-porque-se-que-por-mi-rendimiento-en-el-trabajo-no-ha-sido\/","title":{"rendered":"Montse Tom\u00e9, tras su cese en la selecci\u00f3n: \u00abSiento tranquilidad porque s\u00e9 que por mi rendimiento en el trabajo no ha sido\u00bb"},"content":{"rendered":"<div><img src=\"http:\/\/cordobainforma.info\/wp-content\/uploads\/2025\/09\/montse-tome-tras-su-cese-en-la-seleccion-siento-tranquilidad-porque-se-que-por-mi-rendimiento-en-el-trabajo-no-ha-sido.jpg\" class=\"ff-og-image-inserted\"><\/div>\n<p><strong>-Despu\u00e9s de m\u00e1s de un mes desde su salida, \u00bfc\u00f3mo lo ha digerido? \u00bfLo ve desde otra perspectiva?<\/strong><\/p>\n<p>-Bueno, sigo pensando lo mismo sobre c\u00f3mo se realiz\u00f3 el fin del seguir en federaci\u00f3n, pero obviamente no tienes las mismas emociones en cuanto a lo que sent\u00edas ah\u00ed. Ahora ha podido pasar un mes, siempre me he sentido agradecida a los siete a\u00f1os que he estado con todas las personas que he compartido, con las jugadoras, porque esto para m\u00ed ha sido un aprendizaje brutal, unos a\u00f1os de trabajo a un nivel muy alto, y esto s\u00e9 que me va a servir para el presente y para el futuro, con los resultados que hemos dejado y que esta selecci\u00f3n ha tenido y se merece seguramente seguir haciendo. Entonces, bueno, me siento m\u00e1s tranquila, con ganas ya, viendo hacia d\u00f3nde poder tirar, d\u00f3nde enfocar el tiempo y bien.<\/p>\n<p><strong>-Se sobreentiende que su cese no fue por los resultados deportivos. \u00bfCree que tuvo m\u00e1s que ver con la pol\u00e9mica en torno a Jenni Hermoso y con el hecho de no haberla convocado?<\/strong><\/p>\n<p>-Bueno, yo siento tranquilidad porque s\u00e9 que por mi rendimiento en el trabajo no ha sido. Y esto como entrenadora te hace tener una paz interior, que es lo que me lleva a poder pensar en el futuro con foco, con optimismo y sabiendo que lo que hemos hecho ah\u00ed ha sido un gran trabajo y hemos dado todo. Luego, las decisiones que se han tomado yo no lo s\u00e9. La direcci\u00f3n que hay ahora es quien ha decidido esto y hay que respetarlo. Ellos tendr\u00e1n su criterio y yo tengo que seguir mi camino.<\/p>\n<p><strong>-Cuando dieron por terminada la etapa de Jorge Vilda, \u00bfc\u00f3mo recibi\u00f3 el hecho de convertirse en la seleccionadora?<\/strong><\/p>\n<p>-Bueno, terminamos en un momento dif\u00edcil, por todo lo que estaba sucediendo, hab\u00edamos sido campeonas del mundo y era de lo que menos hablaba. Yo tuve claro en posicionarme con la jugadora entonces. Me tom\u00e9 como un reto ser seleccionadora en ese momento tan complicado, donde a nivel de estructura la federaci\u00f3n estaba en un momento muy inestable. Pens\u00e9 en lo que yo pod\u00eda controlar como entrenadora. Gracias a mi staff conseguimos poder hacer un equipo, que es lo que queda a d\u00eda de hoy, y acompa\u00f1arlo con resultados, que esto es fruto del trabajo.<\/p>\n<p><strong>-\u00bfSinti\u00f3 presi\u00f3n en aquel momento?<\/strong><\/p>\n<p>-Sent\u00eda responsabilidad por conseguir los objetivos. He estado en los siete a\u00f1os pero estos dos \u00faltimos en primera plana, es totalmente diferente y te obliga quiz\u00e1s m\u00e1s a saber que el trabajo tiene que salir bien. Conoc\u00eda muy bien al equipo, sab\u00eda qu\u00e9 era lo que necesitaba, sab\u00eda por d\u00f3nde pod\u00edamos encauzar el trabajo y sent\u00eda responsabilidad. Y he trabajado con naturalidad, profesionalidad y he dedicado todo mi tiempo a la selecci\u00f3n. Esto ha sido lo que se ha visto en la Eurocopa, en la Nations, lo que se ha visto en todas las competiciones que hemos jugado.<\/p>\n<p><strong>-\u00bfC\u00f3mo fue la relaci\u00f3n con las jugadoras y c\u00f3mo reaccionaron al saber que no seguir\u00eda como su entrenadora?<\/strong><\/p>\n<p>-A veces ha habido ese ruido de que si las jugadoras no se han pronunciado sobre mi salida. Creo que yo siempre he estado por encima de lo que se ha comentado. He podido hablar con ellas por tel\u00e9fono, otras me escriben mensajes. Hace unos d\u00edas fui a Inglaterra a ver partidos, qued\u00e9 con alguna de ellas. Ha sido una relaci\u00f3n profesional donde yo me he sentido totalmente respetada, me he sentido muy querida por ellas.<\/p>\n<p><strong>-\u00bfA ellas tambi\u00e9n les sorprendi\u00f3 su salida?<\/strong><\/p>\n<p>-S\u00ed, eso es lo que me transmit\u00edan muchas de ellas. Yo lo que creo de esto es que la direcci\u00f3n que est\u00e1 ahora es quien ha tomado la decisi\u00f3n y esto es lo que hay a d\u00eda de hoy.<\/p>\n<p><strong>-\u00bfQu\u00e9 opini\u00f3n tiene sobre la nueva entrenadora de la selecci\u00f3n?<\/strong><\/p>\n<p>-Bueno, no la conozco tanto porque todav\u00eda no ha tenido la experiencia en la \u00e9lite para poder valorarla. Ahora tienen una competici\u00f3n por delante como es la final de la Nations, que es una final que hemos conseguido nosotras con el grupo que ten\u00edamos, que no era f\u00e1cil. Tiene un equipo para poder ser campe\u00f3n y espero que les vaya todo fenomenal.<\/p>\n<p><strong>-\u00bfHa cumplido el sue\u00f1o que ten\u00eda de ni\u00f1a al llegar a seleccionadora?<\/strong><\/p>\n<p>-Quiz\u00e1s ni siquiera lo so\u00f1aba, creo que la vida me ha ido llevando. Siempre tuve claro que el f\u00fatbol me apasionaba; lo supe desde que era jugadora, porque era lo que me mov\u00eda. Luego lleg\u00f3 la oportunidad de entrenar en la \u00e9lite, algo que tambi\u00e9n ha sido una suerte, y ah\u00ed me di cuenta de que esto es lo que realmente me gusta. Los caminos los he ido peleando y la vida me fue colocando en este lugar, que siento como el m\u00edo. Ahora lo que pienso es en seguir trabajando para estar en otro equipo, con objetivos ambiciosos y ganas de ganar, ya sea femenino o masculino, y poder seguir progresando en este mundo que me apasiona y que est\u00e1 en constante evoluci\u00f3n.<\/p>\n<p><strong>-\u00bfTanto en Espa\u00f1a como fuera?<\/strong><\/p>\n<p>-S\u00ed, por supuesto. A nivel internacional creo que todav\u00eda van varios pasos por delante de nosotros, sobre todo en lo que se refiere a ligas. La inglesa, la estadounidense, la francesa \u2013que est\u00e1 mejorando mucho\u2013 o la alemana son un buen ejemplo; solo hay que ver c\u00f3mo se viven esos campeonatos en los estadios. La nuestra ha ido evolucionando y este a\u00f1o ha sido, sin duda, la liga m\u00e1s competida, pero a nivel internacional todav\u00eda nos sacan ventaja. Ah\u00ed es donde tengo que poner el foco y seguir buscando cu\u00e1l es la mejor opci\u00f3n para crecer.<\/p>\n<p><strong>-Si pudiera so\u00f1ar a lo grande, \u00bfqu\u00e9 reto le apetecer\u00eda m\u00e1s?<\/strong><\/p>\n<p>-Me gusta todo, todo lo que me lleve a estar en un reto de nivel alto, que sea un club o una selecci\u00f3n, que sea un equipo competitivo, un equipo que nos pueda desarrollar, que podamos exigir que est\u00e9 en un buen nivel y que podamos conseguir grandes objetivos.<\/p>\n<p><strong>-Ahora colabora como comentarista en televisi\u00f3n. \u00bfC\u00f3mo est\u00e1 viviendo esa experiencia?<\/strong><\/p>\n<p>-Bueno, es diferente. Yo tengo muy claro que quiero entrenar. S\u00e9 que mi vocaci\u00f3n es esa y que es lo que me gusta. Pero s\u00ed que desde que sali\u00f3 la noticia de que no continuaba en la selecci\u00f3n he tenido varios medios que se pusieron en contacto conmigo para poder colaborar con ellos y comentar. He podido estar ahora en Teledeporte y hablar de f\u00fatbol. Yo creo que al final da igual, femenino o masculino. Me gust\u00f3 la primera toma de contacto y seguiremos repitiendo y aprendiendo.<\/p>\n<p><strong>-\u00bfD\u00f3nde se pasa peor, en el banquillo o narrando?<\/strong><\/p>\n<p>-Bueno, yo creo que como entrenadora. Como jugadora no te enteras porque juegas y no piensas m\u00e1s. Aunque tambi\u00e9n cuesta ser comedida a la hora de narrar, sabes que te est\u00e1 escuchando mucha gente.<\/p>\n<p><strong>-\u00bfQu\u00e9 es lo mejor que se lleva de su experiencia en la selecci\u00f3n?<\/strong><\/p>\n<p>-Me llevo much\u00edsimas cosas, sobre todo c\u00f3mo he evolucionado en estos dos a\u00f1os. Mucha gente me dec\u00eda que no era f\u00e1cil el momento en el que entr\u00e9. No lo fue, pero s\u00ed aprend\u00ed. Me llevo ese aprendizaje, esa toma de decisi\u00f3n en los momentos complicados, salir adelante en la dificultad y poder disfrutar de eso, y sobre todo darme cuenta de que s\u00e9 qu\u00e9 es lo que quiero.<\/p>\n<p><strong>-\u00bfC\u00f3mo definir\u00eda al equipo?<\/strong><\/p>\n<p>-Un equipo que lucha por los objetivos, que es honesto en el trabajo, que es solidario, que compite para ganar, y esto lo hemos logrado entre todos.<\/p>\n<p data-close=\"closedContent\">Suscr\u00edbete para seguir leyendo<\/p>\n","protected":false},"excerpt":{"rendered":"<p>-Despu\u00e9s de m\u00e1s de un mes desde su salida, \u00bfc\u00f3mo lo ha digerido? \u00bfLo ve desde otra perspectiva? -Bueno, sigo pensando lo mismo sobre c\u00f3mo se realiz\u00f3 el fin del seguir en federaci\u00f3n, pero obviamente no tienes las mismas emociones en cuanto a lo que sent\u00edas ah\u00ed. Ahora ha podido pasar un mes, siempre me [&hellip;]<\/p>\n","protected":false},"author":1,"featured_media":169854,"comment_status":"closed","ping_status":"closed","sticky":false,"template":"","format":"standard","meta":[],"categories":[2],"tags":[],"_links":{"self":[{"href":"http:\/\/cordobainforma.info\/index.php\/wp-json\/wp\/v2\/posts\/169853"}],"collection":[{"href":"http:\/\/cordobainforma.info\/index.php\/wp-json\/wp\/v2\/posts"}],"about":[{"href":"http:\/\/cordobainforma.info\/index.php\/wp-json\/wp\/v2\/types\/post"}],"author":[{"embeddable":true,"href":"http:\/\/cordobainforma.info\/index.php\/wp-json\/wp\/v2\/users\/1"}],"replies":[{"embeddable":true,"href":"http:\/\/cordobainforma.info\/index.php\/wp-json\/wp\/v2\/comments?post=169853"}],"version-history":[{"count":0,"href":"http:\/\/cordobainforma.info\/index.php\/wp-json\/wp\/v2\/posts\/169853\/revisions"}],"wp:featuredmedia":[{"embeddable":true,"href":"http:\/\/cordobainforma.info\/index.php\/wp-json\/wp\/v2\/media\/169854"}],"wp:attachment":[{"href":"http:\/\/cordobainforma.info\/index.php\/wp-json\/wp\/v2\/media?parent=169853"}],"wp:term":[{"taxonomy":"category","embeddable":true,"href":"http:\/\/cordobainforma.info\/index.php\/wp-json\/wp\/v2\/categories?post=169853"},{"taxonomy":"post_tag","embeddable":true,"href":"http:\/\/cordobainforma.info\/index.php\/wp-json\/wp\/v2\/tags?post=169853"}],"curies":[{"name":"wp","href":"https:\/\/api.w.org\/{rel}","templated":true}]}}