{"id":169851,"date":"2025-09-29T08:53:54","date_gmt":"2025-09-29T08:53:54","guid":{"rendered":"https:\/\/somoscordobeses.com\/2025\/09\/29\/la-cumbre-concluyeron-las-obras-de-remodelacion-en-la-sala-caraffa\/"},"modified":"2025-09-29T08:53:54","modified_gmt":"2025-09-29T08:53:54","slug":"la-cumbre-concluyeron-las-obras-de-remodelacion-en-la-sala-caraffa","status":"publish","type":"post","link":"http:\/\/cordobainforma.info\/index.php\/2025\/09\/29\/la-cumbre-concluyeron-las-obras-de-remodelacion-en-la-sala-caraffa\/","title":{"rendered":"La Cumbre: concluyeron las obras de remodelaci\u00f3n en la Sala Caraffa"},"content":{"rendered":"<div><img src=\"http:\/\/cordobainforma.info\/wp-content\/uploads\/2025\/09\/la-cumbre-concluyeron-las-obras-de-remodelacion-en-la-sala-caraffa.jpg\" class=\"ff-og-image-inserted\"><\/div>\n<p>La Cumbre. Desde el municipio de La Cumbre informaron que han culminado las obras en la Sala Caraffa, para que puedan disfrutarla vecinos &nbsp;y turistas.<br \/>\u00abTras el proceso de puesta en valor, que incluy\u00f3 la pintura integral del espacio, este importante espacio art\u00edstico de nuestra localidad reabrir\u00e1 sus puertas para albergar una nueva muestra de arte\u00bb, destacaron.&nbsp;<br \/>&nbsp;<\/p>\n","protected":false},"excerpt":{"rendered":"<p>La Cumbre. Desde el municipio de La Cumbre informaron que han culminado las obras en la Sala Caraffa, para que puedan disfrutarla vecinos &nbsp;y turistas.\u00abTras el proceso de puesta en valor, que incluy\u00f3 la pintura integral del espacio, este importante espacio art\u00edstico de nuestra localidad reabrir\u00e1 sus puertas para albergar una nueva muestra de arte\u00bb, [&hellip;]<\/p>\n","protected":false},"author":1,"featured_media":169852,"comment_status":"closed","ping_status":"closed","sticky":false,"template":"","format":"standard","meta":[],"categories":[2],"tags":[],"_links":{"self":[{"href":"http:\/\/cordobainforma.info\/index.php\/wp-json\/wp\/v2\/posts\/169851"}],"collection":[{"href":"http:\/\/cordobainforma.info\/index.php\/wp-json\/wp\/v2\/posts"}],"about":[{"href":"http:\/\/cordobainforma.info\/index.php\/wp-json\/wp\/v2\/types\/post"}],"author":[{"embeddable":true,"href":"http:\/\/cordobainforma.info\/index.php\/wp-json\/wp\/v2\/users\/1"}],"replies":[{"embeddable":true,"href":"http:\/\/cordobainforma.info\/index.php\/wp-json\/wp\/v2\/comments?post=169851"}],"version-history":[{"count":0,"href":"http:\/\/cordobainforma.info\/index.php\/wp-json\/wp\/v2\/posts\/169851\/revisions"}],"wp:featuredmedia":[{"embeddable":true,"href":"http:\/\/cordobainforma.info\/index.php\/wp-json\/wp\/v2\/media\/169852"}],"wp:attachment":[{"href":"http:\/\/cordobainforma.info\/index.php\/wp-json\/wp\/v2\/media?parent=169851"}],"wp:term":[{"taxonomy":"category","embeddable":true,"href":"http:\/\/cordobainforma.info\/index.php\/wp-json\/wp\/v2\/categories?post=169851"},{"taxonomy":"post_tag","embeddable":true,"href":"http:\/\/cordobainforma.info\/index.php\/wp-json\/wp\/v2\/tags?post=169851"}],"curies":[{"name":"wp","href":"https:\/\/api.w.org\/{rel}","templated":true}]}}