{"id":169849,"date":"2025-09-28T11:45:35","date_gmt":"2025-09-28T11:45:35","guid":{"rendered":"https:\/\/somoscordobeses.com\/2025\/09\/28\/cordoba-promociona-turismo-religioso-deportivo-y-cultural-en-la-fit-2025\/"},"modified":"2025-09-28T11:45:35","modified_gmt":"2025-09-28T11:45:35","slug":"cordoba-promociona-turismo-religioso-deportivo-y-cultural-en-la-fit-2025","status":"publish","type":"post","link":"http:\/\/cordobainforma.info\/index.php\/2025\/09\/28\/cordoba-promociona-turismo-religioso-deportivo-y-cultural-en-la-fit-2025\/","title":{"rendered":"C\u00f3rdoba promociona turismo religioso, deportivo y cultural en la FIT 2025"},"content":{"rendered":"<div><img src=\"http:\/\/cordobainforma.info\/wp-content\/uploads\/2025\/09\/cordoba-promociona-turismo-religioso-deportivo-y-cultural-en-la-fit-2025.jpg\" class=\"ff-og-image-inserted\"><\/div>\n<p><strong>La ciudad de C\u00f3rdoba participa desde el 27 y hasta el 30 de septiembre de la 29\u00aa Feria Internacional de Turismo (FIT) en el predio La Rural de Palermo, donde promociona su oferta tur\u00edstica y presenta oficialmente la agenda anual de actividades pensadas para visitantes, empresas y operadores del sector.<\/strong><\/p>\n<p>Con un stand propio, la Capital despliega sus atractivos culturales, religiosos, deportivos y gastron\u00f3micos. Entre las propuestas destacadas figura la presentaci\u00f3n de la iniciativa \u201cC\u00f3rdoba Capital del Deporte\u201d, que se realizar\u00e1 junto a clubes e instituciones del \u00e1mbito deportivo. El espacio de la ciudad tambi\u00e9n forma parte del stand de Turismo Religioso Nacional, con actividades y material para acercar la identidad religiosa cordobesa a los visitantes.<\/p>\n<p>La programaci\u00f3n del stand incluye shows y demostraciones para el p\u00fablico: la presencia especial de Hern\u00e1n Piqu\u00edn y una serie de presentaciones de cocina en vivo a cargo de chefs reconocidos, adem\u00e1s de degustaciones, juegos y sorteos pensados para mostrar la hospitalidad y los sabores locales. La ciudad aprovechar\u00e1 la feria tanto para atraer turistas como para cerrar acuerdos y fortalecer alianzas con el sector privado y organismos nacionales e internacionales.<\/p>\n<p>Durante la jornada del lunes se realizar\u00e1 la presentaci\u00f3n oficial del destino urbano y se desarrollar\u00e1n reuniones estrat\u00e9gicas con operadores y referentes del sector con el objetivo de impulsar la llegada de visitantes y consolidar proyectos vinculados al desarrollo tur\u00edstico local.<\/p>\n<p>La participaci\u00f3n de C\u00f3rdoba en la FIT se enmarca en una estrategia de promoci\u00f3n que combina la visibilidad ante profesionales del turismo y el contacto directo con el p\u00fablico general, con el objetivo de potenciar circuitos urbanos, rutas gastron\u00f3micas, eventos deportivos y opciones de turismo religioso a lo largo del a\u00f1o.<\/p>\n<p>Para m\u00e1s informaci\u00f3n sobre actividades y horarios en el stand, la Secretar\u00eda de Gobierno \u2014 Ciudad de Oportunidades recomend\u00f3 consultar la programaci\u00f3n oficial en el espacio de la FIT o a trav\u00e9s de los canales municipales.<\/p>\n","protected":false},"excerpt":{"rendered":"<p>La ciudad de C\u00f3rdoba participa desde el 27 y hasta el 30 de septiembre de la 29\u00aa Feria Internacional de Turismo (FIT) en el predio La Rural de Palermo, donde promociona su oferta tur\u00edstica y presenta oficialmente la agenda anual de actividades pensadas para visitantes, empresas y operadores del sector. Con un stand propio, la [&hellip;]<\/p>\n","protected":false},"author":1,"featured_media":169850,"comment_status":"closed","ping_status":"closed","sticky":false,"template":"","format":"standard","meta":[],"categories":[2],"tags":[],"_links":{"self":[{"href":"http:\/\/cordobainforma.info\/index.php\/wp-json\/wp\/v2\/posts\/169849"}],"collection":[{"href":"http:\/\/cordobainforma.info\/index.php\/wp-json\/wp\/v2\/posts"}],"about":[{"href":"http:\/\/cordobainforma.info\/index.php\/wp-json\/wp\/v2\/types\/post"}],"author":[{"embeddable":true,"href":"http:\/\/cordobainforma.info\/index.php\/wp-json\/wp\/v2\/users\/1"}],"replies":[{"embeddable":true,"href":"http:\/\/cordobainforma.info\/index.php\/wp-json\/wp\/v2\/comments?post=169849"}],"version-history":[{"count":0,"href":"http:\/\/cordobainforma.info\/index.php\/wp-json\/wp\/v2\/posts\/169849\/revisions"}],"wp:featuredmedia":[{"embeddable":true,"href":"http:\/\/cordobainforma.info\/index.php\/wp-json\/wp\/v2\/media\/169850"}],"wp:attachment":[{"href":"http:\/\/cordobainforma.info\/index.php\/wp-json\/wp\/v2\/media?parent=169849"}],"wp:term":[{"taxonomy":"category","embeddable":true,"href":"http:\/\/cordobainforma.info\/index.php\/wp-json\/wp\/v2\/categories?post=169849"},{"taxonomy":"post_tag","embeddable":true,"href":"http:\/\/cordobainforma.info\/index.php\/wp-json\/wp\/v2\/tags?post=169849"}],"curies":[{"name":"wp","href":"https:\/\/api.w.org\/{rel}","templated":true}]}}