{"id":169812,"date":"2025-09-28T16:20:05","date_gmt":"2025-09-28T16:20:05","guid":{"rendered":"http:\/\/cordobainforma.info\/index.php\/2025\/09\/28\/sin-un-solo-tiro-asi-fue-el-robo-epico-de-un-blindado-de-la-otan-a-los-ucranianos-por-soldados-rusos\/"},"modified":"2025-09-28T16:20:05","modified_gmt":"2025-09-28T16:20:05","slug":"sin-un-solo-tiro-asi-fue-el-robo-epico-de-un-blindado-de-la-otan-a-los-ucranianos-por-soldados-rusos","status":"publish","type":"post","link":"http:\/\/cordobainforma.info\/index.php\/2025\/09\/28\/sin-un-solo-tiro-asi-fue-el-robo-epico-de-un-blindado-de-la-otan-a-los-ucranianos-por-soldados-rusos\/","title":{"rendered":"Sin un solo tiro: as\u00ed fue el &#8216;robo&#8217; \u00e9pico de un blindado de la OTAN a los ucranianos por soldados rusos"},"content":{"rendered":"<p><img src=\"http:\/\/cordobainforma.info\/wp-content\/uploads\/2025\/09\/sin-un-solo-tiro-asi-fue-el-robo-epico-de-un-blindado-de-la-otan-a-los-ucranianos-por-soldados-rusos.jpg\"><\/p>\n<p>Un video&nbsp;en el que se ve&nbsp;una \u00e9pica escena donde&nbsp;varios soldados rusos se apoderan de un blindado canadiense LAV 6 Super Bison de las Fuerzas Armadas de Ucrania&nbsp;se viraliz\u00f3 en las redes a comienzos de junio pasado.<\/p>\n<p>RT encontr\u00f3 a un participante de la &#8216;<a href=\"https:\/\/actualidad.rt.com\/actualidad\/552214-operacion-botin-epico-video-soldados-rusos-blindado-ucraniano\" target=\"_blank\" rel=\"up noopener noreferrer\">operaci\u00f3n bot\u00edn<\/a>&#8216;, el efectivo del Ej\u00e9rcito por contrato Rifat Las\u00fdnov, alias &#8216;\u00d3per&#8217; (en referencia a agente operativo) y originario de la Rep\u00fablica rusa de Bashkortost\u00e1n. La redacci\u00f3n indag\u00f3 c\u00f3mo un exoficial de polic\u00eda de 34 a\u00f1os se convirti\u00f3 en &#8216;ladr\u00f3n&#8217; de blindados de la OTAN.<\/p>\n<p>Rifat se alist\u00f3 en agosto de 2024, durante la <a href=\"https:\/\/actualidad.rt.com\/actualidad\/566121-militar-kiev-ffaa-pagaron-precio-kursk\" target=\"_blank\" rel=\"up noopener noreferrer\">incursi\u00f3n de las tropas de Kiev<\/a>&nbsp;en la provincia rusa de Kursk. \u00abLa decisi\u00f3n fue instant\u00e1nea. Cuando las Fuerzas Armadas de Ucrania entraron en nuestra tierra, <strong>no hubo dudas de ir o no<\/strong>\u00ab, relat\u00f3 Las\u00fdnov. \u00abAqu\u00ed est\u00e1 mi familia, mi pa\u00eds. Entend\u00ed que deb\u00eda estar all\u00ed\u00bb, sostuvo.<\/p>\n<p>En abril de 2025, el expolic\u00eda y sus compa\u00f1eros vieron una oportunidad y la aprovecharon cuando su pelot\u00f3n cumpl\u00eda una misi\u00f3n de combate. \u00abMientras nos est\u00e1bamos replegando, lo vimos: estaba parado un transporte blindado de la OTAN\u00bb, record\u00f3 &#8216;\u00d3per&#8217;. <strong>\u00abNo hab\u00eda nadie en el interior, saltamos adentro y nos fuimos\u00bb<\/strong>.<\/p>\n<div class=\"ReadMore-root Section-root Section-is1to3-xs_is1to1\" data-widgets=\"ReadMore\">\n<div class=\"Section-container Section-isRow-isTop-isWrap\">\n<article class=\"Card-root Card-is1to1 Card-default \">\n<div class=\"Card-imageWrap\">\n<div class=\"Card-picture\"> <picture class=\"Picture-root Picture-default\"><!--[if IE 9]><video style=\"display: none;\"><![endif]--><source media=\"(-webkit-min-device-pixel-ratio: 2) and (min-resolution: 120dpi)\" srcset=\"http:\/\/cordobainforma.info\/wp-content\/uploads\/2025\/09\/sin-un-solo-tiro-asi-fue-el-robo-epico-de-un-blindado-de-la-otan-a-los-ucranianos-por-soldados-rusos-2.jpg 850w, http:\/\/cordobainforma.info\/wp-content\/uploads\/2025\/09\/sin-un-solo-tiro-asi-fue-el-robo-epico-de-un-blindado-de-la-otan-a-los-ucranianos-por-soldados-rusos-3.jpg 1960w\"><source srcset=\"http:\/\/cordobainforma.info\/wp-content\/uploads\/2025\/09\/sin-un-solo-tiro-asi-fue-el-robo-epico-de-un-blindado-de-la-otan-a-los-ucranianos-por-soldados-rusos-2.jpg, https:\/\/actualidad.rt.com\/actualidad\/460, http:\/\/cordobainforma.info\/wp-content\/uploads\/2025\/09\/sin-un-solo-tiro-asi-fue-el-robo-epico-de-un-blindado-de-la-otan-a-los-ucranianos-por-soldados-rusos-3.jpg 980w\"><!--[if IE 9]><\/video><![endif]--><img data-sizes=\"auto\" src=\"http:\/\/cordobainforma.info\/wp-content\/uploads\/2025\/09\/sin-un-solo-tiro-asi-fue-el-robo-epico-de-un-blindado-de-la-otan-a-los-ucranianos-por-soldados-rusos-2.jpg\" class=\"Picture-root Picture-default lazyload\" alt=\"Captura de pantalla\"><\/picture><!-- noscript pattern --><noscript><img src=\"http:\/\/cordobainforma.info\/wp-content\/uploads\/2025\/09\/sin-un-solo-tiro-asi-fue-el-robo-epico-de-un-blindado-de-la-otan-a-los-ucranianos-por-soldados-rusos-3.jpg\" alt=\"Captura de pantalla\"><\/noscript> <\/div><\/div>\n<\/article><\/div><\/div>\n<p>Fue precisamente el oficial bashkiro el que&nbsp;condujo el blindado robado hacia posiciones rusas, sin prestar atenci\u00f3n al soldado ucraniano que lo persegu\u00eda corriendo. El video del &#8216;secuestro&#8217; se hizo viral en las redes y el hombre,<strong>&nbsp;famoso en su peque\u00f1a ciudad de Sib\u00e1i<\/strong>.<\/p>\n<p>\u00abEl equipo fue efectivamente dise\u00f1ado para la OTAN, estaba nuevo, con la silla [del mec\u00e1nico conductor] envuelta en pl\u00e1stico \u2014record\u00f3\u2014. Lo enganch\u00e9, puse la posici\u00f3n &#8216;drive&#8217; y avanc\u00e9\u00bb.<\/p>\n<p>&#8216;\u00d3per&#8217; confes\u00f3 que <strong>no sab\u00eda que la escena hab\u00eda sido grabada a vista de dron<\/strong> y lo descubri\u00f3 cuando el video ya circulaba en las redes. Entonces tambi\u00e9n sus antiguos colegas y los parientes se enteraron de \u00abque se hab\u00eda convertido en &#8216;ladr\u00f3n&#8217; de autos\u00bb, seg\u00fan bromea el propio militar. &nbsp;<\/p>\n<p>Las\u00fdnov forma parte de una compa\u00f1\u00eda de inteligencia que desempe\u00f1a su trabajo hoy en d\u00eda en la provincia de Sumy. Admite que <strong>es el blanco n\u00famero uno para el enemigo<\/strong> en&nbsp;el campo de batalla, porque tiene una estatura de 190 cent\u00edmetros y se lo ve desde lejos.<\/p>\n<p>\u00abUna persona de 160 o 165 cent\u00edmetros, si se acuclilla, se oculta enseguida, mientras que a m\u00ed me ven de todas formas. Pero es un asunto de experiencia y <strong>la experiencia llega de una tirada<\/strong>\u00ab, dijo al corresponsal.<\/p>\n","protected":false},"excerpt":{"rendered":"<p>Un video&nbsp;en el que se ve&nbsp;una \u00e9pica escena donde&nbsp;varios soldados rusos se apoderan de un blindado canadiense LAV 6 Super Bison de las Fuerzas Armadas de Ucrania&nbsp;se viraliz\u00f3 en las redes a comienzos de junio pasado. RT encontr\u00f3 a un participante de la &#8216;operaci\u00f3n bot\u00edn&#8216;, el efectivo del Ej\u00e9rcito por contrato Rifat Las\u00fdnov, alias &#8216;\u00d3per&#8217; [&hellip;]<\/p>\n","protected":false},"author":1,"featured_media":169813,"comment_status":"closed","ping_status":"closed","sticky":false,"template":"","format":"standard","meta":[],"categories":[22],"tags":[],"_links":{"self":[{"href":"http:\/\/cordobainforma.info\/index.php\/wp-json\/wp\/v2\/posts\/169812"}],"collection":[{"href":"http:\/\/cordobainforma.info\/index.php\/wp-json\/wp\/v2\/posts"}],"about":[{"href":"http:\/\/cordobainforma.info\/index.php\/wp-json\/wp\/v2\/types\/post"}],"author":[{"embeddable":true,"href":"http:\/\/cordobainforma.info\/index.php\/wp-json\/wp\/v2\/users\/1"}],"replies":[{"embeddable":true,"href":"http:\/\/cordobainforma.info\/index.php\/wp-json\/wp\/v2\/comments?post=169812"}],"version-history":[{"count":0,"href":"http:\/\/cordobainforma.info\/index.php\/wp-json\/wp\/v2\/posts\/169812\/revisions"}],"wp:featuredmedia":[{"embeddable":true,"href":"http:\/\/cordobainforma.info\/index.php\/wp-json\/wp\/v2\/media\/169813"}],"wp:attachment":[{"href":"http:\/\/cordobainforma.info\/index.php\/wp-json\/wp\/v2\/media?parent=169812"}],"wp:term":[{"taxonomy":"category","embeddable":true,"href":"http:\/\/cordobainforma.info\/index.php\/wp-json\/wp\/v2\/categories?post=169812"},{"taxonomy":"post_tag","embeddable":true,"href":"http:\/\/cordobainforma.info\/index.php\/wp-json\/wp\/v2\/tags?post=169812"}],"curies":[{"name":"wp","href":"https:\/\/api.w.org\/{rel}","templated":true}]}}