{"id":169810,"date":"2025-09-28T16:36:33","date_gmt":"2025-09-28T16:36:33","guid":{"rendered":"http:\/\/cordobainforma.info\/index.php\/2025\/09\/28\/vance-se-pronuncia-sobre-la-posibilidad-de-suministrar-misiles-tomahawk-a-la-otan-para-kiev\/"},"modified":"2025-09-28T16:36:33","modified_gmt":"2025-09-28T16:36:33","slug":"vance-se-pronuncia-sobre-la-posibilidad-de-suministrar-misiles-tomahawk-a-la-otan-para-kiev","status":"publish","type":"post","link":"http:\/\/cordobainforma.info\/index.php\/2025\/09\/28\/vance-se-pronuncia-sobre-la-posibilidad-de-suministrar-misiles-tomahawk-a-la-otan-para-kiev\/","title":{"rendered":"Vance se pronuncia sobre la posibilidad de suministrar misiles Tomahawk a la OTAN para Kiev"},"content":{"rendered":"<p><img src=\"http:\/\/cordobainforma.info\/wp-content\/uploads\/2025\/09\/vance-se-pronuncia-sobre-la-posibilidad-de-suministrar-misiles-tomahawk-a-la-otan-para-kiev.jpg\"><\/p>\n<p>El vicepresidente de EE.UU., J.D. Vance, <a href=\"https:\/\/www.foxnews.com\/video\/6380220428112\" target=\"_blank\" rel=\"noopener noreferrer\">asever\u00f3<\/a> el domingo que las autoridades estadounidenses est\u00e1n discutiendo la posibilidad de suministrar misiles de largo alcance Tomahawk de la OTAN a Kiev, pero la decisi\u00f3n final estar\u00e1 en manos del mandatario del pa\u00eds,&nbsp;Donald Trump.<\/p>\n<p>\u00abLo estamos <strong>analizando<\/strong>\u00ab, se\u00f1al\u00f3 Vance&nbsp;en una entrevista concedida a Fox News. \u00abEstamos considerando varias solicitudes de los europeos\u00bb, agreg\u00f3.<\/p>\n<div class=\"ReadMore-root Section-root Section-is1to3-xs_is1to1\" data-widgets=\"ReadMore\">\n<div class=\"Section-container Section-isRow-isTop-isWrap\">\n<article class=\"Card-root Card-is1to1 Card-default \">\n<div class=\"Card-imageWrap\">\n<div class=\"Card-picture\"> <picture class=\"Picture-root Picture-default\"><!--[if IE 9]><video style=\"display: none;\"><![endif]--><source media=\"(-webkit-min-device-pixel-ratio: 2) and (min-resolution: 120dpi)\" srcset=\"http:\/\/cordobainforma.info\/wp-content\/uploads\/2025\/09\/vance-se-pronuncia-sobre-la-posibilidad-de-suministrar-misiles-tomahawk-a-la-otan-para-kiev-2.jpg 850w, http:\/\/cordobainforma.info\/wp-content\/uploads\/2025\/09\/vance-se-pronuncia-sobre-la-posibilidad-de-suministrar-misiles-tomahawk-a-la-otan-para-kiev-3.jpg 1960w\"><source srcset=\"http:\/\/cordobainforma.info\/wp-content\/uploads\/2025\/09\/vance-se-pronuncia-sobre-la-posibilidad-de-suministrar-misiles-tomahawk-a-la-otan-para-kiev-2.jpg, https:\/\/actualidad.rt.com\/actualidad\/460, http:\/\/cordobainforma.info\/wp-content\/uploads\/2025\/09\/vance-se-pronuncia-sobre-la-posibilidad-de-suministrar-misiles-tomahawk-a-la-otan-para-kiev-3.jpg 980w\"><!--[if IE 9]><\/video><![endif]--><img data-sizes=\"auto\" src=\"http:\/\/cordobainforma.info\/wp-content\/uploads\/2025\/09\/vance-se-pronuncia-sobre-la-posibilidad-de-suministrar-misiles-tomahawk-a-la-otan-para-kiev-2.jpg\" class=\"Picture-root Picture-default lazyload\" alt=\"Invulnerables y novedosos: \u00bfqu\u00e9 se sabe del arsenal de misiles ruso?\"><\/picture><!-- noscript pattern --><noscript><img src=\"http:\/\/cordobainforma.info\/wp-content\/uploads\/2025\/09\/vance-se-pronuncia-sobre-la-posibilidad-de-suministrar-misiles-tomahawk-a-la-otan-para-kiev-3.jpg\" alt=\"Invulnerables y novedosos: \u00bfqu\u00e9 se sabe del arsenal de misiles ruso?\"><\/noscript> <\/div><\/div>\n<\/article><\/div><\/div>\n<p>En el mismo contexto, indic\u00f3 que la cuesti\u00f3n \u00abes algo sobre lo que el presidente <strong>tomar\u00e1 la decisi\u00f3n final<\/strong>\u00ab. \u00abLo que el presidente haga es lo que m\u00e1s convenga a Estados Unidos. Ese es<strong> el principio rector<\/strong> en sus decisiones de pol\u00edtica exterior y de defensa. Y esa ser\u00e1 la misma heur\u00edstica que aplicaremos para responder a esta pregunta sobre los <strong><a href=\"https:\/\/actualidad.rt.com\/actualidad\/557731-wp-trump-sopeso-enviar-ucrania\" target=\"_blank\" rel=\"noopener noreferrer\">Tomahawk<\/a><\/strong>\u00ab, dijo.<\/p>\n<p>\u00abUno de los aspectos que creo que ha funcionado realmente en la pol\u00edtica del presidente en Ucrania y Rusia es que ha obligado a los europeos a intensificar significativamente su presencia\u00bb, remarc\u00f3 Vance. \u00abYa no solo damos toneladas de dinero y armas. Lo que estamos haciendo es <strong>pedir a los europeos que <a href=\"https:\/\/actualidad.rt.com\/actualidad\/565599-trump-no-quiero-hacer-dinero-ucrania-pero-ganamos\" target=\"_blank\" rel=\"noopener noreferrer\">compren<\/a><\/strong>&nbsp;ese armamento, que muestra la participaci\u00f3n europea\u00bb, afirm\u00f3.<\/p>\n<p>Asimismo, el alto cargo expres\u00f3 su deseo de que&nbsp;Washington deje de \u00ab<strong>despilfarrar dinero y armas<\/strong> en un conflicto tan lejano\u00bb. \u00abSent\u00eda que los europeos, con el debido respeto, no asum\u00edan la parte que les correspond\u00eda\u00bb, reiter\u00f3.<\/p>\n<div class=\"ReadMore-root Section-root Section-is1to3-xs_is1to1\" data-widgets=\"ReadMore\">\n<div class=\"Section-container Section-isRow-isTop-isWrap\">\n<article class=\"Card-root Card-is1to1 Card-default \">\n<div class=\"Card-imageWrap\">\n<div class=\"Card-picture\"> <picture class=\"Picture-root Picture-default\"><!--[if IE 9]><video style=\"display: none;\"><![endif]--><source media=\"(-webkit-min-device-pixel-ratio: 2) and (min-resolution: 120dpi)\" srcset=\"http:\/\/cordobainforma.info\/wp-content\/uploads\/2025\/09\/vance-se-pronuncia-sobre-la-posibilidad-de-suministrar-misiles-tomahawk-a-la-otan-para-kiev-4.jpg 850w, http:\/\/cordobainforma.info\/wp-content\/uploads\/2025\/09\/vance-se-pronuncia-sobre-la-posibilidad-de-suministrar-misiles-tomahawk-a-la-otan-para-kiev-5.jpg 1960w\"><source srcset=\"http:\/\/cordobainforma.info\/wp-content\/uploads\/2025\/09\/vance-se-pronuncia-sobre-la-posibilidad-de-suministrar-misiles-tomahawk-a-la-otan-para-kiev-4.jpg, https:\/\/actualidad.rt.com\/actualidad\/460, http:\/\/cordobainforma.info\/wp-content\/uploads\/2025\/09\/vance-se-pronuncia-sobre-la-posibilidad-de-suministrar-misiles-tomahawk-a-la-otan-para-kiev-5.jpg 980w\"><!--[if IE 9]><\/video><![endif]--><img data-sizes=\"auto\" src=\"http:\/\/cordobainforma.info\/wp-content\/uploads\/2025\/09\/vance-se-pronuncia-sobre-la-posibilidad-de-suministrar-misiles-tomahawk-a-la-otan-para-kiev-4.jpg\" class=\"Picture-root Picture-default lazyload\" alt=\"Kremlin: &quot;La situaci\u00f3n para Ucrania empeora inexorablemente con cada d\u00eda que pasa&quot;\"><\/picture><!-- noscript pattern --><noscript><img src=\"http:\/\/cordobainforma.info\/wp-content\/uploads\/2025\/09\/vance-se-pronuncia-sobre-la-posibilidad-de-suministrar-misiles-tomahawk-a-la-otan-para-kiev-5.jpg\" alt=\"Kremlin: &quot;La situaci\u00f3n para Ucrania empeora inexorablemente con cada d\u00eda que pasa&quot;\"><\/noscript> <\/div><\/div>\n<\/article><\/div><\/div>\n<p>La jornada anterior, medios occidentales <a href=\"https:\/\/actualidad.rt.com\/actualidad\/566521-trump-sopesar-envios-misiles-tomahawk-ucrania\" target=\"_blank\" rel=\"noopener noreferrer\">informaron<\/a> que Trump le habr\u00eda dicho al l\u00edder del r\u00e9gimen ucraniano, Vlad\u00edmir Zelenski, que <strong>no excluye la posibilidad<\/strong> de levantar las <a href=\"https:\/\/actualidad.rt.com\/actualidad\/562316-wsj-eeuu-lleva-meses-impidiendo-ucrania-usar-misiles-largo-alcance-rusia\" target=\"_blank\" rel=\"noopener noreferrer\">restricciones<\/a>&nbsp;para el uso de armas estadounidenses contra Rusia ni el suministro de nuevas armas de largo alcance a Kiev, en particular, misiles Tomahawk.<\/p>\n<p>Este misil guiado de lanzamiento terrestre, naval y submarino con ojiva de 450 kilogramos tiene un alcance de <strong>hasta 2.400 kil\u00f3metros<\/strong>, es decir, que convierte la capital rusa en un objetivo potencial.<\/p>\n<p>El portavoz de la Presidencia rusa, Dmitri Peskov, ha declarado este domingo que la realidad en el frente evidencia una situaci\u00f3n complicada para el r\u00e9gimen de Kiev, mientras Vlad\u00edmir Zelenski intenta demostrar ante sus patrocinadores europeos su poder\u00edo militar.<\/p>\n<p>\u00abEntretanto, la situaci\u00f3n en el frente evidencia lo contrario. Con cada d\u00eda que pasa, la situaci\u00f3n para Ucrania empeora inexorablemente\u00bb, afirm\u00f3 Peskov en&nbsp;<a href=\"https:\/\/t.me\/zarubinreporter\/4366\" target=\"_blank\" rel=\"noopener noreferrer\">entrevista<\/a>&nbsp;con el periodista ruso P\u00e1vel Zarubin.<\/p>\n<p>De igual manera, empeoran tambi\u00e9n las posiciones negociadoras para Ucrania, agreg\u00f3 el vocero del Kremlin, quien sostuvo que es precisamente esto de lo que deber\u00edan ser conscientes en Kiev.<\/p>\n","protected":false},"excerpt":{"rendered":"<p>El vicepresidente de EE.UU., J.D. Vance, asever\u00f3 el domingo que las autoridades estadounidenses est\u00e1n discutiendo la posibilidad de suministrar misiles de largo alcance Tomahawk de la OTAN a Kiev, pero la decisi\u00f3n final estar\u00e1 en manos del mandatario del pa\u00eds,&nbsp;Donald Trump. \u00abLo estamos analizando\u00ab, se\u00f1al\u00f3 Vance&nbsp;en una entrevista concedida a Fox News. \u00abEstamos considerando varias [&hellip;]<\/p>\n","protected":false},"author":1,"featured_media":169811,"comment_status":"closed","ping_status":"closed","sticky":false,"template":"","format":"standard","meta":[],"categories":[22],"tags":[],"_links":{"self":[{"href":"http:\/\/cordobainforma.info\/index.php\/wp-json\/wp\/v2\/posts\/169810"}],"collection":[{"href":"http:\/\/cordobainforma.info\/index.php\/wp-json\/wp\/v2\/posts"}],"about":[{"href":"http:\/\/cordobainforma.info\/index.php\/wp-json\/wp\/v2\/types\/post"}],"author":[{"embeddable":true,"href":"http:\/\/cordobainforma.info\/index.php\/wp-json\/wp\/v2\/users\/1"}],"replies":[{"embeddable":true,"href":"http:\/\/cordobainforma.info\/index.php\/wp-json\/wp\/v2\/comments?post=169810"}],"version-history":[{"count":0,"href":"http:\/\/cordobainforma.info\/index.php\/wp-json\/wp\/v2\/posts\/169810\/revisions"}],"wp:featuredmedia":[{"embeddable":true,"href":"http:\/\/cordobainforma.info\/index.php\/wp-json\/wp\/v2\/media\/169811"}],"wp:attachment":[{"href":"http:\/\/cordobainforma.info\/index.php\/wp-json\/wp\/v2\/media?parent=169810"}],"wp:term":[{"taxonomy":"category","embeddable":true,"href":"http:\/\/cordobainforma.info\/index.php\/wp-json\/wp\/v2\/categories?post=169810"},{"taxonomy":"post_tag","embeddable":true,"href":"http:\/\/cordobainforma.info\/index.php\/wp-json\/wp\/v2\/tags?post=169810"}],"curies":[{"name":"wp","href":"https:\/\/api.w.org\/{rel}","templated":true}]}}