{"id":169792,"date":"2025-09-28T13:53:47","date_gmt":"2025-09-28T13:53:47","guid":{"rendered":"http:\/\/cordobainforma.info\/index.php\/2025\/09\/28\/choque-y-vuelco-en-avenida-general-paz-un-herido-y-caos-de-transito\/"},"modified":"2025-09-28T13:53:47","modified_gmt":"2025-09-28T13:53:47","slug":"choque-y-vuelco-en-avenida-general-paz-un-herido-y-caos-de-transito","status":"publish","type":"post","link":"http:\/\/cordobainforma.info\/index.php\/2025\/09\/28\/choque-y-vuelco-en-avenida-general-paz-un-herido-y-caos-de-transito\/","title":{"rendered":"Choque y vuelco en Avenida General Paz: un herido y caos de tr\u00e1nsito"},"content":{"rendered":"<div class=\"media_block\"><\/div>\n<div><img src=\"http:\/\/cordobainforma.info\/wp-content\/uploads\/2025\/09\/choque-y-vuelco-en-avenida-general-paz-un-herido-y-caos-de-transito.jpg\" class=\"ff-og-image-inserted\"><\/div>\n<p>Un fuerte <strong>choque y vuelco<\/strong> tuvo lugar este domingo por la ma\u00f1ana sobre la <a target=\"_blank\" href=\"https:\/\/www.perfil.com\/noticias\/sociedad\/impresionante-accidente-en-la-general-paz-un-micro-embistio-a-nueve-autos-y-dejo-un-herido.phtml\" rel=\"noopener noreferrer\"><strong>Avenida General Paz<\/strong><\/a>, en la mano con sentido al Riachuelo, frente al Aut\u00f3dromo en Lugano. Como consecuencia, se produjo un caos de tr\u00e1nsito, debido al corte total entre las avenidas 27 de Febrero y Roca, y se registr\u00f3 <strong>un herido<\/strong> que debi\u00f3 ser trasladado de urgencia.<\/p>\n<p>El episodio ocurri\u00f3 alrededor de las 6:30hs, a la altura de Roca, y fue protagonizado por dos veh\u00edculos, un autom\u00f3vil <strong>Volkswagen Vento<\/strong> y una camioneta <strong>Ford F100<\/strong>. Tras la colisi\u00f3n, la camioneta volc\u00f3 y sufri\u00f3 un <strong>principio de incendio<\/strong>, agravando la emergencia.<\/p>\n<p>A pesar de la fuerza del impacto, ambos conductores lograron salir de los veh\u00edculos por sus propios medios, aunque el conductor de la camioneta fue asistido por el Servicio de Atenci\u00f3n M\u00e9dica de Emergencias (SAME) y debi\u00f3 ser trasladado de urgencia al <strong>Hospital Grierson<\/strong> por <strong>politraumatismo<\/strong>.<\/p>\n<div class=\"subscription\" readability=\"6.683257918552\">\n<p> Esto no les gusta a los autoritarios <\/p>\n<div class=\"subscription__container\" readability=\"6.1467391304348\">\n<div class=\"subscription__text-wrapper\" readability=\"31.20652173913\">\n<p> El ejercicio del periodismo profesional y cr\u00edtico es un pilar fundamental de la democracia. Por eso molesta a quienes creen ser los due\u00f1os de la verdad. <\/p>\n<\/p><\/div><\/div><\/div>\n<p>Seg\u00fan relatos de testigos, <em>Cr\u00f3nica TV<\/em> se\u00f1al\u00f3 que el conductor del auto <strong>habr\u00eda cruzado desde el carril r\u00e1pido hacia el lento<\/strong>, provocando que la camioneta impactara contra el guardarrail y quedara volcada sobre el carril lento, perdiendo parte de su combustible.<\/p>\n<p>Del operativo de emergencia que asisti\u00f3 al lugar de la emergencia participaron miembros del cuerpo de <strong>Bomberos de la Ciudad<\/strong> y personal de <strong>Autopistas del Sol (AUSOL)<\/strong>, gestionando cortes de los suministros de ambos veh\u00edculos y deteniendo el tr\u00e1nsito para permitir el trabajo del personal.<\/p>\n<p class=\"destacadoNota\"><a target=\"_blank\" href=\"https:\/\/www.perfil.com\/noticias\/sociedad\/impresionante-accidente-en-la-general-paz-un-micro-embistio-a-nueve-autos-y-dejo-un-herido.phtml\" rel=\"noopener noreferrer\">Impresionante accidente en la General Paz: un micro embisti\u00f3 a nueve autos y dej\u00f3 un herido<\/a><\/p>\n<p>El medio mencionado tambi\u00e9n indic\u00f3 que el <strong>Volkswagen Vento<\/strong> involucrado presentar\u00eda en su registro <strong>nueve multas por exceso de velocidad<\/strong>, un dato que podr\u00eda resultar relevante en la investigaci\u00f3n del hecho.<\/p>\n<p>Ambos veh\u00edculos quedaron destruidos sobre la calzada y para llevar a cabo las <strong>actuaciones policiales y periciales<\/strong> pertinentes para determinar al mec\u00e1nica precisa del <a target=\"_blank\" href=\"https:\/\/www.perfil.com\/noticias\/nea\/choque-en-el-puente-general-belgrano-la-defensa-del-camionero-aseguro-que-no-hubo-consumo-de-drogas.phtml\" rel=\"noopener noreferrer\">accidente<\/a> se produjo un corte a la altura del kil\u00f3metros 23 que se levant\u00f3 alrededor de las 10hs.<\/p>\n<p>AS.<\/p>\n","protected":false},"excerpt":{"rendered":"<p>Un fuerte choque y vuelco tuvo lugar este domingo por la ma\u00f1ana sobre la Avenida General Paz, en la mano con sentido al Riachuelo, frente al Aut\u00f3dromo en Lugano. Como consecuencia, se produjo un caos de tr\u00e1nsito, debido al corte total entre las avenidas 27 de Febrero y Roca, y se registr\u00f3 un herido que [&hellip;]<\/p>\n","protected":false},"author":1,"featured_media":169793,"comment_status":"closed","ping_status":"closed","sticky":false,"template":"","format":"standard","meta":[],"categories":[2],"tags":[],"_links":{"self":[{"href":"http:\/\/cordobainforma.info\/index.php\/wp-json\/wp\/v2\/posts\/169792"}],"collection":[{"href":"http:\/\/cordobainforma.info\/index.php\/wp-json\/wp\/v2\/posts"}],"about":[{"href":"http:\/\/cordobainforma.info\/index.php\/wp-json\/wp\/v2\/types\/post"}],"author":[{"embeddable":true,"href":"http:\/\/cordobainforma.info\/index.php\/wp-json\/wp\/v2\/users\/1"}],"replies":[{"embeddable":true,"href":"http:\/\/cordobainforma.info\/index.php\/wp-json\/wp\/v2\/comments?post=169792"}],"version-history":[{"count":0,"href":"http:\/\/cordobainforma.info\/index.php\/wp-json\/wp\/v2\/posts\/169792\/revisions"}],"wp:featuredmedia":[{"embeddable":true,"href":"http:\/\/cordobainforma.info\/index.php\/wp-json\/wp\/v2\/media\/169793"}],"wp:attachment":[{"href":"http:\/\/cordobainforma.info\/index.php\/wp-json\/wp\/v2\/media?parent=169792"}],"wp:term":[{"taxonomy":"category","embeddable":true,"href":"http:\/\/cordobainforma.info\/index.php\/wp-json\/wp\/v2\/categories?post=169792"},{"taxonomy":"post_tag","embeddable":true,"href":"http:\/\/cordobainforma.info\/index.php\/wp-json\/wp\/v2\/tags?post=169792"}],"curies":[{"name":"wp","href":"https:\/\/api.w.org\/{rel}","templated":true}]}}