{"id":169788,"date":"2025-09-26T21:25:12","date_gmt":"2025-09-26T21:25:12","guid":{"rendered":"https:\/\/cordoba.gob.ar\/?p=81629"},"modified":"2025-09-26T21:25:12","modified_gmt":"2025-09-26T21:25:12","slug":"municipio-y-provincia-fortalecen-la-salud-en-la-primera-infancia","status":"publish","type":"post","link":"http:\/\/cordobainforma.info\/index.php\/2025\/09\/26\/municipio-y-provincia-fortalecen-la-salud-en-la-primera-infancia\/","title":{"rendered":"Municipio y Provincia fortalecen la salud en la primera infancia"},"content":{"rendered":"<div><img src=\"http:\/\/cordobainforma.info\/wp-content\/uploads\/2025\/09\/municipio-y-provincia-fortalecen-la-salud-en-la-primera-infancia.jpg\" class=\"ff-og-image-inserted\"><\/div>\n<ul>\n<li><strong><strong>Ni\u00f1os y ni\u00f1as de entre 45 d\u00edas y 3 a\u00f1os adquirir\u00e1n h\u00e1bitos y conductas saludables a trav\u00e9s de juegos y canciones. \u00abMiPi\u00bb contempla programas de salud bucal y alimentaci\u00f3n saludable, entre otros que ser\u00e1n implementados en Salas Cunas y Jardines Maternales del \u00e1mbito privado.<\/strong><\/strong><br \/>\n<hr>\n<\/li>\n<\/ul>\n<p>El intendente de la ciudad de C\u00f3rdoba, Daniel Passerini, junto a la ministra de Desarrollo Humano, Liliana Montero, presentaron el Programa \u00abMi Primer Programa de Salud\u00bb (MiPi), destinado a Jardines Maternales del \u00e1mbito privado. Este es un programa con foco en la prevenci\u00f3n en salud para las primeras etapas de la vida y va en l\u00ednea con el fortalecimiento de la red de Salas Cunas, que est\u00e1n por cumplir una d\u00e9cada de vigencia en los barrios, revalorizando su tarea territorial.<\/p>\n<p>El programa contiene 6 gu\u00edas, entre las que se encuentran lavado de manos, vacunaci\u00f3n, salud bucal, alimentaci\u00f3n saludable e hidrataci\u00f3n y cuidado del sol. Todos los m\u00f3dulos son abordados a trav\u00e9s de actividades l\u00fadicas y recreativas y buscan fomentar la creaci\u00f3n de h\u00e1bitos y conductas en los ni\u00f1os y ni\u00f1as que asisten a estos establecimientos.<\/p>\n<p><em>\u00abCelebro este programa, porque si hay un momento de la vida donde se forjan los h\u00e1bitos es en esa primera infancia. Los h\u00e1bitos alimentarios, saludables, el aprender a lavarse los dientes y la importancia del lavado de manos tienen que ver no solo con una cuesti\u00f3n higi\u00e9nica, sino de prevenir enfermedades\u201d<\/em>, expres\u00f3 Passerini junto a representantes del sector y funcionarios municipales y provinciales.<\/p>\n<p><em>\u201cTenemos aqu\u00ed una enorme oportunidad. Este programa nos permite conectar a las familias de los ni\u00f1os y que se genere comunidad, que es lo que nos hace mejores. Con este programa solo van a tener un resultado: mejor salud y menos enfermedad\u201d<\/em>, concluy\u00f3 el jefe del Municipio capitalino.<\/p>\n<p>Este programa alcanza a los 220 jardines que brindan su servicio en la ciudad, llegando a 5.670 ni\u00f1os de entre 45 d\u00edas a 3 a\u00f1os de edad. A las docentes que se acojan al programa se les brindar\u00e1 un incentivo por su aplicaci\u00f3n. Son 1.257 las maestras beneficiadas con la implementaci\u00f3n de MiPi.<\/p>\n<p><em>\u201cPara nosotros, este programa de prevenci\u00f3n es tambi\u00e9n un modo de hablarles a las familias, que hoy son una de las instituciones m\u00e1s da\u00f1adas en el entramado social. MiPi es m\u00e1s que un programa de salud, es un programa de encuentro y de solidaridad\u201d<\/em>, fueron por su parte las palabras de Montero.<\/p>\n<p>Adem\u00e1s del material que reciben quienes est\u00e1n al frente de las salas, se les hace entrega a las familias fasc\u00edculos que contienen informaci\u00f3n sobre los m\u00f3dulos que ni\u00f1os y ni\u00f1as van trabajando con las maestras.<\/p>\n<p>El evento se llev\u00f3 a cabo en el sal\u00f3n Avalos del Palacio 6 de Julio y cont\u00f3 con la presencia de la secretaria de Coordinaci\u00f3n y Fortalecimiento Familiar, Mar\u00eda Eugenia Pomazan; el secretario de Gobierno, Rodrigo Fern\u00e1ndez; la directora General de Salas Cuna y Centros De Desarrollo Infantil, In\u00e9s Zinny; el director Ejecutivo del Ente Municipal de Fiscalizaci\u00f3n y Control, Ezequiel Hormaeche; miembros del Gabinete Municipal y representantes de Jardines Maternales Privados de la ciudad de C\u00f3rdoba.<\/p>\n","protected":false},"excerpt":{"rendered":"<p>Ni\u00f1os y ni\u00f1as de entre 45 d\u00edas y 3 a\u00f1os adquirir\u00e1n h\u00e1bitos y conductas saludables a trav\u00e9s de juegos y canciones. \u00abMiPi\u00bb contempla programas de salud bucal y alimentaci\u00f3n saludable, entre otros que ser\u00e1n implementados en Salas Cunas y Jardines Maternales del \u00e1mbito privado. El intendente de la ciudad de C\u00f3rdoba, Daniel Passerini, junto a [&hellip;]<\/p>\n","protected":false},"author":1,"featured_media":169789,"comment_status":"closed","ping_status":"closed","sticky":false,"template":"","format":"standard","meta":[],"categories":[2],"tags":[],"_links":{"self":[{"href":"http:\/\/cordobainforma.info\/index.php\/wp-json\/wp\/v2\/posts\/169788"}],"collection":[{"href":"http:\/\/cordobainforma.info\/index.php\/wp-json\/wp\/v2\/posts"}],"about":[{"href":"http:\/\/cordobainforma.info\/index.php\/wp-json\/wp\/v2\/types\/post"}],"author":[{"embeddable":true,"href":"http:\/\/cordobainforma.info\/index.php\/wp-json\/wp\/v2\/users\/1"}],"replies":[{"embeddable":true,"href":"http:\/\/cordobainforma.info\/index.php\/wp-json\/wp\/v2\/comments?post=169788"}],"version-history":[{"count":0,"href":"http:\/\/cordobainforma.info\/index.php\/wp-json\/wp\/v2\/posts\/169788\/revisions"}],"wp:featuredmedia":[{"embeddable":true,"href":"http:\/\/cordobainforma.info\/index.php\/wp-json\/wp\/v2\/media\/169789"}],"wp:attachment":[{"href":"http:\/\/cordobainforma.info\/index.php\/wp-json\/wp\/v2\/media?parent=169788"}],"wp:term":[{"taxonomy":"category","embeddable":true,"href":"http:\/\/cordobainforma.info\/index.php\/wp-json\/wp\/v2\/categories?post=169788"},{"taxonomy":"post_tag","embeddable":true,"href":"http:\/\/cordobainforma.info\/index.php\/wp-json\/wp\/v2\/tags?post=169788"}],"curies":[{"name":"wp","href":"https:\/\/api.w.org\/{rel}","templated":true}]}}