{"id":169775,"date":"2025-09-28T12:15:17","date_gmt":"2025-09-28T12:15:17","guid":{"rendered":"http:\/\/cordobainforma.info\/index.php\/2025\/09\/28\/bessent-o-peron-ii-fuerza-patria-tiene-un-plan-alternativo-al-de-trump-y-milei-letra-p\/"},"modified":"2025-09-28T12:15:17","modified_gmt":"2025-09-28T12:15:17","slug":"bessent-o-peron-ii-fuerza-patria-tiene-un-plan-alternativo-al-de-trump-y-milei-letra-p","status":"publish","type":"post","link":"http:\/\/cordobainforma.info\/index.php\/2025\/09\/28\/bessent-o-peron-ii-fuerza-patria-tiene-un-plan-alternativo-al-de-trump-y-milei-letra-p\/","title":{"rendered":"Bessent o Per\u00f3n II: \u00bfFuerza Patria tiene un plan alternativo al de Trump y Milei? &#8211; Letra P"},"content":{"rendered":"<p>&#8230; <b>econom\u00eda<\/b> nacional no es fiscal sino falta de d\u00f3lares. Embed &#8230; 2) Axel Kicillof atendi\u00f3 una suerte de cumbre progresista realizada en <b>Nueva<\/b>&nbsp;&#8230; <\/p>\n","protected":false},"excerpt":{"rendered":"<p>&#8230; econom\u00eda nacional no es fiscal sino falta de d\u00f3lares. Embed &#8230; 2) Axel Kicillof atendi\u00f3 una suerte de cumbre progresista realizada en Nueva&nbsp;&#8230;<\/p>\n","protected":false},"author":1,"featured_media":0,"comment_status":"closed","ping_status":"closed","sticky":false,"template":"","format":"standard","meta":[],"categories":[23],"tags":[],"_links":{"self":[{"href":"http:\/\/cordobainforma.info\/index.php\/wp-json\/wp\/v2\/posts\/169775"}],"collection":[{"href":"http:\/\/cordobainforma.info\/index.php\/wp-json\/wp\/v2\/posts"}],"about":[{"href":"http:\/\/cordobainforma.info\/index.php\/wp-json\/wp\/v2\/types\/post"}],"author":[{"embeddable":true,"href":"http:\/\/cordobainforma.info\/index.php\/wp-json\/wp\/v2\/users\/1"}],"replies":[{"embeddable":true,"href":"http:\/\/cordobainforma.info\/index.php\/wp-json\/wp\/v2\/comments?post=169775"}],"version-history":[{"count":0,"href":"http:\/\/cordobainforma.info\/index.php\/wp-json\/wp\/v2\/posts\/169775\/revisions"}],"wp:attachment":[{"href":"http:\/\/cordobainforma.info\/index.php\/wp-json\/wp\/v2\/media?parent=169775"}],"wp:term":[{"taxonomy":"category","embeddable":true,"href":"http:\/\/cordobainforma.info\/index.php\/wp-json\/wp\/v2\/categories?post=169775"},{"taxonomy":"post_tag","embeddable":true,"href":"http:\/\/cordobainforma.info\/index.php\/wp-json\/wp\/v2\/tags?post=169775"}],"curies":[{"name":"wp","href":"https:\/\/api.w.org\/{rel}","templated":true}]}}