{"id":169735,"date":"2025-09-28T00:55:28","date_gmt":"2025-09-28T00:55:28","guid":{"rendered":"https:\/\/www.clarin.com\/deportes\/boca-perdio-defensa-justicia-dio-paso-lleva-ganar-complico-tabla-copa-libertadores-2026_0_YJsnXQzRFX.html"},"modified":"2025-09-28T00:55:28","modified_gmt":"2025-09-28T00:55:28","slug":"boca-perdio-con-defensa-y-justicia-y-dio-un-paso-atras-lleva-tres-sin-ganar-y-se-complico-en-la-tabla-para-la-copa-libertadores-2026","status":"publish","type":"post","link":"http:\/\/cordobainforma.info\/index.php\/2025\/09\/28\/boca-perdio-con-defensa-y-justicia-y-dio-un-paso-atras-lleva-tres-sin-ganar-y-se-complico-en-la-tabla-para-la-copa-libertadores-2026\/","title":{"rendered":"Boca perdi\u00f3 con Defensa y Justicia y dio un paso atr\u00e1s: lleva tres sin ganar y se complic\u00f3 en la tabla para la Copa Libertadores 2026"},"content":{"rendered":"<p><img src=\"http:\/\/cordobainforma.info\/wp-content\/uploads\/2025\/09\/boca-perdio-con-defensa-y-justicia-y-dio-un-paso-atras-lleva-tres-sin-ganar-y-se-complico-en-la-tabla-para-la-copa-libertadores-2026.jpg\"><\/p>\n<div><img src=\"http:\/\/cordobainforma.info\/wp-content\/uploads\/2025\/09\/boca-perdio-con-defensa-y-justicia-y-dio-un-paso-atras-lleva-tres-sin-ganar-y-se-complico-en-la-tabla-para-la-copa-libertadores-2026-2.jpg\" class=\"ff-og-image-inserted\"><\/div>\n<div id=\"element-body-0\" readability=\"64\">\n<p>Brilla por su ausencia <strong>Miguel Angel Russo<\/strong> en el banco y tambi\u00e9n, el juego de un equipo que empieza a flaquear, justo cuando parec\u00eda haber despegado despu\u00e9s de la peor racha sin victorias en <strong>120 a\u00f1os de historia<\/strong>. Y puede que no est\u00e9 relacionada la licencia m\u00e9dica de su entrenador con el resultado, una derrota que pega duro internamente. Sin embargo, es una muestra gratis del momento que se vive en Boca.<\/p>\n<\/div>\n<div id=\"element-body-2\" readability=\"64\">\n<p> Hay un l\u00edder que responde dentro de la cancha -de <strong>Leandro Paredes <\/strong>se trata- pero afuera no hay buenas se\u00f1ales. Ni de la cabeza del club, <strong>Juan Rom\u00e1n Riquelme<\/strong>, ni del t\u00e9cnico que no puede estar de cuerpo presente, ni del alterno <strong>Claudio Ubeda<\/strong>, que hizo cambios que parecieron m\u00e1s pensados en rescatar del ostracismo a algunos jugadores que en la necesidad del partido.<\/p>\n<\/div>\n<div id=\"element-body-3\" readability=\"66\">\n<p>Entonces, el gol que encuentra <strong>Abiel Osorio <\/strong>en el final, justo frente a esa tribuna cargada de hinchas xeneizes, es un cachetazo a la realidad. <strong>Boca <\/strong>no era la reencarnaci\u00f3n de su versi\u00f3n de los 2000 cuando venci\u00f3 a <strong>Independiente Rivadavia<\/strong>, <strong>Banfield <\/strong>y <strong>Aldosivi<\/strong>. Y ahora que empat\u00f3 con <strong>Rosario Central <\/strong>en Arroyito, con <strong>Central C\u00f3rdoba <\/strong>en la Bombonera -despu\u00e9s de ir ganando 2 a 0- y que perdi\u00f3 con <strong>Defensa<\/strong> y <strong>Justicia<\/strong>, \u00bfqu\u00e9 es?<\/p>\n<\/div>\n<div id=\"element-body-4\" readability=\"70\">\n<p>En principio, lo que se vio en <strong>Florencio Varela <\/strong>fue un equipo que depende demasiado de la inspiraci\u00f3n de Paredes, que acumula demasiados pases y que est\u00e1 fr\u00e1gil atr\u00e1s, sobre todo en la pelota detenida. Sin ir m\u00e1s lejos, el gol de la victoria del Halc\u00f3n lleg\u00f3 gracias a un tiro libre notablemente ejecutado por <strong>Alexis Soto <\/strong>y un anticipo de Osorio, de cabeza, que aprovech\u00f3 un error de <strong>Agust\u00edn Marches\u00edn<\/strong>. El arquero fue responsable, claro, en los dos gritos locales. Primero, por el penal que le cometi\u00f3 al propio \u201c7\u201d. <strong>Despu\u00e9s, porque no sali\u00f3 a cortar el centro<\/strong>.<\/p>\n<\/div>\n<div id=\"element-body-6\" readability=\"66\">\n<p>Lo mejor se vio en el complemento, cuando se produjeron las mejores situaciones. A pesar de tener muy poco tiempo la pelota, Defensa tuvo tres claritas en el arranque. Un bombazo cruzado de <strong>Ezequiel Cannavo <\/strong>que revent\u00f3 el travesa\u00f1o y dos tapadas de Marches\u00edn, casi de inmediato. Primero, con un tiro de media distancia de <strong>Saltita Gonz\u00e1lez <\/strong>que mand\u00f3 al c\u00f3rner. Y de ese tiro de esquina, un cabezazo ante Osorio, casi abajo de su arco.<\/p>\n<\/div>\n<div id=\"element-body-7\" readability=\"64\">\n<p><strong>Boca fue previsible, lento y con muy pocas variantes ofensivas<\/strong>. Le cost\u00f3 mucho profundizar. Manejaba la pelota Paredes a bordo de su elegancia, tocaba corto para intentar apoyarse en sus compa\u00f1eros y obligar la salida del rival, y buscaba filtrar para <strong>Juan<\/strong> <strong>Barinaga <\/strong>-casi siempre- o <strong>Lautaro<\/strong> <strong>Blanco<\/strong>. Los laterales desbordaron, pero sin centros precisos.<\/p>\n<\/div>\n<div id=\"element-body-9\" readability=\"66\">\n<p>Y tampoco se prob\u00f3 demasiado de media distancia, apenas en el comienzo del partido, cuando <strong>Miguel Merentiel <\/strong>sacudi\u00f3 desde 20 metros y <strong>Enrique Bologna <\/strong>bloque\u00f3 el tiro con agilidad y firmeza. El uruguayo se sinti\u00f3 inc\u00f3modo, demasiado forzado a la izquierda. <strong>Milton Gim\u00e9nez tampoco rindi\u00f3<\/strong>. Tuvo una chance que defini\u00f3 mal, a partir de un error forzado de Rafael Delgado. No hubo rebeld\u00eda de los extremos, que volantearon demasiado y no fueron punzantes. Ni <strong>Brian Aguirre<\/strong> ni <strong>Alan Velasco <\/strong>se destacaron. Ni por derecha ni por izquierda, porque ambos rotaron posiciones.<\/p>\n<\/div>\n<div id=\"element-body-11\" readability=\"62\">\n<p>Defensa y Justicia prescindi\u00f3 de la pelota, del protagonismo y solo propuso orden y concentraci\u00f3n. La l\u00ednea de cinco no se desarm\u00f3 porque Cannavo y Soto pasaron muy poco al ataque en el primer tiempo. Los volantes recuperaron en cuentagotas y los dos atacantes estuvieron m\u00e1s ocupados en presionar a Paredes y Rodrigo Battaglia que en enfocarse en el arco de Marches\u00edn. Los locales solo inquietaron con un par de pelotas paradas, pero no pararon al arco en esos descartables cuarenta y cinco minutos.<\/p>\n<\/div>\n<div id=\"element-body-13\" readability=\"64\">\n<p>En el complemento, <strong>Velasco lo perdi\u00f3 abajo del arco de Bologna<\/strong> y Ubeda empez\u00f3 a meter mano en el banco. Ingresaron Kevin Zen\u00f3n, Ander Herrera y Lucas Janson, futbolistas que parec\u00edan extraviados. William Alarc\u00f3n no hizo la diferencia, pero s\u00ed la salida de Merentiel. <strong>\u00bfPor qu\u00e9 el t\u00e9cnico alterno decidi\u00f3 sacar un delantero?<\/strong><\/p>\n<\/div>\n<div id=\"element-body-14\" readability=\"63\">\n<p>Todo se encaminaba a un cero a cero hasta que Marches\u00edn cometi\u00f3 su primer error. El <strong>VAR <\/strong>convoc\u00f3 a <strong>Jorge Bali\u00f1o<\/strong>, pero se mantuvo firme y lleg\u00f3 el gol de Osorio de penal. Enseguida, <strong>Kevin Guti\u00e9rrez <\/strong>quiso rechazar y se llev\u00f3 puesto a Herrera.<strong> El \u00e1rbitro no dud\u00f3, pero debi\u00f3 amonestar por segunda vez al volante.<\/strong> Paredes canje\u00f3 por gol. <\/p>\n<\/div>\n<div id=\"element-body-16\" readability=\"63\">\n<p>Pero quedaba una bola m\u00e1s en la noche de Florencio Varela. <strong>Volvi\u00f3 a fallar Marches\u00edn y Osorio cabece\u00f3 en soledad<\/strong>. Fue el golpe definitivo para Boca, que sum\u00f3 2 puntos de los \u00faltimos 9 y fue superado en la tabla anual, la \u00fanica v\u00eda para llegar a la <strong>Libertadores<\/strong>, esquiva los \u00faltimos dos a\u00f1os.<\/p>\n<\/div>\n","protected":false},"excerpt":{"rendered":"<p>Brilla por su ausencia Miguel Angel Russo en el banco y tambi\u00e9n, el juego de un equipo que empieza a flaquear, justo cuando parec\u00eda haber despegado despu\u00e9s de la peor racha sin victorias en 120 a\u00f1os de historia. Y puede que no est\u00e9 relacionada la licencia m\u00e9dica de su entrenador con el resultado, una derrota [&hellip;]<\/p>\n","protected":false},"author":1,"featured_media":169736,"comment_status":"closed","ping_status":"closed","sticky":false,"template":"","format":"standard","meta":[],"categories":[20],"tags":[],"_links":{"self":[{"href":"http:\/\/cordobainforma.info\/index.php\/wp-json\/wp\/v2\/posts\/169735"}],"collection":[{"href":"http:\/\/cordobainforma.info\/index.php\/wp-json\/wp\/v2\/posts"}],"about":[{"href":"http:\/\/cordobainforma.info\/index.php\/wp-json\/wp\/v2\/types\/post"}],"author":[{"embeddable":true,"href":"http:\/\/cordobainforma.info\/index.php\/wp-json\/wp\/v2\/users\/1"}],"replies":[{"embeddable":true,"href":"http:\/\/cordobainforma.info\/index.php\/wp-json\/wp\/v2\/comments?post=169735"}],"version-history":[{"count":0,"href":"http:\/\/cordobainforma.info\/index.php\/wp-json\/wp\/v2\/posts\/169735\/revisions"}],"wp:featuredmedia":[{"embeddable":true,"href":"http:\/\/cordobainforma.info\/index.php\/wp-json\/wp\/v2\/media\/169736"}],"wp:attachment":[{"href":"http:\/\/cordobainforma.info\/index.php\/wp-json\/wp\/v2\/media?parent=169735"}],"wp:term":[{"taxonomy":"category","embeddable":true,"href":"http:\/\/cordobainforma.info\/index.php\/wp-json\/wp\/v2\/categories?post=169735"},{"taxonomy":"post_tag","embeddable":true,"href":"http:\/\/cordobainforma.info\/index.php\/wp-json\/wp\/v2\/tags?post=169735"}],"curies":[{"name":"wp","href":"https:\/\/api.w.org\/{rel}","templated":true}]}}