{"id":169733,"date":"2025-09-28T01:56:05","date_gmt":"2025-09-28T01:56:05","guid":{"rendered":"https:\/\/www.clarin.com\/deportes\/mundial-sub-20-chile-gano-nueva-zelanda-debut-gol-minuto-96-blooper-arquero-festejo-locos_0_WddF2xdluw.html"},"modified":"2025-09-28T01:56:05","modified_gmt":"2025-09-28T01:56:05","slug":"mundial-sub-20-chile-le-gano-a-nueva-zelanda-en-el-debut-con-un-gol-en-el-minuto-96-un-blooper-del-arquero-y-un-festejo-de-locos","status":"publish","type":"post","link":"http:\/\/cordobainforma.info\/index.php\/2025\/09\/28\/mundial-sub-20-chile-le-gano-a-nueva-zelanda-en-el-debut-con-un-gol-en-el-minuto-96-un-blooper-del-arquero-y-un-festejo-de-locos\/","title":{"rendered":"Mundial Sub 20: Chile le gan\u00f3 a Nueva Zelanda en el debut con un gol en el minuto 96, un blooper del arquero y un festejo de locos"},"content":{"rendered":"<p><img src=\"http:\/\/cordobainforma.info\/wp-content\/uploads\/2025\/09\/mundial-sub-20-chile-le-gano-a-nueva-zelanda-en-el-debut-con-un-gol-en-el-minuto-96-un-blooper-del-arquero-y-un-festejo-de-locos.jpg\"><\/p>\n<div><img src=\"http:\/\/cordobainforma.info\/wp-content\/uploads\/2025\/09\/mundial-sub-20-chile-le-gano-a-nueva-zelanda-en-el-debut-con-un-gol-en-el-minuto-96-un-blooper-del-arquero-y-un-festejo-de-locos-2.jpg\" class=\"ff-og-image-inserted\"><\/div>\n<div id=\"element-body-0\" readability=\"60\">\n<p><strong>Chile <\/strong>inaugur\u00f3 su <strong>Mundial Sub 20<\/strong> este s\u00e1bado con una victoria por 2-1 ante <strong>Nueva Zelanda<\/strong> en un sufrido partido que baj\u00f3 el tel\u00f3n de la primera fecha del<strong> Grupo A<\/strong>, que acab\u00f3 con <strong>Jap\u00f3n <\/strong>en la cima y <strong>Paraguay <\/strong>en la cabeza de la zona B.<\/p>\n<\/div>\n<div id=\"element-body-1\" readability=\"62\">\n<p>Un tanto del volante ofensivo <strong>Lautaro Mill\u00e1n<\/strong>, argentino pero nacionalizado chileno,<strong> <\/strong>en el minuto 54 y un gol en el \u00faltimo minuto del defensor <strong>Ian Garguez <\/strong>desataron la locura en el <strong>Estadio Nacional de Santiago<\/strong>, sede principal del certamen que se jugar\u00e1 hasta el 19 de octubre.<\/p>\n<\/div>\n<div id=\"element-body-2\" readability=\"60\">\n<p>Un penal de los oce\u00e1nicos, convertido por el extremo <strong>Nathan Walker<\/strong>, estuvo cerca de amargar la fiesta local en el minuto 85.<\/p>\n<\/div>\n<div id=\"element-body-3\" readability=\"63\">\n<p>\u00abEst\u00e1bamos esperando mucho este debut, nos venimos preparando hace m\u00e1s de dos a\u00f1os\u00bb, destac\u00f3 el lateral chileno <strong>Felipe Fa\u00fandez<\/strong>. \u00abEs muy bonito recibir el apoyo de nuestra gente, 45.000 personas, estamos preparados y vamos a seguir luchando\u00bb.<\/p>\n<\/div>\n<div id=\"element-body-4\" readability=\"23.692307692308\">\n<blockquote class=\"twitter-tweet\" readability=\"6.4615384615385\">\n<p lang=\"es\" dir=\"ltr\">\u00a1\u00a1AG\u00d3NICO GOL DE CHILE!! <\/p>\n<p>A los 96&#8242;, Garguez aprovech\u00f3 un grosero error en el fondo de Nueva Zelanda y marc\u00f3 el 2-1 para la Rojita. <a href=\"https:\/\/twitter.com\/hashtag\/MundialSub20EnDSPORTS?src=hash&amp;ref_src=twsrc%5Etfw\">#MundialSub20EnDSPORTS<\/a> <a href=\"https:\/\/t.co\/BhuhJ42BBE\">pic.twitter.com\/BhuhJ42BBE<\/a><\/p>\n<p>\u2014 DSPORTS Chile (@DSportsCL) <a href=\"https:\/\/twitter.com\/DSportsCL\/status\/1972104143771742579?ref_src=twsrc%5Etfw\">September 28, 2025<\/a><\/p><\/blockquote><\/div>\n<div id=\"element-body-5\" readability=\"60\">\n<p>La victoria permiti\u00f3 que la <strong>Rojita <\/strong>comparta el liderato del Grupo A con Jap\u00f3n, que ocupa la primera posici\u00f3n por mejor diferencia de gol luego de vencer a Egipto en uno de los dos juegos que largaron el torneo juvenil.<\/p>\n<\/div>\n<div id=\"element-body-6\" readability=\"58\">\n<p> Los nipones se impusieron por 2-0 gracias a un tanto de penal de su capit\u00e1n Rion Ichihara y del delantero Hisatsugu Ishii tambi\u00e9n en el Estadio Nacional.<\/p>\n<\/div>\n<div id=\"element-body-8\" readability=\"61\">\n<p>En simult\u00e1neo, <strong>Ucrania <\/strong>derrot\u00f3 a <strong>Corea del Sur<\/strong> por 2-1 con goles del mediocampista <strong>Hennadiy Synchuk <\/strong>y el delantero <strong>Oleksandr<\/strong> <strong>Pyshchur <\/strong>en el Estadio El\u00edas Figueroa en la regi\u00f3n de <strong>Valpara\u00edso<\/strong>, a unos 120 km de la capital.<\/p>\n<\/div>\n<div id=\"element-body-10\" readability=\"60\">\n<p>Los surcoreanos descontaron gracias al atacante<strong> Kim Myung-jun<\/strong> en este duelo correspondiente al <strong>Grupo B<\/strong>, cuya primera jornada dej\u00f3 en la punta a <strong>Paraguay<\/strong>, que derrot\u00f3 3-2 a <strong>Panam\u00e1 <\/strong>en Valpara\u00edso.<\/p>\n<\/div>\n<div id=\"element-body-11\" readability=\"60\">\n<p>Al mismo tiempo que Chile, la Albirroja se impuso con tantos de <strong>Alexandro<\/strong> <strong>Mendieta<\/strong>, <strong>Enso Gonz\u00e1lez <\/strong>y <strong>Tiago Caballero<\/strong>. <strong>Mart\u00edn Krug <\/strong>y <strong>Giovany<\/strong> <strong>Herbert<\/strong> anotaron para los centroamericanos.<\/p>\n<\/div>\n<div id=\"element-body-12\" readability=\"62\">\n<p>Con una mezcla de baile y jueguitos con la pelota, la cantante chilena de pop <strong>Shirel <\/strong>fue la figura central de <strong>la austera inauguraci\u00f3n del torneo<\/strong>. Interpret\u00f3 la canci\u00f3n oficial, \u00abEl Alma en la Cancha\u00bb, ante un <strong>Estadio Nacional <\/strong>repleto.<\/p>\n<\/div>\n<div id=\"element-body-14\" readability=\"60\">\n<p> Como ya es tradicional en sus partidos de local, la hinchada chilena cant\u00f3 su himno nacional completo, incluso luego de que la m\u00fasica se detuviera.<\/p>\n<\/div>\n<div id=\"element-body-15\" readability=\"63\">\n<p>\u00abLa alegr\u00eda linda del deporte se toma nuevamente nuestro pa\u00eds. Comienza la Copa Mundial Sub20 de la FIFA y (&#8230;) le damos la bienvenida al mundo!\u00bb, escribi\u00f3 el presidente chileno, <strong>Gabriel Boric<\/strong>, quien lleg\u00f3 al evento junto a su hija de tres meses, Violeta.<\/p>\n<\/div>\n<div id=\"element-body-17\" readability=\"60\">\n<p>Los locales sue\u00f1an con repetir o mejorar el tercer lugar logrado en el Mundial de la categor\u00eda en 2007, que abri\u00f3 el camino a la llamada generaci\u00f3n dorada de <strong>Alexis S\u00e1nchez <\/strong>y <strong>Arturo Vidal <\/strong>que gan\u00f3 la Copa Am\u00e9rica de 2015 y 2016.<\/p>\n<\/div>\n<div id=\"element-body-18\" readability=\"58\">\n<p>Desarrollar nuevas estrellas se hace incluso m\u00e1s relevante luego de que en el camino hacia el <strong>Mundial absoluto de 2026<\/strong> firmaran la peor clasificatoria mundialista de su historia.<\/p>\n<\/div>\n<div id=\"element-body-20\" readability=\"59\">\n<p> El certamen chileno se disputa sin las mayores figuras de la categor\u00eda, ausentes ante la negativa de sus clubes para prestarlos.<\/p>\n<\/div>\n<div id=\"element-body-21\" readability=\"62\">\n<p>Si alguna vez un <strong>Lionel Messi<\/strong>, un <strong>Andr\u00e9s Iniesta <\/strong>o un <strong>Xavi Hern\u00e1ndez <\/strong>disputaron un Sub-20 en su camino previo a la gloria, hoy son cada vez m\u00e1s los jugadores que brillan a muy temprana edad, lo que los hace importantes para sus clubes.<\/p>\n<\/div>\n<div id=\"element-body-22\" readability=\"60\">\n<p>Con 18 a\u00f1os, el espa\u00f1ol <strong>Lamine Yamal <\/strong>(Barcelona), el argentino <strong>Franco Mastantuono <\/strong>(Real Madrid) o el brasile\u00f1o <strong>Est\u00eav\u00e3o<\/strong> (Chelsea) ya destacan con los mayores.<\/p>\n<\/div>\n<div id=\"element-body-23\" readability=\"58\">\n<p> Pero no son los \u00fanicos ausentes en un torneo al que los clubes no est\u00e1n obligados a ceder a sus jugadores.<\/p>\n<\/div>\n<div id=\"element-body-24\" readability=\"60\">\n<p>Ning\u00fan futbolista de la lista de <strong>los 100 juveniles m\u00e1s caros del planeta<\/strong>, publicada por el sitio especializado <em>Transfermarkt<\/em>, est\u00e1 en el Mundial.<\/p>\n<\/div>\n<div id=\"element-body-25\" readability=\"62\">\n<p>Chile, sin embargo, ser\u00e1 la vitrina para estrellas en ciernes como el brasile\u00f1o <strong>Pedrinho<\/strong>, el argentino <strong>Ian Subiabre<\/strong>, el espa\u00f1ol <strong>Jan Virgili <\/strong>o el mexicano <strong>Gilberto Mora<\/strong>.<\/p>\n<\/div>\n","protected":false},"excerpt":{"rendered":"<p>Chile inaugur\u00f3 su Mundial Sub 20 este s\u00e1bado con una victoria por 2-1 ante Nueva Zelanda en un sufrido partido que baj\u00f3 el tel\u00f3n de la primera fecha del Grupo A, que acab\u00f3 con Jap\u00f3n en la cima y Paraguay en la cabeza de la zona B. Un tanto del volante ofensivo Lautaro Mill\u00e1n, argentino [&hellip;]<\/p>\n","protected":false},"author":1,"featured_media":169734,"comment_status":"closed","ping_status":"closed","sticky":false,"template":"","format":"standard","meta":[],"categories":[20],"tags":[],"_links":{"self":[{"href":"http:\/\/cordobainforma.info\/index.php\/wp-json\/wp\/v2\/posts\/169733"}],"collection":[{"href":"http:\/\/cordobainforma.info\/index.php\/wp-json\/wp\/v2\/posts"}],"about":[{"href":"http:\/\/cordobainforma.info\/index.php\/wp-json\/wp\/v2\/types\/post"}],"author":[{"embeddable":true,"href":"http:\/\/cordobainforma.info\/index.php\/wp-json\/wp\/v2\/users\/1"}],"replies":[{"embeddable":true,"href":"http:\/\/cordobainforma.info\/index.php\/wp-json\/wp\/v2\/comments?post=169733"}],"version-history":[{"count":0,"href":"http:\/\/cordobainforma.info\/index.php\/wp-json\/wp\/v2\/posts\/169733\/revisions"}],"wp:featuredmedia":[{"embeddable":true,"href":"http:\/\/cordobainforma.info\/index.php\/wp-json\/wp\/v2\/media\/169734"}],"wp:attachment":[{"href":"http:\/\/cordobainforma.info\/index.php\/wp-json\/wp\/v2\/media?parent=169733"}],"wp:term":[{"taxonomy":"category","embeddable":true,"href":"http:\/\/cordobainforma.info\/index.php\/wp-json\/wp\/v2\/categories?post=169733"},{"taxonomy":"post_tag","embeddable":true,"href":"http:\/\/cordobainforma.info\/index.php\/wp-json\/wp\/v2\/tags?post=169733"}],"curies":[{"name":"wp","href":"https:\/\/api.w.org\/{rel}","templated":true}]}}