{"id":169731,"date":"2025-09-27T20:53:25","date_gmt":"2025-09-27T20:53:25","guid":{"rendered":"https:\/\/somoscordobeses.com\/2025\/09\/27\/ana-belen-enamora-a-cordoba\/"},"modified":"2025-09-27T20:53:25","modified_gmt":"2025-09-27T20:53:25","slug":"ana-belen-enamora-a-cordoba","status":"publish","type":"post","link":"http:\/\/cordobainforma.info\/index.php\/2025\/09\/27\/ana-belen-enamora-a-cordoba\/","title":{"rendered":"Ana Bel\u00e9n enamora a C\u00f3rdoba"},"content":{"rendered":"<div><img src=\"http:\/\/cordobainforma.info\/wp-content\/uploads\/2025\/09\/ana-belen-enamora-a-cordoba.jpg\" class=\"ff-og-image-inserted\"><\/div>\n<header readability=\"2\">\n<p>RAFA ALCAIDE<\/p>\n<p> <time> Actualizado: <span>27\/09\/2025 22:23<\/span> <\/time> Ver galer\u00eda &gt; <\/p>\n<\/header>\n<p> La cantante ofrece un concierto lleno de cl\u00e1sicos, nuevas canciones y complicidad con el p\u00fablico <\/p>\n<div data-num-slider=\"1\" readability=\"8\"> <picture itemscope itemtype=\"https:\/\/schema.org\/ImageObject\" itemprop=\"image\" data-alt=\"Ana Bel\u00e9n enamora a C\u00f3rdoba\" data-iesrc=\"https:\/\/estaticos-cdn.prensaiberica.es\/clip\/db7398d6-d116-459b-9c54-9e04b500767c_source-aspect-ratio_default_0.jpg\" height=\"1600\" width=\"2400\" src=\"https:\/\/estaticos-cdn.prensaiberica.es\/clip\/db7398d6-d116-459b-9c54-9e04b500767c_source-aspect-ratio_default_0.jpg\"><source media=\"(max-width: 500px\"><source media=\"(max-width: 767px)\"><source media=\"(max-width: 1023px)\"><source media=\"(max-width: 1201px)\"><source media=\"(max-width: 100vw)\"><meta content=\"https:\/\/estaticos-cdn.prensaiberica.es\/clip\/db7398d6-d116-459b-9c54-9e04b500767c_source-aspect-ratio_default_0.jpg\" itemprop=\"url\"> <meta content=\"Galer\u00eda\" itemprop=\"description\"> <meta content=\"Ana Bel\u00e9n enamora a C\u00f3rdoba\" itemprop=\"name\"> <meta content=\"https:\/\/estaticos-cdn.prensaiberica.es\/clip\/db7398d6-d116-459b-9c54-9e04b500767c_source-aspect-ratio_25p_0.jpg\" itemprop=\"thumbnailUrl\"> <\/picture>\n<h2>Ana Bel\u00e9n enamora a C\u00f3rdoba<\/h2>\n<p>RAFA ALCAIDE<\/p>\n<p> La cantante ofrece un concierto lleno de cl\u00e1sicos, nuevas canciones y complicidad con el p\u00fablico <\/p>\n<\/div>\n<div data-num-slider=\"2\" readability=\"8\"> <picture itemscope itemtype=\"https:\/\/schema.org\/ImageObject\" itemprop=\"image\" data-alt=\"Ana Bel\u00e9n enamora a C\u00f3rdoba\" data-iesrc=\"https:\/\/estaticos-cdn.prensaiberica.es\/clip\/dad68653-dd08-436e-bcd7-b3b06b7f9f04_source-aspect-ratio_default_0.jpg\" height=\"1600\" width=\"2400\" src=\"https:\/\/estaticos-cdn.prensaiberica.es\/clip\/dad68653-dd08-436e-bcd7-b3b06b7f9f04_source-aspect-ratio_default_0.jpg\"><source media=\"(max-width: 500px\"><source media=\"(max-width: 767px)\"><source media=\"(max-width: 1023px)\"><source media=\"(max-width: 1201px)\"><source media=\"(max-width: 100vw)\"><meta content=\"https:\/\/estaticos-cdn.prensaiberica.es\/clip\/dad68653-dd08-436e-bcd7-b3b06b7f9f04_source-aspect-ratio_default_0.jpg\" itemprop=\"url\"> <meta content=\"Galer\u00eda\" itemprop=\"description\"> <meta content=\"Ana Bel\u00e9n enamora a C\u00f3rdoba\" itemprop=\"name\"> <meta content=\"https:\/\/estaticos-cdn.prensaiberica.es\/clip\/dad68653-dd08-436e-bcd7-b3b06b7f9f04_source-aspect-ratio_25p_0.jpg\" itemprop=\"thumbnailUrl\"> <\/picture>\n<h2>Ana Bel\u00e9n enamora a C\u00f3rdoba<\/h2>\n<p>RAFA ALCAIDE<\/p>\n<p> La cantante ofrece un concierto lleno de cl\u00e1sicos, nuevas canciones y complicidad con el p\u00fablico <\/p>\n<\/div>\n<div data-num-slider=\"3\" readability=\"8\"> <picture itemscope itemtype=\"https:\/\/schema.org\/ImageObject\" itemprop=\"image\" data-alt=\"Ana Bel\u00e9n enamora a C\u00f3rdoba\" data-iesrc=\"https:\/\/estaticos-cdn.prensaiberica.es\/clip\/abd7dfb7-7f4b-454a-b96f-f41b09675c90_source-aspect-ratio_default_0.jpg\" height=\"1600\" width=\"2400\" src=\"https:\/\/estaticos-cdn.prensaiberica.es\/clip\/abd7dfb7-7f4b-454a-b96f-f41b09675c90_source-aspect-ratio_default_0.jpg\"><source media=\"(max-width: 500px\"><source media=\"(max-width: 767px)\"><source media=\"(max-width: 1023px)\"><source media=\"(max-width: 1201px)\"><source media=\"(max-width: 100vw)\"><meta content=\"https:\/\/estaticos-cdn.prensaiberica.es\/clip\/abd7dfb7-7f4b-454a-b96f-f41b09675c90_source-aspect-ratio_default_0.jpg\" itemprop=\"url\"> <meta content=\"Galer\u00eda\" itemprop=\"description\"> <meta content=\"Ana Bel\u00e9n enamora a C\u00f3rdoba\" itemprop=\"name\"> <meta content=\"https:\/\/estaticos-cdn.prensaiberica.es\/clip\/abd7dfb7-7f4b-454a-b96f-f41b09675c90_source-aspect-ratio_25p_0.jpg\" itemprop=\"thumbnailUrl\"> <\/picture>\n<h2>Ana Bel\u00e9n enamora a C\u00f3rdoba<\/h2>\n<p>RAFA ALCAIDE<\/p>\n<p> La cantante ofrece un concierto lleno de cl\u00e1sicos, nuevas canciones y complicidad con el p\u00fablico <\/p>\n<\/div>\n<div data-num-slider=\"4\" readability=\"8\"> <picture itemscope itemtype=\"https:\/\/schema.org\/ImageObject\" itemprop=\"image\" data-alt=\"Ana Bel\u00e9n enamora a C\u00f3rdoba\" data-iesrc=\"https:\/\/estaticos-cdn.prensaiberica.es\/clip\/39e2f598-cedf-46f8-b768-45f057c97206_source-aspect-ratio_default_0.jpg\" height=\"1600\" width=\"2400\" src=\"https:\/\/estaticos-cdn.prensaiberica.es\/clip\/39e2f598-cedf-46f8-b768-45f057c97206_source-aspect-ratio_default_0.jpg\"><source media=\"(max-width: 500px\"><source media=\"(max-width: 767px)\"><source media=\"(max-width: 1023px)\"><source media=\"(max-width: 1201px)\"><source media=\"(max-width: 100vw)\"><meta content=\"https:\/\/estaticos-cdn.prensaiberica.es\/clip\/39e2f598-cedf-46f8-b768-45f057c97206_source-aspect-ratio_default_0.jpg\" itemprop=\"url\"> <meta content=\"Galer\u00eda\" itemprop=\"description\"> <meta content=\"Ana Bel\u00e9n enamora a C\u00f3rdoba\" itemprop=\"name\"> <meta content=\"https:\/\/estaticos-cdn.prensaiberica.es\/clip\/39e2f598-cedf-46f8-b768-45f057c97206_source-aspect-ratio_25p_0.jpg\" itemprop=\"thumbnailUrl\"> <\/picture>\n<h2>Ana Bel\u00e9n enamora a C\u00f3rdoba<\/h2>\n<p>RAFA ALCAIDE<\/p>\n<p> La cantante ofrece un concierto lleno de cl\u00e1sicos, nuevas canciones y complicidad con el p\u00fablico <\/p>\n<\/div>\n<div data-num-slider=\"5\" readability=\"8\"> <picture itemscope itemtype=\"https:\/\/schema.org\/ImageObject\" itemprop=\"image\" data-alt=\"Ana Bel\u00e9n enamora a C\u00f3rdoba\" data-iesrc=\"https:\/\/estaticos-cdn.prensaiberica.es\/clip\/acfe1956-1a8f-4821-91f4-13dc922afd49_source-aspect-ratio_default_0.jpg\" height=\"1600\" width=\"2400\" src=\"https:\/\/estaticos-cdn.prensaiberica.es\/clip\/acfe1956-1a8f-4821-91f4-13dc922afd49_source-aspect-ratio_default_0.jpg\"><source media=\"(max-width: 500px\"><source media=\"(max-width: 767px)\"><source media=\"(max-width: 1023px)\"><source media=\"(max-width: 1201px)\"><source media=\"(max-width: 100vw)\"><meta content=\"https:\/\/estaticos-cdn.prensaiberica.es\/clip\/acfe1956-1a8f-4821-91f4-13dc922afd49_source-aspect-ratio_default_0.jpg\" itemprop=\"url\"> <meta content=\"Galer\u00eda\" itemprop=\"description\"> <meta content=\"Ana Bel\u00e9n enamora a C\u00f3rdoba\" itemprop=\"name\"> <meta content=\"https:\/\/estaticos-cdn.prensaiberica.es\/clip\/acfe1956-1a8f-4821-91f4-13dc922afd49_source-aspect-ratio_25p_0.jpg\" itemprop=\"thumbnailUrl\"> <\/picture>\n<h2>Ana Bel\u00e9n enamora a C\u00f3rdoba<\/h2>\n<p>RAFA ALCAIDE<\/p>\n<p> La cantante ofrece un concierto lleno de cl\u00e1sicos, nuevas canciones y complicidad con el p\u00fablico <\/p>\n<\/div>\n<div data-num-slider=\"6\" readability=\"8\"> <picture itemscope itemtype=\"https:\/\/schema.org\/ImageObject\" itemprop=\"image\" data-alt=\"Ana Bel\u00e9n enamora a C\u00f3rdoba\" data-iesrc=\"https:\/\/estaticos-cdn.prensaiberica.es\/clip\/62391529-0b2a-44df-8e5f-22e78e132435_source-aspect-ratio_default_0.jpg\" height=\"1600\" width=\"2400\" src=\"https:\/\/estaticos-cdn.prensaiberica.es\/clip\/62391529-0b2a-44df-8e5f-22e78e132435_source-aspect-ratio_default_0.jpg\"><source media=\"(max-width: 500px\"><source media=\"(max-width: 767px)\"><source media=\"(max-width: 1023px)\"><source media=\"(max-width: 1201px)\"><source media=\"(max-width: 100vw)\"><meta content=\"https:\/\/estaticos-cdn.prensaiberica.es\/clip\/62391529-0b2a-44df-8e5f-22e78e132435_source-aspect-ratio_default_0.jpg\" itemprop=\"url\"> <meta content=\"Galer\u00eda\" itemprop=\"description\"> <meta content=\"Ana Bel\u00e9n enamora a C\u00f3rdoba\" itemprop=\"name\"> <meta content=\"https:\/\/estaticos-cdn.prensaiberica.es\/clip\/62391529-0b2a-44df-8e5f-22e78e132435_source-aspect-ratio_25p_0.jpg\" itemprop=\"thumbnailUrl\"> <\/picture>\n<h2>Ana Bel\u00e9n enamora a C\u00f3rdoba<\/h2>\n<p>RAFA ALCAIDE<\/p>\n<p> La cantante ofrece un concierto lleno de cl\u00e1sicos, nuevas canciones y complicidad con el p\u00fablico <\/p>\n<\/div>\n<div data-num-slider=\"7\" readability=\"8\"> <picture itemscope itemtype=\"https:\/\/schema.org\/ImageObject\" itemprop=\"image\" data-alt=\"Ana Bel\u00e9n enamora a C\u00f3rdoba\" data-iesrc=\"https:\/\/estaticos-cdn.prensaiberica.es\/clip\/25f94247-7f11-42df-8c28-9317afc9d071_source-aspect-ratio_default_0.jpg\" height=\"1600\" width=\"2400\" src=\"https:\/\/estaticos-cdn.prensaiberica.es\/clip\/25f94247-7f11-42df-8c28-9317afc9d071_source-aspect-ratio_default_0.jpg\"><source media=\"(max-width: 500px\"><source media=\"(max-width: 767px)\"><source media=\"(max-width: 1023px)\"><source media=\"(max-width: 1201px)\"><source media=\"(max-width: 100vw)\"><meta content=\"https:\/\/estaticos-cdn.prensaiberica.es\/clip\/25f94247-7f11-42df-8c28-9317afc9d071_source-aspect-ratio_default_0.jpg\" itemprop=\"url\"> <meta content=\"Galer\u00eda\" itemprop=\"description\"> <meta content=\"Ana Bel\u00e9n enamora a C\u00f3rdoba\" itemprop=\"name\"> <meta content=\"https:\/\/estaticos-cdn.prensaiberica.es\/clip\/25f94247-7f11-42df-8c28-9317afc9d071_source-aspect-ratio_25p_0.jpg\" itemprop=\"thumbnailUrl\"> <\/picture>\n<h2>Ana Bel\u00e9n enamora a C\u00f3rdoba<\/h2>\n<p>RAFA ALCAIDE<\/p>\n<p> La cantante ofrece un concierto lleno de cl\u00e1sicos, nuevas canciones y complicidad con el p\u00fablico <\/p>\n<\/div>\n<div data-num-slider=\"8\" readability=\"8\"> <picture itemscope itemtype=\"https:\/\/schema.org\/ImageObject\" itemprop=\"image\" data-alt=\"Ana Bel\u00e9n enamora a C\u00f3rdoba\" data-iesrc=\"https:\/\/estaticos-cdn.prensaiberica.es\/clip\/9e629458-79fd-41b4-83be-4a2afd750561_source-aspect-ratio_default_0.jpg\" height=\"1600\" width=\"2400\" src=\"https:\/\/estaticos-cdn.prensaiberica.es\/clip\/9e629458-79fd-41b4-83be-4a2afd750561_source-aspect-ratio_default_0.jpg\"><source media=\"(max-width: 500px\"><source media=\"(max-width: 767px)\"><source media=\"(max-width: 1023px)\"><source media=\"(max-width: 1201px)\"><source media=\"(max-width: 100vw)\"><meta content=\"https:\/\/estaticos-cdn.prensaiberica.es\/clip\/9e629458-79fd-41b4-83be-4a2afd750561_source-aspect-ratio_default_0.jpg\" itemprop=\"url\"> <meta content=\"Galer\u00eda\" itemprop=\"description\"> <meta content=\"Ana Bel\u00e9n enamora a C\u00f3rdoba\" itemprop=\"name\"> <meta content=\"https:\/\/estaticos-cdn.prensaiberica.es\/clip\/9e629458-79fd-41b4-83be-4a2afd750561_source-aspect-ratio_25p_0.jpg\" itemprop=\"thumbnailUrl\"> <\/picture>\n<h2>Ana Bel\u00e9n enamora a C\u00f3rdoba<\/h2>\n<p>RAFA ALCAIDE<\/p>\n<p> La cantante ofrece un concierto lleno de cl\u00e1sicos, nuevas canciones y complicidad con el p\u00fablico <\/p>\n<\/div>\n<div data-num-slider=\"9\" readability=\"8\"> <picture itemscope itemtype=\"https:\/\/schema.org\/ImageObject\" itemprop=\"image\" data-alt=\"Ana Bel\u00e9n enamora a C\u00f3rdoba\" data-iesrc=\"https:\/\/estaticos-cdn.prensaiberica.es\/clip\/5d3d466d-43ee-4e20-b50e-549935822170_source-aspect-ratio_default_0.jpg\" height=\"1600\" width=\"2400\" src=\"https:\/\/estaticos-cdn.prensaiberica.es\/clip\/5d3d466d-43ee-4e20-b50e-549935822170_source-aspect-ratio_default_0.jpg\"><source media=\"(max-width: 500px\"><source media=\"(max-width: 767px)\"><source media=\"(max-width: 1023px)\"><source media=\"(max-width: 1201px)\"><source media=\"(max-width: 100vw)\"><meta content=\"https:\/\/estaticos-cdn.prensaiberica.es\/clip\/5d3d466d-43ee-4e20-b50e-549935822170_source-aspect-ratio_default_0.jpg\" itemprop=\"url\"> <meta content=\"Galer\u00eda\" itemprop=\"description\"> <meta content=\"Ana Bel\u00e9n enamora a C\u00f3rdoba\" itemprop=\"name\"> <meta content=\"https:\/\/estaticos-cdn.prensaiberica.es\/clip\/5d3d466d-43ee-4e20-b50e-549935822170_source-aspect-ratio_25p_0.jpg\" itemprop=\"thumbnailUrl\"> <\/picture>\n<h2>Ana Bel\u00e9n enamora a C\u00f3rdoba<\/h2>\n<p>RAFA ALCAIDE<\/p>\n<p> La cantante ofrece un concierto lleno de cl\u00e1sicos, nuevas canciones y complicidad con el p\u00fablico <\/p>\n<\/div>\n<div data-num-slider=\"10\" readability=\"8\"> <picture itemscope itemtype=\"https:\/\/schema.org\/ImageObject\" itemprop=\"image\" data-alt=\"Ana Bel\u00e9n enamora a C\u00f3rdoba\" data-iesrc=\"https:\/\/estaticos-cdn.prensaiberica.es\/clip\/3e4054c9-a7e9-41cb-beac-b63f142b8a3b_source-aspect-ratio_default_0.jpg\" height=\"1600\" width=\"2400\" src=\"https:\/\/estaticos-cdn.prensaiberica.es\/clip\/3e4054c9-a7e9-41cb-beac-b63f142b8a3b_source-aspect-ratio_default_0.jpg\"><source media=\"(max-width: 500px\"><source media=\"(max-width: 767px)\"><source media=\"(max-width: 1023px)\"><source media=\"(max-width: 1201px)\"><source media=\"(max-width: 100vw)\"><meta content=\"https:\/\/estaticos-cdn.prensaiberica.es\/clip\/3e4054c9-a7e9-41cb-beac-b63f142b8a3b_source-aspect-ratio_default_0.jpg\" itemprop=\"url\"> <meta content=\"Galer\u00eda\" itemprop=\"description\"> <meta content=\"Ana Bel\u00e9n enamora a C\u00f3rdoba\" itemprop=\"name\"> <meta content=\"https:\/\/estaticos-cdn.prensaiberica.es\/clip\/3e4054c9-a7e9-41cb-beac-b63f142b8a3b_source-aspect-ratio_25p_0.jpg\" itemprop=\"thumbnailUrl\"> <\/picture>\n<h2>Ana Bel\u00e9n enamora a C\u00f3rdoba<\/h2>\n<p>RAFA ALCAIDE<\/p>\n<p> La cantante ofrece un concierto lleno de cl\u00e1sicos, nuevas canciones y complicidad con el p\u00fablico <\/p>\n<\/div>\n<div data-num-slider=\"11\" readability=\"8\"> <picture itemscope itemtype=\"https:\/\/schema.org\/ImageObject\" itemprop=\"image\" data-alt=\"Ana Bel\u00e9n enamora a C\u00f3rdoba\" data-iesrc=\"https:\/\/estaticos-cdn.prensaiberica.es\/clip\/5fca28f4-b589-4bf6-bf02-39104e09ec53_source-aspect-ratio_default_0.jpg\" height=\"1600\" width=\"2400\" src=\"https:\/\/estaticos-cdn.prensaiberica.es\/clip\/5fca28f4-b589-4bf6-bf02-39104e09ec53_source-aspect-ratio_default_0.jpg\"><source media=\"(max-width: 500px\"><source media=\"(max-width: 767px)\"><source media=\"(max-width: 1023px)\"><source media=\"(max-width: 1201px)\"><source media=\"(max-width: 100vw)\"><meta content=\"https:\/\/estaticos-cdn.prensaiberica.es\/clip\/5fca28f4-b589-4bf6-bf02-39104e09ec53_source-aspect-ratio_default_0.jpg\" itemprop=\"url\"> <meta content=\"Galer\u00eda\" itemprop=\"description\"> <meta content=\"Ana Bel\u00e9n enamora a C\u00f3rdoba\" itemprop=\"name\"> <meta content=\"https:\/\/estaticos-cdn.prensaiberica.es\/clip\/5fca28f4-b589-4bf6-bf02-39104e09ec53_source-aspect-ratio_25p_0.jpg\" itemprop=\"thumbnailUrl\"> <\/picture>\n<h2>Ana Bel\u00e9n enamora a C\u00f3rdoba<\/h2>\n<p>RAFA ALCAIDE<\/p>\n<p> La cantante ofrece un concierto lleno de cl\u00e1sicos, nuevas canciones y complicidad con el p\u00fablico <\/p>\n<\/div>\n<div data-num-slider=\"12\" readability=\"8\"> <picture itemscope itemtype=\"https:\/\/schema.org\/ImageObject\" itemprop=\"image\" data-alt=\"Ana Bel\u00e9n enamora a C\u00f3rdoba\" data-iesrc=\"https:\/\/estaticos-cdn.prensaiberica.es\/clip\/72b16fda-4aa1-44d5-a286-1f1b81957f38_source-aspect-ratio_default_0.jpg\" height=\"1600\" width=\"2400\" src=\"https:\/\/estaticos-cdn.prensaiberica.es\/clip\/72b16fda-4aa1-44d5-a286-1f1b81957f38_source-aspect-ratio_default_0.jpg\"><source media=\"(max-width: 500px\"><source media=\"(max-width: 767px)\"><source media=\"(max-width: 1023px)\"><source media=\"(max-width: 1201px)\"><source media=\"(max-width: 100vw)\"><meta content=\"https:\/\/estaticos-cdn.prensaiberica.es\/clip\/72b16fda-4aa1-44d5-a286-1f1b81957f38_source-aspect-ratio_default_0.jpg\" itemprop=\"url\"> <meta content=\"Galer\u00eda\" itemprop=\"description\"> <meta content=\"Ana Bel\u00e9n enamora a C\u00f3rdoba\" itemprop=\"name\"> <meta content=\"https:\/\/estaticos-cdn.prensaiberica.es\/clip\/72b16fda-4aa1-44d5-a286-1f1b81957f38_source-aspect-ratio_25p_0.jpg\" itemprop=\"thumbnailUrl\"> <\/picture>\n<h2>Ana Bel\u00e9n enamora a C\u00f3rdoba<\/h2>\n<p>RAFA ALCAIDE<\/p>\n<p> La cantante ofrece un concierto lleno de cl\u00e1sicos, nuevas canciones y complicidad con el p\u00fablico <\/p>\n<\/div>\n<div data-num-slider=\"13\" readability=\"8\"> <picture itemscope itemtype=\"https:\/\/schema.org\/ImageObject\" itemprop=\"image\" data-alt=\"Ana Bel\u00e9n enamora a C\u00f3rdoba\" data-iesrc=\"https:\/\/estaticos-cdn.prensaiberica.es\/clip\/7a473bca-72e9-4152-8e44-abe6f3439199_source-aspect-ratio_default_0.jpg\" height=\"1600\" width=\"2400\" src=\"https:\/\/estaticos-cdn.prensaiberica.es\/clip\/7a473bca-72e9-4152-8e44-abe6f3439199_source-aspect-ratio_default_0.jpg\"><source media=\"(max-width: 500px\"><source media=\"(max-width: 767px)\"><source media=\"(max-width: 1023px)\"><source media=\"(max-width: 1201px)\"><source media=\"(max-width: 100vw)\"><meta content=\"https:\/\/estaticos-cdn.prensaiberica.es\/clip\/7a473bca-72e9-4152-8e44-abe6f3439199_source-aspect-ratio_default_0.jpg\" itemprop=\"url\"> <meta content=\"Galer\u00eda\" itemprop=\"description\"> <meta content=\"Ana Bel\u00e9n enamora a C\u00f3rdoba\" itemprop=\"name\"> <meta content=\"https:\/\/estaticos-cdn.prensaiberica.es\/clip\/7a473bca-72e9-4152-8e44-abe6f3439199_source-aspect-ratio_25p_0.jpg\" itemprop=\"thumbnailUrl\"> <\/picture>\n<h2>Ana Bel\u00e9n enamora a C\u00f3rdoba<\/h2>\n<p>RAFA ALCAIDE<\/p>\n<p> La cantante ofrece un concierto lleno de cl\u00e1sicos, nuevas canciones y complicidad con el p\u00fablico <\/p>\n<\/div>\n<div data-num-slider=\"14\" readability=\"8\"> <picture itemscope itemtype=\"https:\/\/schema.org\/ImageObject\" itemprop=\"image\" data-alt=\"Ana Bel\u00e9n enamora a C\u00f3rdoba\" data-iesrc=\"https:\/\/estaticos-cdn.prensaiberica.es\/clip\/901c3987-8ec7-4561-aae4-699ae2b6f843_source-aspect-ratio_default_0.jpg\" height=\"1600\" width=\"2400\" src=\"https:\/\/estaticos-cdn.prensaiberica.es\/clip\/901c3987-8ec7-4561-aae4-699ae2b6f843_source-aspect-ratio_default_0.jpg\"><source media=\"(max-width: 500px\"><source media=\"(max-width: 767px)\"><source media=\"(max-width: 1023px)\"><source media=\"(max-width: 1201px)\"><source media=\"(max-width: 100vw)\"><meta content=\"https:\/\/estaticos-cdn.prensaiberica.es\/clip\/901c3987-8ec7-4561-aae4-699ae2b6f843_source-aspect-ratio_default_0.jpg\" itemprop=\"url\"> <meta content=\"Galer\u00eda\" itemprop=\"description\"> <meta content=\"Ana Bel\u00e9n enamora a C\u00f3rdoba\" itemprop=\"name\"> <meta content=\"https:\/\/estaticos-cdn.prensaiberica.es\/clip\/901c3987-8ec7-4561-aae4-699ae2b6f843_source-aspect-ratio_25p_0.jpg\" itemprop=\"thumbnailUrl\"> <\/picture>\n<h2>Ana Bel\u00e9n enamora a C\u00f3rdoba<\/h2>\n<p>RAFA ALCAIDE<\/p>\n<p> La cantante ofrece un concierto lleno de cl\u00e1sicos, nuevas canciones y complicidad con el p\u00fablico <\/p>\n<\/div>\n<div data-num-slider=\"15\" readability=\"8\"> <picture itemscope itemtype=\"https:\/\/schema.org\/ImageObject\" itemprop=\"image\" data-alt=\"Ana Bel\u00e9n enamora a C\u00f3rdoba\" data-iesrc=\"https:\/\/estaticos-cdn.prensaiberica.es\/clip\/18da9165-3160-48b6-a317-a349063b0621_source-aspect-ratio_default_0.jpg\" height=\"1600\" width=\"2400\" src=\"https:\/\/estaticos-cdn.prensaiberica.es\/clip\/18da9165-3160-48b6-a317-a349063b0621_source-aspect-ratio_default_0.jpg\"><source media=\"(max-width: 500px\"><source media=\"(max-width: 767px)\"><source media=\"(max-width: 1023px)\"><source media=\"(max-width: 1201px)\"><source media=\"(max-width: 100vw)\"><meta content=\"https:\/\/estaticos-cdn.prensaiberica.es\/clip\/18da9165-3160-48b6-a317-a349063b0621_source-aspect-ratio_default_0.jpg\" itemprop=\"url\"> <meta content=\"Galer\u00eda\" itemprop=\"description\"> <meta content=\"Ana Bel\u00e9n enamora a C\u00f3rdoba\" itemprop=\"name\"> <meta content=\"https:\/\/estaticos-cdn.prensaiberica.es\/clip\/18da9165-3160-48b6-a317-a349063b0621_source-aspect-ratio_25p_0.jpg\" itemprop=\"thumbnailUrl\"> <\/picture>\n<h2>Ana Bel\u00e9n enamora a C\u00f3rdoba<\/h2>\n<p>RAFA ALCAIDE<\/p>\n<p> La cantante ofrece un concierto lleno de cl\u00e1sicos, nuevas canciones y complicidad con el p\u00fablico <\/p>\n<\/div>\n<div data-num-slider=\"16\" readability=\"8\"> <picture itemscope itemtype=\"https:\/\/schema.org\/ImageObject\" itemprop=\"image\" data-alt=\"Ana Bel\u00e9n enamora a C\u00f3rdoba\" data-iesrc=\"https:\/\/estaticos-cdn.prensaiberica.es\/clip\/a5669359-fa8d-4dd8-b379-52f17cfa1978_source-aspect-ratio_default_0.jpg\" height=\"1600\" width=\"2400\" src=\"https:\/\/estaticos-cdn.prensaiberica.es\/clip\/a5669359-fa8d-4dd8-b379-52f17cfa1978_source-aspect-ratio_default_0.jpg\"><source media=\"(max-width: 500px\"><source media=\"(max-width: 767px)\"><source media=\"(max-width: 1023px)\"><source media=\"(max-width: 1201px)\"><source media=\"(max-width: 100vw)\"><meta content=\"https:\/\/estaticos-cdn.prensaiberica.es\/clip\/a5669359-fa8d-4dd8-b379-52f17cfa1978_source-aspect-ratio_default_0.jpg\" itemprop=\"url\"> <meta content=\"Galer\u00eda\" itemprop=\"description\"> <meta content=\"Ana Bel\u00e9n enamora a C\u00f3rdoba\" itemprop=\"name\"> <meta content=\"https:\/\/estaticos-cdn.prensaiberica.es\/clip\/a5669359-fa8d-4dd8-b379-52f17cfa1978_source-aspect-ratio_25p_0.jpg\" itemprop=\"thumbnailUrl\"> <\/picture>\n<h2>Ana Bel\u00e9n enamora a C\u00f3rdoba<\/h2>\n<p>RAFA ALCAIDE<\/p>\n<p> La cantante ofrece un concierto lleno de cl\u00e1sicos, nuevas canciones y complicidad con el p\u00fablico <\/p>\n<\/div>\n","protected":false},"excerpt":{"rendered":"<p>RAFA ALCAIDE Actualizado: 27\/09\/2025 22:23 Ver galer\u00eda &gt; La cantante ofrece un concierto lleno de cl\u00e1sicos, nuevas canciones y complicidad con el p\u00fablico Ana Bel\u00e9n enamora a C\u00f3rdoba RAFA ALCAIDE La cantante ofrece un concierto lleno de cl\u00e1sicos, nuevas canciones y complicidad con el p\u00fablico Ana Bel\u00e9n enamora a C\u00f3rdoba RAFA ALCAIDE La cantante ofrece [&hellip;]<\/p>\n","protected":false},"author":1,"featured_media":169732,"comment_status":"closed","ping_status":"closed","sticky":false,"template":"","format":"standard","meta":[],"categories":[2],"tags":[],"_links":{"self":[{"href":"http:\/\/cordobainforma.info\/index.php\/wp-json\/wp\/v2\/posts\/169731"}],"collection":[{"href":"http:\/\/cordobainforma.info\/index.php\/wp-json\/wp\/v2\/posts"}],"about":[{"href":"http:\/\/cordobainforma.info\/index.php\/wp-json\/wp\/v2\/types\/post"}],"author":[{"embeddable":true,"href":"http:\/\/cordobainforma.info\/index.php\/wp-json\/wp\/v2\/users\/1"}],"replies":[{"embeddable":true,"href":"http:\/\/cordobainforma.info\/index.php\/wp-json\/wp\/v2\/comments?post=169731"}],"version-history":[{"count":0,"href":"http:\/\/cordobainforma.info\/index.php\/wp-json\/wp\/v2\/posts\/169731\/revisions"}],"wp:featuredmedia":[{"embeddable":true,"href":"http:\/\/cordobainforma.info\/index.php\/wp-json\/wp\/v2\/media\/169732"}],"wp:attachment":[{"href":"http:\/\/cordobainforma.info\/index.php\/wp-json\/wp\/v2\/media?parent=169731"}],"wp:term":[{"taxonomy":"category","embeddable":true,"href":"http:\/\/cordobainforma.info\/index.php\/wp-json\/wp\/v2\/categories?post=169731"},{"taxonomy":"post_tag","embeddable":true,"href":"http:\/\/cordobainforma.info\/index.php\/wp-json\/wp\/v2\/tags?post=169731"}],"curies":[{"name":"wp","href":"https:\/\/api.w.org\/{rel}","templated":true}]}}