{"id":169694,"date":"2025-09-27T16:23:45","date_gmt":"2025-09-27T16:23:45","guid":{"rendered":"http:\/\/cordobainforma.info\/index.php\/2025\/09\/27\/lavrov-ante-la-onu-rusia-no-tiene-ni-ha-tenido-nunca-intencion-de-atacar-a-la-otan-y-a-la-ue\/"},"modified":"2025-09-27T16:23:45","modified_gmt":"2025-09-27T16:23:45","slug":"lavrov-ante-la-onu-rusia-no-tiene-ni-ha-tenido-nunca-intencion-de-atacar-a-la-otan-y-a-la-ue","status":"publish","type":"post","link":"http:\/\/cordobainforma.info\/index.php\/2025\/09\/27\/lavrov-ante-la-onu-rusia-no-tiene-ni-ha-tenido-nunca-intencion-de-atacar-a-la-otan-y-a-la-ue\/","title":{"rendered":"Lavrov ante la ONU: Rusia no tiene ni ha tenido nunca intenci\u00f3n de atacar a la OTAN y a la UE"},"content":{"rendered":"<p><img src=\"http:\/\/cordobainforma.info\/wp-content\/uploads\/2025\/09\/lavrov-ante-la-onu-rusia-no-tiene-ni-ha-tenido-nunca-intencion-de-atacar-a-la-otan-y-a-la-ue.jpg\"><\/p>\n<div><img src=\"http:\/\/cordobainforma.info\/wp-content\/uploads\/2025\/09\/lavrov-ante-la-onu-rusia-no-tiene-ni-ha-tenido-nunca-intencion-de-atacar-a-la-otan-y-a-la-ue-2.jpg\" class=\"ff-og-image-inserted\"><\/div>\n<div class=\"Text-root Text-type_5 ArticleView-text ViewText-root \">\n<p>Rusia no tiene ni ha tenido nunca intenci\u00f3n de atacar a la OTAN y a la Uni\u00f3n Europea (UE), <a href=\"https:\/\/webtv.un.org\/ru\" target=\"_blank\" rel=\"nofollow noopener noreferrer\">declar\u00f3<\/a> en su discurso en la Asamblea General de la ONU este s\u00e1bado el ministro de Exteriores ruso, Sergu\u00e9i Lavrov.<\/p>\n<p>\u00abHemos propuesto reiteradamente a las capitales de la OTAN que respeten sus compromisos y acuerden garant\u00edas de seguridad legalmente vinculantes. Nuestras propuestas&nbsp;<strong>han sido ignoradas y siguen ignor\u00e1ndose<\/strong>. Adem\u00e1s, las amenazas de uso de la fuerza contra Rusia, acusada de pr\u00e1cticamente planear ataques a pa\u00edses de la OTAN y la UE, son cada vez m\u00e1s frecuentes. El presidente Vlad\u00edmir Putin ha desmentido repetidamente tales provocaciones. Rusia <strong>nunca ha tenido ni tiene tales intenciones<\/strong>\u00ab, afirm\u00f3 Lavrov.<\/p>\n<p>\u00abCualquier agresi\u00f3n contra mi pa\u00eds ser\u00e1&nbsp;<strong>repelida con firmeza<\/strong>. De esto no deber\u00eda caber ninguna duda entre quienes, en la OTAN y la UE, no solo convencen a sus votantes de la inevitabilidad de la guerra con Rusia y los obligan a apretarse el cintur\u00f3n, sino que tambi\u00e9n declaran abiertamente los preparativos para un ataque contra nuestra&nbsp;provincia de Kaliningrado y otros territorios rusos\u00bb, agreg\u00f3.<\/p>\n<\/div>\n","protected":false},"excerpt":{"rendered":"<p>Rusia no tiene ni ha tenido nunca intenci\u00f3n de atacar a la OTAN y a la Uni\u00f3n Europea (UE), declar\u00f3 en su discurso en la Asamblea General de la ONU este s\u00e1bado el ministro de Exteriores ruso, Sergu\u00e9i Lavrov. \u00abHemos propuesto reiteradamente a las capitales de la OTAN que respeten sus compromisos y acuerden garant\u00edas [&hellip;]<\/p>\n","protected":false},"author":1,"featured_media":169695,"comment_status":"closed","ping_status":"closed","sticky":false,"template":"","format":"standard","meta":[],"categories":[22],"tags":[],"_links":{"self":[{"href":"http:\/\/cordobainforma.info\/index.php\/wp-json\/wp\/v2\/posts\/169694"}],"collection":[{"href":"http:\/\/cordobainforma.info\/index.php\/wp-json\/wp\/v2\/posts"}],"about":[{"href":"http:\/\/cordobainforma.info\/index.php\/wp-json\/wp\/v2\/types\/post"}],"author":[{"embeddable":true,"href":"http:\/\/cordobainforma.info\/index.php\/wp-json\/wp\/v2\/users\/1"}],"replies":[{"embeddable":true,"href":"http:\/\/cordobainforma.info\/index.php\/wp-json\/wp\/v2\/comments?post=169694"}],"version-history":[{"count":0,"href":"http:\/\/cordobainforma.info\/index.php\/wp-json\/wp\/v2\/posts\/169694\/revisions"}],"wp:featuredmedia":[{"embeddable":true,"href":"http:\/\/cordobainforma.info\/index.php\/wp-json\/wp\/v2\/media\/169695"}],"wp:attachment":[{"href":"http:\/\/cordobainforma.info\/index.php\/wp-json\/wp\/v2\/media?parent=169694"}],"wp:term":[{"taxonomy":"category","embeddable":true,"href":"http:\/\/cordobainforma.info\/index.php\/wp-json\/wp\/v2\/categories?post=169694"},{"taxonomy":"post_tag","embeddable":true,"href":"http:\/\/cordobainforma.info\/index.php\/wp-json\/wp\/v2\/tags?post=169694"}],"curies":[{"name":"wp","href":"https:\/\/api.w.org\/{rel}","templated":true}]}}