{"id":169674,"date":"2025-09-27T15:00:00","date_gmt":"2025-09-27T15:00:00","guid":{"rendered":"https:\/\/cordobainforma.info\/index.php\/2025\/09\/27\/pato-rengo-que-dicen-las-ultimas-encuestas-sobre-milei-a-un-mes-de-las-elecciones\/"},"modified":"2025-09-27T15:00:00","modified_gmt":"2025-09-27T15:00:00","slug":"pato-rengo-que-dicen-las-ultimas-encuestas-sobre-milei-a-un-mes-de-las-elecciones","status":"publish","type":"post","link":"http:\/\/cordobainforma.info\/index.php\/2025\/09\/27\/pato-rengo-que-dicen-las-ultimas-encuestas-sobre-milei-a-un-mes-de-las-elecciones\/","title":{"rendered":"\u00bfPato rengo?: qu\u00e9 dicen las \u00faltimas encuestas sobre Milei a un mes de las elecciones"},"content":{"rendered":"<div class=\"media_block\"><\/div>\n<div><img src=\"http:\/\/cordobainforma.info\/wp-content\/uploads\/2025\/09\/pato-rengo-que-dicen-las-ultimas-encuestas-sobre-milei-a-un-mes-de-las-elecciones.jpg\" class=\"ff-og-image-inserted\"><\/div>\n<p>En 30 d\u00edas se celebrar\u00e1n las <strong>elecciones de medio t\u00e9rmino<\/strong>, 53 jornadas despu\u00e9s del rev\u00e9s que sufri\u00f3 el presidente <strong>Javier Milei<\/strong> con una derrota por 13,6 puntos porcentuales (pp) en la provincia de <strong>Buenos Aires (PBA)<\/strong>, que representa casi 40% del padr\u00f3n nacional. La amplitud de la victoria del <strong>panperonismo<\/strong> en ese distrito clave dej\u00f3 planteadas varias preguntas: \u00bfse trasladar\u00e1 a las tendencias nacionales como un \u201cefecto contagio\u201d? \u00bf<strong>La Libertad Avanza (LLA)<\/strong> puede revertirlo o, al menos, achicar la brecha y mantenerse competitiva a nivel pa\u00eds?<\/p>\n<p>Consultora <strong>Zentrix<\/strong>, quien aport\u00f3 una buena aproximaci\u00f3n relativa al resultado del 7 de septiembre en <strong>PBA<\/strong> e identific\u00f3 la tendencia ganadora del <strong>peronismo<\/strong>, relev\u00f3 de manera online del 10 al 20 de septiembre: report\u00f3 41,5% para <strong>Fuerza Patria<\/strong> vs. 35,4% para <strong>LLA<\/strong>. La brecha de 6,1 pp es n\u00edtida, si bien est\u00e1 en el l\u00edmite de la significatividad estad\u00edstica dado el error muestral de +-\/2,93%.<\/p>\n<p>Aunque falta un mes y hay 11,1% de indecisos, este escenario abre una ventana de potencial derrota para el <strong>gobierno nacional<\/strong> y complica los planes reeleccionistas de <strong>Milei<\/strong>, quien podr\u00eda convertirse en un \u201c<strong>pato rengo<\/strong>\u201d, es decir, un presidente debilitado en lo que le queda de mandato.<\/p>\n<p class=\"destacadoNota\"><a target=\"_blank\" href=\"https:\/\/www.perfil.com\/noticias\/cordoba\/llaryora-cordoba-nunca-defaulteo-y-se-proyecta-como-una-de-las-provincias-mas-dinamicas-e-integradas-al-mundo.phtml\" rel=\"noopener noreferrer\">Llaryora: \u00abC\u00f3rdoba nunca defaulte\u00f3 y se proyecta como una de las provincias m\u00e1s din\u00e1micas e integradas al mundo\u00bb<\/a><\/p>\n<p>En tanto, la consultora <strong>Reale-Dalla Torre (RDT)<\/strong> relev\u00f3 de manera digital del 10 al 15 de septiembre: el informe arroj\u00f3 36,4% para <strong>Fuerza Patria<\/strong> vs. 35% para <strong>LLA + aliados<\/strong>. La brecha de 1,4 pp a favor del <strong>panperonismo<\/strong> no resulta estad\u00edsticamente significativa, dado el error muestral de +\/-2,5%. En este caso, la competencia queda en <strong>empate t\u00e9cnico<\/strong>, pero la serie evolutiva grafica con claridad la trepada de <strong>Fuerza Patria<\/strong> (subi\u00f3 9,3 pp en s\u00f3lo un mes) y a la vez la pendiente descendente de <strong>LLA<\/strong>, que cedi\u00f3 4,6 pp entre febrero y agosto, y otros 3,4 pp entre ese mes y septiembre.<\/p>\n<p>El informe de <strong>RDT<\/strong> ensaya una aproximaci\u00f3n alternativa, que resulta m\u00e1s desfavorable a <strong>LLA<\/strong>: considerando el impacto electoral del \u201c<strong>esc\u00e1ndalo de los audios<\/strong>\u201d, el oficialismo lograr\u00eda retener una intenci\u00f3n de voto de 31,4%. Esa merma extra potencial de 3,6 pp lo dejar\u00eda cerca del umbral del 30%, en el mismo orden de magnitud del caudal que obtuvo en las <strong>PASO<\/strong> de agosto de 2023 y la primera vuelta de ese a\u00f1o.<\/p>\n<h2><strong>Audios que complican<\/strong><\/h2>\n<p>Con apenas matices, la \u00faltima medici\u00f3n online de <strong>Zuban C\u00f3rdoba &amp; Asociados<\/strong> report\u00f3 que las sospechas de <strong>corrupci\u00f3n<\/strong> que generaron los audios ubicar\u00edan a <strong>LLA<\/strong> con 34,3% de intenci\u00f3n de voto. Si bien en este caso no se relev\u00f3 de manera directa la proyecci\u00f3n de <strong>Fuerza Patria<\/strong>, situarse por debajo del umbral del 35% plantea nuevamente una situaci\u00f3n de riesgo y potencial derrota para el <strong>oficialismo<\/strong>.<\/p>\n<p class=\"destacadoNota\"><a target=\"_blank\" href=\"https:\/\/https:\/\/www.perfil.com\/noticias\/cordoba\/lo-ganadores-del-fugaz-plan-retenciones-cero-como-milei-y-caputo-puedes-ponerse-en-contra-al-campo.phtml\" rel=\"noopener noreferrer\">El campo enfurecido con Milei y Caputo: los ganadores del fugaz plan \u00abretenciones cero\u00bb<\/a><\/p>\n<p>En cambio, la \u00faltima medici\u00f3n digital de <strong>Atlas Intel<\/strong> report\u00f3 casi 40% para <strong>LLA<\/strong> vs. casi 36% para <strong>Fuerza Patria<\/strong>. La brecha de 4,2 pp favorable al <strong>oficialismo<\/strong> resulta estad\u00edsticamente significativa dado el error muestral de +\/-1%, pero se reduce 2,1 pp respecto de la medici\u00f3n de agosto, lo que perfila un panorama m\u00e1s competitivo. Asimismo, este informe arroja 3,1% de intenci\u00f3n de voto para el <strong>PRO<\/strong>, que es aliado de <strong>LLA<\/strong> en algunos distritos, pero va con lista propia en otros lo que plantea la inc\u00f3gnita de si esos puntos se sumar\u00e1n o no al sello violeta.<\/p>\n<h2><strong>La moneda en el aire<\/strong><\/h2>\n<p>Por su parte, <strong>Consultora Trends<\/strong> report\u00f3 una de cal y una de arena: por un lado, proyect\u00f3 42% para <strong>LLA<\/strong>, por encima de las mediciones anteriores; por otro, la intenci\u00f3n de voto de <strong>Fuerza Patria<\/strong> ascendi\u00f3 al 38%. La brecha favorable al <strong>oficialismo<\/strong> es de 4 pp, estad\u00edsticamente no significativa dado el error muestral de +\/-1,9%.<\/p>\n<p>El <strong>empate t\u00e9cnico<\/strong> deja la moneda en el aire: cualquiera de los dos frentes podr\u00eda ganar, a 30 d\u00edas de los comicios y con 7% de indecisos. El promedio de las tres mediciones comparables (que miden ambos frentes, sin el <strong>PRO<\/strong> aparte) arroja 38,6% para <strong>Fuerza Patria<\/strong> vs. 37,5% para <strong>LLA<\/strong>, una brecha de 1,1 pp estad\u00edsticamente no significativa.<\/p>\n<p>Sin embargo, la <strong>tendencia<\/strong> se perfila desfavorable para el <strong>oficialismo<\/strong>, por una serie de razones:<\/p>\n<ol>\n<li>El <strong>panperonismo<\/strong> se ubica en el mismo orden de magnitud del resultado obtenido en octubre de 2023 por <strong>Uni\u00f3n por la Patria<\/strong>, 37% de los votos.<\/li>\n<li>Tres mediciones (Zentrix, RDT y Zuban C\u00f3rdoba) ubican a <strong>LLA<\/strong> en la franja del 30% al 35% de la intenci\u00f3n de voto, no en la del 35%-40%.<\/li>\n<li>Para garantizarse una victoria en octubre, el <strong>oficialismo<\/strong> deber\u00eda superar el umbral del 40%, reeditando la performance de <strong>Cambiemos<\/strong> en 2017 en los cinco principales distritos.<\/li>\n<\/ol>\n<p>Analista de opini\u00f3n p\u00fablica y mercado<br \/>@berranorman<\/p>\n","protected":false},"excerpt":{"rendered":"<p>En 30 d\u00edas se celebrar\u00e1n las elecciones de medio t\u00e9rmino, 53 jornadas despu\u00e9s del rev\u00e9s que sufri\u00f3 el presidente Javier Milei con una derrota por 13,6 puntos porcentuales (pp) en la provincia de Buenos Aires (PBA), que representa casi 40% del padr\u00f3n nacional. La amplitud de la victoria del panperonismo en ese distrito clave dej\u00f3 [&hellip;]<\/p>\n","protected":false},"author":1,"featured_media":169675,"comment_status":"closed","ping_status":"closed","sticky":false,"template":"","format":"standard","meta":[],"categories":[2],"tags":[],"_links":{"self":[{"href":"http:\/\/cordobainforma.info\/index.php\/wp-json\/wp\/v2\/posts\/169674"}],"collection":[{"href":"http:\/\/cordobainforma.info\/index.php\/wp-json\/wp\/v2\/posts"}],"about":[{"href":"http:\/\/cordobainforma.info\/index.php\/wp-json\/wp\/v2\/types\/post"}],"author":[{"embeddable":true,"href":"http:\/\/cordobainforma.info\/index.php\/wp-json\/wp\/v2\/users\/1"}],"replies":[{"embeddable":true,"href":"http:\/\/cordobainforma.info\/index.php\/wp-json\/wp\/v2\/comments?post=169674"}],"version-history":[{"count":0,"href":"http:\/\/cordobainforma.info\/index.php\/wp-json\/wp\/v2\/posts\/169674\/revisions"}],"wp:featuredmedia":[{"embeddable":true,"href":"http:\/\/cordobainforma.info\/index.php\/wp-json\/wp\/v2\/media\/169675"}],"wp:attachment":[{"href":"http:\/\/cordobainforma.info\/index.php\/wp-json\/wp\/v2\/media?parent=169674"}],"wp:term":[{"taxonomy":"category","embeddable":true,"href":"http:\/\/cordobainforma.info\/index.php\/wp-json\/wp\/v2\/categories?post=169674"},{"taxonomy":"post_tag","embeddable":true,"href":"http:\/\/cordobainforma.info\/index.php\/wp-json\/wp\/v2\/tags?post=169674"}],"curies":[{"name":"wp","href":"https:\/\/api.w.org\/{rel}","templated":true}]}}